{"id":1298,"date":"2020-04-03T10:58:17","date_gmt":"2020-04-03T08:58:17","guid":{"rendered":"http:\/\/bglilienfeld.ac.at\/cms_wordpress\/?p=1298"},"modified":"2020-04-03T10:57:21","modified_gmt":"2020-04-03T08:57:21","slug":"4g-und-4r3-zu-gast-im-no-pressehaus","status":"publish","type":"post","link":"https:\/\/bglilienfeld.ac.at\/cms_wordpress\/2020\/04\/03\/4g-und-4r3-zu-gast-im-no-pressehaus\/","title":{"rendered":"4G und 4R3 zu Gast im N\u00d6 Pressehaus"},"content":{"rendered":"\n<p>Vor kurzem absolvierten die Sch\u00fclerinnen und Sch\u00fcler der 4G und 4R3 gemeinsam mit ihrer Deutschprofessorin im N\u00d6 Pressehaus in St. P\u00f6lten einen, von \u201eZeitung in der Schule\u201c angebotenen Zeitungsworkshop. In Stationen wurden interessante Arbeitsauftr\u00e4ge rund um die Zeitungswelt und den Medienkonsum der Jugendlichen bearbeitet, auch eine Station, bei der Interviews mit einem \u201eechten\u201c Mikrofon durchgef\u00fchrt werden konnten, gab es. Wenig verwunderlich, dass diese bei vielen den meisten Anklang fand. Im Anschluss an den zweist\u00fcndigen Stationenbetrieb standen uns dann die stellvertretende Chefredakteurin, Eva Hinterer, und Bernhard Schiesser, der das Ressort Sport leitet, Rede und Antwort.<\/p>\n\n\n\n<p>Dieses Interview war f\u00fcr uns sehr bereichernd, da wir einen interessanten Einblick in den Beruf des Journalisten bekommen haben und ein bisschen hinter die Kulissen einer Zeitung blicken konnten. Abschlie\u00dfend ernteten die Sch\u00fclerinnen und Sch\u00fclern von allen Erwachsenen gro\u00dfes Lob f\u00fcr ihr Engagement und vor allem auch f\u00fcr ihre Disziplin an diesem Vormittag.<\/p>\n\n\n\nngg_shortcode_0_placeholder\n","protected":false},"excerpt":{"rendered":"<p>Vor kurzem absolvierten die Sch\u00fclerinnen und Sch\u00fcler der 4G und 4R3 gemeinsam mit ihrer Deutschprofessorin im N\u00d6 Pressehaus in St. P\u00f6lten einen, von \u201eZeitung in der Schule\u201c angebotenen Zeitungsworkshop. In Stationen wurden interessante Arbeitsauftr\u00e4ge rund um die Zeitungswelt und den Medienkonsum der Jugendlichen bearbeitet, auch eine Station, bei der Interviews mit einem \u201eechten\u201c Mikrofon durchgef\u00fchrt werden konnten, gab es. Wenig &hellip; <a href=\"https:\/\/bglilienfeld.ac.at\/cms_wordpress\/2020\/04\/03\/4g-und-4r3-zu-gast-im-no-pressehaus\/\" class=\"more-link\">Continue reading<span class=\"screen-reader-text\"> &#8222;4G und 4R3 zu Gast im N\u00d6 Pressehaus&#8220;<\/span><\/a><\/p>\n","protected":false},"author":1,"featured_media":1299,"comment_status":"closed","ping_status":"closed","sticky":false,"template":"","format":"standard","meta":{"ngg_post_thumbnail":0,"footnotes":""},"categories":[10],"tags":[],"class_list":["post-1298","post","type-post","status-publish","format-standard","has-post-thumbnail","hentry","category-exkursionen"],"yoast_head":"<!-- This site is optimized with the Yoast SEO plugin v27.5 - https:\/\/yoast.com\/product\/yoast-seo-wordpress\/ -->\n<title>4G und 4R3 zu Gast im N\u00d6 Pressehaus - BG BRG Lilienfeld<\/title>\n<meta name=\"robots\" content=\"index, follow, max-snippet:-1, max-image-preview:large, max-video-preview:-1\" \/>\n<link rel=\"canonical\" href=\"https:\/\/bglilienfeld.ac.at\/cms_wordpress\/2020\/04\/03\/4g-und-4r3-zu-gast-im-no-pressehaus\/\" \/>\n<meta property=\"og:locale\" content=\"de_DE\" \/>\n<meta property=\"og:type\" content=\"article\" \/>\n<meta property=\"og:title\" content=\"4G und 4R3 zu Gast im N\u00d6 Pressehaus - BG BRG Lilienfeld\" \/>\n<meta property=\"og:description\" content=\"Vor kurzem absolvierten die Sch\u00fclerinnen und Sch\u00fcler der 4G und 4R3 gemeinsam mit ihrer Deutschprofessorin im N\u00d6 Pressehaus in St. P\u00f6lten einen, von \u201eZeitung in der Schule\u201c angebotenen Zeitungsworkshop. In Stationen wurden interessante Arbeitsauftr\u00e4ge rund um die Zeitungswelt und den Medienkonsum der Jugendlichen bearbeitet, auch eine Station, bei der Interviews mit einem \u201eechten\u201c Mikrofon durchgef\u00fchrt werden konnten, gab es. Wenig &hellip; Continue reading &quot;4G und 4R3 zu Gast im N\u00d6 Pressehaus&quot;\" \/>\n<meta property=\"og:url\" content=\"https:\/\/bglilienfeld.ac.at\/cms_wordpress\/2020\/04\/03\/4g-und-4r3-zu-gast-im-no-pressehaus\/\" \/>\n<meta property=\"og:site_name\" content=\"BG BRG Lilienfeld\" \/>\n<meta property=\"article:publisher\" content=\"https:\/\/facebook.com\/martin.komar.9081\" \/>\n<meta property=\"article:published_time\" content=\"2020-04-03T08:58:17+00:00\" \/>\n<meta property=\"og:image\" content=\"https:\/\/bglilienfeld.ac.at\/cms_wordpress\/wp-content\/uploads\/2020\/04\/ZIS-Vorschau.jpg\" \/>\n\t<meta property=\"og:image:width\" content=\"320\" \/>\n\t<meta property=\"og:image:height\" content=\"320\" \/>\n\t<meta property=\"og:image:type\" content=\"image\/jpeg\" \/>\n<meta name=\"author\" content=\"Administrator\" \/>\n<meta name=\"twitter:card\" content=\"summary_large_image\" \/>\n<meta name=\"twitter:label1\" content=\"Verfasst von\" \/>\n\t<meta name=\"twitter:data1\" content=\"Administrator\" \/>\n\t<meta name=\"twitter:label2\" content=\"Gesch\u00e4tzte Lesezeit\" \/>\n\t<meta name=\"twitter:data2\" content=\"1 Minute\" \/>\n<script type=\"application\/ld+json\" class=\"yoast-schema-graph\">{\"@context\":\"https:\\\/\\\/schema.org\",\"@graph\":[{\"@type\":\"Article\",\"@id\":\"https:\\\/\\\/bglilienfeld.ac.at\\\/cms_wordpress\\\/2020\\\/04\\\/03\\\/4g-und-4r3-zu-gast-im-no-pressehaus\\\/#article\",\"isPartOf\":{\"@id\":\"https:\\\/\\\/bglilienfeld.ac.at\\\/cms_wordpress\\\/2020\\\/04\\\/03\\\/4g-und-4r3-zu-gast-im-no-pressehaus\\\/\"},\"author\":{\"name\":\"Administrator\",\"@id\":\"https:\\\/\\\/bglilienfeld.ac.at\\\/cms_wordpress\\\/#\\\/schema\\\/person\\\/1fc3b0a4d15763b2861caab628f949d2\"},\"headline\":\"4G und 4R3 zu Gast im N\u00d6 Pressehaus\",\"datePublished\":\"2020-04-03T08:58:17+00:00\",\"mainEntityOfPage\":{\"@id\":\"https:\\\/\\\/bglilienfeld.ac.at\\\/cms_wordpress\\\/2020\\\/04\\\/03\\\/4g-und-4r3-zu-gast-im-no-pressehaus\\\/\"},\"wordCount\":177,\"image\":{\"@id\":\"https:\\\/\\\/bglilienfeld.ac.at\\\/cms_wordpress\\\/2020\\\/04\\\/03\\\/4g-und-4r3-zu-gast-im-no-pressehaus\\\/#primaryimage\"},\"thumbnailUrl\":\"https:\\\/\\\/bglilienfeld.ac.at\\\/cms_wordpress\\\/wp-content\\\/uploads\\\/2020\\\/04\\\/ZIS-Vorschau.jpg\",\"articleSection\":[\"Exkursionen und Projektwochen\"],\"inLanguage\":\"de-AT\"},{\"@type\":\"WebPage\",\"@id\":\"https:\\\/\\\/bglilienfeld.ac.at\\\/cms_wordpress\\\/2020\\\/04\\\/03\\\/4g-und-4r3-zu-gast-im-no-pressehaus\\\/\",\"url\":\"https:\\\/\\\/bglilienfeld.ac.at\\\/cms_wordpress\\\/2020\\\/04\\\/03\\\/4g-und-4r3-zu-gast-im-no-pressehaus\\\/\",\"name\":\"4G und 4R3 zu Gast im N\u00d6 Pressehaus - BG BRG Lilienfeld\",\"isPartOf\":{\"@id\":\"https:\\\/\\\/bglilienfeld.ac.at\\\/cms_wordpress\\\/#website\"},\"primaryImageOfPage\":{\"@id\":\"https:\\\/\\\/bglilienfeld.ac.at\\\/cms_wordpress\\\/2020\\\/04\\\/03\\\/4g-und-4r3-zu-gast-im-no-pressehaus\\\/#primaryimage\"},\"image\":{\"@id\":\"https:\\\/\\\/bglilienfeld.ac.at\\\/cms_wordpress\\\/2020\\\/04\\\/03\\\/4g-und-4r3-zu-gast-im-no-pressehaus\\\/#primaryimage\"},\"thumbnailUrl\":\"https:\\\/\\\/bglilienfeld.ac.at\\\/cms_wordpress\\\/wp-content\\\/uploads\\\/2020\\\/04\\\/ZIS-Vorschau.jpg\",\"datePublished\":\"2020-04-03T08:58:17+00:00\",\"author\":{\"@id\":\"https:\\\/\\\/bglilienfeld.ac.at\\\/cms_wordpress\\\/#\\\/schema\\\/person\\\/1fc3b0a4d15763b2861caab628f949d2\"},\"breadcrumb\":{\"@id\":\"https:\\\/\\\/bglilienfeld.ac.at\\\/cms_wordpress\\\/2020\\\/04\\\/03\\\/4g-und-4r3-zu-gast-im-no-pressehaus\\\/#breadcrumb\"},\"inLanguage\":\"de-AT\",\"potentialAction\":[{\"@type\":\"ReadAction\",\"target\":[\"https:\\\/\\\/bglilienfeld.ac.at\\\/cms_wordpress\\\/2020\\\/04\\\/03\\\/4g-und-4r3-zu-gast-im-no-pressehaus\\\/\"]}]},{\"@type\":\"ImageObject\",\"inLanguage\":\"de-AT\",\"@id\":\"https:\\\/\\\/bglilienfeld.ac.at\\\/cms_wordpress\\\/2020\\\/04\\\/03\\\/4g-und-4r3-zu-gast-im-no-pressehaus\\\/#primaryimage\",\"url\":\"https:\\\/\\\/bglilienfeld.ac.at\\\/cms_wordpress\\\/wp-content\\\/uploads\\\/2020\\\/04\\\/ZIS-Vorschau.jpg\",\"contentUrl\":\"https:\\\/\\\/bglilienfeld.ac.at\\\/cms_wordpress\\\/wp-content\\\/uploads\\\/2020\\\/04\\\/ZIS-Vorschau.jpg\",\"width\":320,\"height\":320},{\"@type\":\"BreadcrumbList\",\"@id\":\"https:\\\/\\\/bglilienfeld.ac.at\\\/cms_wordpress\\\/2020\\\/04\\\/03\\\/4g-und-4r3-zu-gast-im-no-pressehaus\\\/#breadcrumb\",\"itemListElement\":[{\"@type\":\"ListItem\",\"position\":1,\"name\":\"Startseite\",\"item\":\"https:\\\/\\\/bglilienfeld.ac.at\\\/cms_wordpress\\\/\"},{\"@type\":\"ListItem\",\"position\":2,\"name\":\"4G und 4R3 zu Gast im N\u00d6 Pressehaus\"}]},{\"@type\":\"WebSite\",\"@id\":\"https:\\\/\\\/bglilienfeld.ac.at\\\/cms_wordpress\\\/#website\",\"url\":\"https:\\\/\\\/bglilienfeld.ac.at\\\/cms_wordpress\\\/\",\"name\":\"BG BRG Lilienfeld\",\"description\":\"Der sinnvollste Zeitvertreib bis zum Wochenende\",\"potentialAction\":[{\"@type\":\"SearchAction\",\"target\":{\"@type\":\"EntryPoint\",\"urlTemplate\":\"https:\\\/\\\/bglilienfeld.ac.at\\\/cms_wordpress\\\/?s={search_term_string}\"},\"query-input\":{\"@type\":\"PropertyValueSpecification\",\"valueRequired\":true,\"valueName\":\"search_term_string\"}}],\"inLanguage\":\"de-AT\"},{\"@type\":\"Person\",\"@id\":\"https:\\\/\\\/bglilienfeld.ac.at\\\/cms_wordpress\\\/#\\\/schema\\\/person\\\/1fc3b0a4d15763b2861caab628f949d2\",\"name\":\"Administrator\",\"image\":{\"@type\":\"ImageObject\",\"inLanguage\":\"de-AT\",\"@id\":\"https:\\\/\\\/secure.gravatar.com\\\/avatar\\\/34b16fabf25b85f6dfca598572b49f1550123dcf6257a2b930d87eaa672d255c?s=96&d=mm&r=g\",\"url\":\"https:\\\/\\\/secure.gravatar.com\\\/avatar\\\/34b16fabf25b85f6dfca598572b49f1550123dcf6257a2b930d87eaa672d255c?s=96&d=mm&r=g\",\"contentUrl\":\"https:\\\/\\\/secure.gravatar.com\\\/avatar\\\/34b16fabf25b85f6dfca598572b49f1550123dcf6257a2b930d87eaa672d255c?s=96&d=mm&r=g\",\"caption\":\"Administrator\"},\"url\":\"https:\\\/\\\/bglilienfeld.ac.at\\\/cms_wordpress\\\/author\\\/administrator\\\/\"}]}<\/script>\n<!-- \/ Yoast SEO plugin. -->","yoast_head_json":{"title":"4G und 4R3 zu Gast im N\u00d6 Pressehaus - BG BRG Lilienfeld","robots":{"index":"index","follow":"follow","max-snippet":"max-snippet:-1","max-image-preview":"max-image-preview:large","max-video-preview":"max-video-preview:-1"},"canonical":"https:\/\/bglilienfeld.ac.at\/cms_wordpress\/2020\/04\/03\/4g-und-4r3-zu-gast-im-no-pressehaus\/","og_locale":"de_DE","og_type":"article","og_title":"4G und 4R3 zu Gast im N\u00d6 Pressehaus - BG BRG Lilienfeld","og_description":"Vor kurzem absolvierten die Sch\u00fclerinnen und Sch\u00fcler der 4G und 4R3 gemeinsam mit ihrer Deutschprofessorin im N\u00d6 Pressehaus in St. P\u00f6lten einen, von \u201eZeitung in der Schule\u201c angebotenen Zeitungsworkshop. In Stationen wurden interessante Arbeitsauftr\u00e4ge rund um die Zeitungswelt und den Medienkonsum der Jugendlichen bearbeitet, auch eine Station, bei der Interviews mit einem \u201eechten\u201c Mikrofon durchgef\u00fchrt werden konnten, gab es. Wenig &hellip; Continue reading \"4G und 4R3 zu Gast im N\u00d6 Pressehaus\"","og_url":"https:\/\/bglilienfeld.ac.at\/cms_wordpress\/2020\/04\/03\/4g-und-4r3-zu-gast-im-no-pressehaus\/","og_site_name":"BG BRG Lilienfeld","article_publisher":"https:\/\/facebook.com\/martin.komar.9081","article_published_time":"2020-04-03T08:58:17+00:00","og_image":[{"width":320,"height":320,"url":"https:\/\/bglilienfeld.ac.at\/cms_wordpress\/wp-content\/uploads\/2020\/04\/ZIS-Vorschau.jpg","type":"image\/jpeg"}],"author":"Administrator","twitter_card":"summary_large_image","twitter_misc":{"Verfasst von":"Administrator","Gesch\u00e4tzte Lesezeit":"1 Minute"},"schema":{"@context":"https:\/\/schema.org","@graph":[{"@type":"Article","@id":"https:\/\/bglilienfeld.ac.at\/cms_wordpress\/2020\/04\/03\/4g-und-4r3-zu-gast-im-no-pressehaus\/#article","isPartOf":{"@id":"https:\/\/bglilienfeld.ac.at\/cms_wordpress\/2020\/04\/03\/4g-und-4r3-zu-gast-im-no-pressehaus\/"},"author":{"name":"Administrator","@id":"https:\/\/bglilienfeld.ac.at\/cms_wordpress\/#\/schema\/person\/1fc3b0a4d15763b2861caab628f949d2"},"headline":"4G und 4R3 zu Gast im N\u00d6 Pressehaus","datePublished":"2020-04-03T08:58:17+00:00","mainEntityOfPage":{"@id":"https:\/\/bglilienfeld.ac.at\/cms_wordpress\/2020\/04\/03\/4g-und-4r3-zu-gast-im-no-pressehaus\/"},"wordCount":177,"image":{"@id":"https:\/\/bglilienfeld.ac.at\/cms_wordpress\/2020\/04\/03\/4g-und-4r3-zu-gast-im-no-pressehaus\/#primaryimage"},"thumbnailUrl":"https:\/\/bglilienfeld.ac.at\/cms_wordpress\/wp-content\/uploads\/2020\/04\/ZIS-Vorschau.jpg","articleSection":["Exkursionen und Projektwochen"],"inLanguage":"de-AT"},{"@type":"WebPage","@id":"https:\/\/bglilienfeld.ac.at\/cms_wordpress\/2020\/04\/03\/4g-und-4r3-zu-gast-im-no-pressehaus\/","url":"https:\/\/bglilienfeld.ac.at\/cms_wordpress\/2020\/04\/03\/4g-und-4r3-zu-gast-im-no-pressehaus\/","name":"4G und 4R3 zu Gast im N\u00d6 Pressehaus - BG BRG Lilienfeld","isPartOf":{"@id":"https:\/\/bglilienfeld.ac.at\/cms_wordpress\/#website"},"primaryImageOfPage":{"@id":"https:\/\/bglilienfeld.ac.at\/cms_wordpress\/2020\/04\/03\/4g-und-4r3-zu-gast-im-no-pressehaus\/#primaryimage"},"image":{"@id":"https:\/\/bglilienfeld.ac.at\/cms_wordpress\/2020\/04\/03\/4g-und-4r3-zu-gast-im-no-pressehaus\/#primaryimage"},"thumbnailUrl":"https:\/\/bglilienfeld.ac.at\/cms_wordpress\/wp-content\/uploads\/2020\/04\/ZIS-Vorschau.jpg","datePublished":"2020-04-03T08:58:17+00:00","author":{"@id":"https:\/\/bglilienfeld.ac.at\/cms_wordpress\/#\/schema\/person\/1fc3b0a4d15763b2861caab628f949d2"},"breadcrumb":{"@id":"https:\/\/bglilienfeld.ac.at\/cms_wordpress\/2020\/04\/03\/4g-und-4r3-zu-gast-im-no-pressehaus\/#breadcrumb"},"inLanguage":"de-AT","potentialAction":[{"@type":"ReadAction","target":["https:\/\/bglilienfeld.ac.at\/cms_wordpress\/2020\/04\/03\/4g-und-4r3-zu-gast-im-no-pressehaus\/"]}]},{"@type":"ImageObject","inLanguage":"de-AT","@id":"https:\/\/bglilienfeld.ac.at\/cms_wordpress\/2020\/04\/03\/4g-und-4r3-zu-gast-im-no-pressehaus\/#primaryimage","url":"https:\/\/bglilienfeld.ac.at\/cms_wordpress\/wp-content\/uploads\/2020\/04\/ZIS-Vorschau.jpg","contentUrl":"https:\/\/bglilienfeld.ac.at\/cms_wordpress\/wp-content\/uploads\/2020\/04\/ZIS-Vorschau.jpg","width":320,"height":320},{"@type":"BreadcrumbList","@id":"https:\/\/bglilienfeld.ac.at\/cms_wordpress\/2020\/04\/03\/4g-und-4r3-zu-gast-im-no-pressehaus\/#breadcrumb","itemListElement":[{"@type":"ListItem","position":1,"name":"Startseite","item":"https:\/\/bglilienfeld.ac.at\/cms_wordpress\/"},{"@type":"ListItem","position":2,"name":"4G und 4R3 zu Gast im N\u00d6 Pressehaus"}]},{"@type":"WebSite","@id":"https:\/\/bglilienfeld.ac.at\/cms_wordpress\/#website","url":"https:\/\/bglilienfeld.ac.at\/cms_wordpress\/","name":"BG BRG Lilienfeld","description":"Der sinnvollste Zeitvertreib bis zum Wochenende","potentialAction":[{"@type":"SearchAction","target":{"@type":"EntryPoint","urlTemplate":"https:\/\/bglilienfeld.ac.at\/cms_wordpress\/?s={search_term_string}"},"query-input":{"@type":"PropertyValueSpecification","valueRequired":true,"valueName":"search_term_string"}}],"inLanguage":"de-AT"},{"@type":"Person","@id":"https:\/\/bglilienfeld.ac.at\/cms_wordpress\/#\/schema\/person\/1fc3b0a4d15763b2861caab628f949d2","name":"Administrator","image":{"@type":"ImageObject","inLanguage":"de-AT","@id":"https:\/\/secure.gravatar.com\/avatar\/34b16fabf25b85f6dfca598572b49f1550123dcf6257a2b930d87eaa672d255c?s=96&d=mm&r=g","url":"https:\/\/secure.gravatar.com\/avatar\/34b16fabf25b85f6dfca598572b49f1550123dcf6257a2b930d87eaa672d255c?s=96&d=mm&r=g","contentUrl":"https:\/\/secure.gravatar.com\/avatar\/34b16fabf25b85f6dfca598572b49f1550123dcf6257a2b930d87eaa672d255c?s=96&d=mm&r=g","caption":"Administrator"},"url":"https:\/\/bglilienfeld.ac.at\/cms_wordpress\/author\/administrator\/"}]}},"_links":{"self":[{"href":"https:\/\/bglilienfeld.ac.at\/cms_wordpress\/wp-json\/wp\/v2\/posts\/1298","targetHints":{"allow":["GET"]}}],"collection":[{"href":"https:\/\/bglilienfeld.ac.at\/cms_wordpress\/wp-json\/wp\/v2\/posts"}],"about":[{"href":"https:\/\/bglilienfeld.ac.at\/cms_wordpress\/wp-json\/wp\/v2\/types\/post"}],"author":[{"embeddable":true,"href":"https:\/\/bglilienfeld.ac.at\/cms_wordpress\/wp-json\/wp\/v2\/users\/1"}],"replies":[{"embeddable":true,"href":"https:\/\/bglilienfeld.ac.at\/cms_wordpress\/wp-json\/wp\/v2\/comments?post=1298"}],"version-history":[{"count":0,"href":"https:\/\/bglilienfeld.ac.at\/cms_wordpress\/wp-json\/wp\/v2\/posts\/1298\/revisions"}],"wp:featuredmedia":[{"embeddable":true,"href":"https:\/\/bglilienfeld.ac.at\/cms_wordpress\/wp-json\/wp\/v2\/media\/1299"}],"wp:attachment":[{"href":"https:\/\/bglilienfeld.ac.at\/cms_wordpress\/wp-json\/wp\/v2\/media?parent=1298"}],"wp:term":[{"taxonomy":"category","embeddable":true,"href":"https:\/\/bglilienfeld.ac.at\/cms_wordpress\/wp-json\/wp\/v2\/categories?post=1298"},{"taxonomy":"post_tag","embeddable":true,"href":"https:\/\/bglilienfeld.ac.at\/cms_wordpress\/wp-json\/wp\/v2\/tags?post=1298"}],"curies":[{"name":"wp","href":"https:\/\/api.w.org\/{rel}","templated":true}]}}