{"id":2083,"date":"2021-12-03T17:10:01","date_gmt":"2021-12-03T16:10:01","guid":{"rendered":"https:\/\/bglilienfeld.ac.at\/cms_wordpress\/?p=2083"},"modified":"2021-12-03T17:13:27","modified_gmt":"2021-12-03T16:13:27","slug":"lets-talk-about-european-culture-adventkalender","status":"publish","type":"post","link":"https:\/\/bglilienfeld.ac.at\/cms_wordpress\/2021\/12\/03\/lets-talk-about-european-culture-adventkalender\/","title":{"rendered":"Let\u2019s talk about European culture \u2013 Adventkalender"},"content":{"rendered":"\n<p>Im Rahmen des eTwinning Projekts \u201eLet\u2019s talk about European culture\u201c, an dem die Sch\u00fcler*innen des Fachs Fit 4 politics (6. Klassen) teilnehmen, wurde mit unseren Partnern aus Frankreich (Amiens), Griechenland (Larissa) und Tschechien (Prag) ein elektronischer Adventkalender erstellt. Diesen findet ihr auf der Seite <a href=\"http:\/\/www.24days.eu\" target=\"_blank\" rel=\"noreferrer noopener\">www.24days.eu<\/a><\/p>\n\n\n\n<p>Viel Spa\u00df beim \u00d6ffnen der T\u00fcrchen!<\/p>\n","protected":false},"excerpt":{"rendered":"<p>Im Rahmen des eTwinning Projekts \u201eLet\u2019s talk about European culture\u201c, an dem die Sch\u00fcler*innen des Fachs Fit 4 politics (6. Klassen) teilnehmen, wurde mit unseren Partnern aus Frankreich (Amiens), Griechenland (Larissa) und Tschechien (Prag) ein elektronischer Adventkalender erstellt. Diesen findet ihr auf der Seite www.24days.eu Viel Spa\u00df beim \u00d6ffnen der T\u00fcrchen!<\/p>\n","protected":false},"author":1,"featured_media":2084,"comment_status":"closed","ping_status":"closed","sticky":false,"template":"","format":"standard","meta":{"ngg_post_thumbnail":0,"footnotes":""},"categories":[8,11],"tags":[],"class_list":["post-2083","post","type-post","status-publish","format-standard","has-post-thumbnail","hentry","category-kunst-und-kultur","category-sprachen"],"yoast_head":"<!-- This site is optimized with the Yoast SEO plugin v27.5 - https:\/\/yoast.com\/product\/yoast-seo-wordpress\/ -->\n<title>Let\u2019s talk about European culture \u2013 Adventkalender - BG BRG Lilienfeld<\/title>\n<meta name=\"robots\" content=\"index, follow, max-snippet:-1, max-image-preview:large, max-video-preview:-1\" \/>\n<link rel=\"canonical\" href=\"https:\/\/bglilienfeld.ac.at\/cms_wordpress\/2021\/12\/03\/lets-talk-about-european-culture-adventkalender\/\" \/>\n<meta property=\"og:locale\" content=\"de_DE\" \/>\n<meta property=\"og:type\" content=\"article\" \/>\n<meta property=\"og:title\" content=\"Let\u2019s talk about European culture \u2013 Adventkalender - BG BRG Lilienfeld\" \/>\n<meta property=\"og:description\" content=\"Im Rahmen des eTwinning Projekts \u201eLet\u2019s talk about European culture\u201c, an dem die Sch\u00fcler*innen des Fachs Fit 4 politics (6. Klassen) teilnehmen, wurde mit unseren Partnern aus Frankreich (Amiens), Griechenland (Larissa) und Tschechien (Prag) ein elektronischer Adventkalender erstellt. Diesen findet ihr auf der Seite www.24days.eu Viel Spa\u00df beim \u00d6ffnen der T\u00fcrchen!\" \/>\n<meta property=\"og:url\" content=\"https:\/\/bglilienfeld.ac.at\/cms_wordpress\/2021\/12\/03\/lets-talk-about-european-culture-adventkalender\/\" \/>\n<meta property=\"og:site_name\" content=\"BG BRG Lilienfeld\" \/>\n<meta property=\"article:publisher\" content=\"https:\/\/facebook.com\/martin.komar.9081\" \/>\n<meta property=\"article:published_time\" content=\"2021-12-03T16:10:01+00:00\" \/>\n<meta property=\"article:modified_time\" content=\"2021-12-03T16:13:27+00:00\" \/>\n<meta property=\"og:image\" content=\"https:\/\/bglilienfeld.ac.at\/cms_wordpress\/wp-content\/uploads\/2021\/12\/Adventkalender-2021-Vorschau-1.png\" \/>\n\t<meta property=\"og:image:width\" content=\"400\" \/>\n\t<meta property=\"og:image:height\" content=\"400\" \/>\n\t<meta property=\"og:image:type\" content=\"image\/png\" \/>\n<meta name=\"author\" content=\"Administrator\" \/>\n<meta name=\"twitter:card\" content=\"summary_large_image\" \/>\n<meta name=\"twitter:label1\" content=\"Verfasst von\" \/>\n\t<meta name=\"twitter:data1\" content=\"Administrator\" \/>\n<script type=\"application\/ld+json\" class=\"yoast-schema-graph\">{\"@context\":\"https:\\\/\\\/schema.org\",\"@graph\":[{\"@type\":\"Article\",\"@id\":\"https:\\\/\\\/bglilienfeld.ac.at\\\/cms_wordpress\\\/2021\\\/12\\\/03\\\/lets-talk-about-european-culture-adventkalender\\\/#article\",\"isPartOf\":{\"@id\":\"https:\\\/\\\/bglilienfeld.ac.at\\\/cms_wordpress\\\/2021\\\/12\\\/03\\\/lets-talk-about-european-culture-adventkalender\\\/\"},\"author\":{\"name\":\"Administrator\",\"@id\":\"https:\\\/\\\/bglilienfeld.ac.at\\\/cms_wordpress\\\/#\\\/schema\\\/person\\\/1fc3b0a4d15763b2861caab628f949d2\"},\"headline\":\"Let\u2019s talk about European culture \u2013 Adventkalender\",\"datePublished\":\"2021-12-03T16:10:01+00:00\",\"dateModified\":\"2021-12-03T16:13:27+00:00\",\"mainEntityOfPage\":{\"@id\":\"https:\\\/\\\/bglilienfeld.ac.at\\\/cms_wordpress\\\/2021\\\/12\\\/03\\\/lets-talk-about-european-culture-adventkalender\\\/\"},\"wordCount\":62,\"image\":{\"@id\":\"https:\\\/\\\/bglilienfeld.ac.at\\\/cms_wordpress\\\/2021\\\/12\\\/03\\\/lets-talk-about-european-culture-adventkalender\\\/#primaryimage\"},\"thumbnailUrl\":\"https:\\\/\\\/bglilienfeld.ac.at\\\/cms_wordpress\\\/wp-content\\\/uploads\\\/2021\\\/12\\\/Adventkalender-2021-Vorschau-1.png\",\"articleSection\":[\"Kunst und Kultur\",\"Sprachen\"],\"inLanguage\":\"de-AT\"},{\"@type\":\"WebPage\",\"@id\":\"https:\\\/\\\/bglilienfeld.ac.at\\\/cms_wordpress\\\/2021\\\/12\\\/03\\\/lets-talk-about-european-culture-adventkalender\\\/\",\"url\":\"https:\\\/\\\/bglilienfeld.ac.at\\\/cms_wordpress\\\/2021\\\/12\\\/03\\\/lets-talk-about-european-culture-adventkalender\\\/\",\"name\":\"Let\u2019s talk about European culture \u2013 Adventkalender - BG BRG Lilienfeld\",\"isPartOf\":{\"@id\":\"https:\\\/\\\/bglilienfeld.ac.at\\\/cms_wordpress\\\/#website\"},\"primaryImageOfPage\":{\"@id\":\"https:\\\/\\\/bglilienfeld.ac.at\\\/cms_wordpress\\\/2021\\\/12\\\/03\\\/lets-talk-about-european-culture-adventkalender\\\/#primaryimage\"},\"image\":{\"@id\":\"https:\\\/\\\/bglilienfeld.ac.at\\\/cms_wordpress\\\/2021\\\/12\\\/03\\\/lets-talk-about-european-culture-adventkalender\\\/#primaryimage\"},\"thumbnailUrl\":\"https:\\\/\\\/bglilienfeld.ac.at\\\/cms_wordpress\\\/wp-content\\\/uploads\\\/2021\\\/12\\\/Adventkalender-2021-Vorschau-1.png\",\"datePublished\":\"2021-12-03T16:10:01+00:00\",\"dateModified\":\"2021-12-03T16:13:27+00:00\",\"author\":{\"@id\":\"https:\\\/\\\/bglilienfeld.ac.at\\\/cms_wordpress\\\/#\\\/schema\\\/person\\\/1fc3b0a4d15763b2861caab628f949d2\"},\"breadcrumb\":{\"@id\":\"https:\\\/\\\/bglilienfeld.ac.at\\\/cms_wordpress\\\/2021\\\/12\\\/03\\\/lets-talk-about-european-culture-adventkalender\\\/#breadcrumb\"},\"inLanguage\":\"de-AT\",\"potentialAction\":[{\"@type\":\"ReadAction\",\"target\":[\"https:\\\/\\\/bglilienfeld.ac.at\\\/cms_wordpress\\\/2021\\\/12\\\/03\\\/lets-talk-about-european-culture-adventkalender\\\/\"]}]},{\"@type\":\"ImageObject\",\"inLanguage\":\"de-AT\",\"@id\":\"https:\\\/\\\/bglilienfeld.ac.at\\\/cms_wordpress\\\/2021\\\/12\\\/03\\\/lets-talk-about-european-culture-adventkalender\\\/#primaryimage\",\"url\":\"https:\\\/\\\/bglilienfeld.ac.at\\\/cms_wordpress\\\/wp-content\\\/uploads\\\/2021\\\/12\\\/Adventkalender-2021-Vorschau-1.png\",\"contentUrl\":\"https:\\\/\\\/bglilienfeld.ac.at\\\/cms_wordpress\\\/wp-content\\\/uploads\\\/2021\\\/12\\\/Adventkalender-2021-Vorschau-1.png\",\"width\":400,\"height\":400},{\"@type\":\"BreadcrumbList\",\"@id\":\"https:\\\/\\\/bglilienfeld.ac.at\\\/cms_wordpress\\\/2021\\\/12\\\/03\\\/lets-talk-about-european-culture-adventkalender\\\/#breadcrumb\",\"itemListElement\":[{\"@type\":\"ListItem\",\"position\":1,\"name\":\"Startseite\",\"item\":\"https:\\\/\\\/bglilienfeld.ac.at\\\/cms_wordpress\\\/\"},{\"@type\":\"ListItem\",\"position\":2,\"name\":\"Let\u2019s talk about European culture \u2013 Adventkalender\"}]},{\"@type\":\"WebSite\",\"@id\":\"https:\\\/\\\/bglilienfeld.ac.at\\\/cms_wordpress\\\/#website\",\"url\":\"https:\\\/\\\/bglilienfeld.ac.at\\\/cms_wordpress\\\/\",\"name\":\"BG BRG Lilienfeld\",\"description\":\"Der sinnvollste Zeitvertreib bis zum Wochenende\",\"potentialAction\":[{\"@type\":\"SearchAction\",\"target\":{\"@type\":\"EntryPoint\",\"urlTemplate\":\"https:\\\/\\\/bglilienfeld.ac.at\\\/cms_wordpress\\\/?s={search_term_string}\"},\"query-input\":{\"@type\":\"PropertyValueSpecification\",\"valueRequired\":true,\"valueName\":\"search_term_string\"}}],\"inLanguage\":\"de-AT\"},{\"@type\":\"Person\",\"@id\":\"https:\\\/\\\/bglilienfeld.ac.at\\\/cms_wordpress\\\/#\\\/schema\\\/person\\\/1fc3b0a4d15763b2861caab628f949d2\",\"name\":\"Administrator\",\"image\":{\"@type\":\"ImageObject\",\"inLanguage\":\"de-AT\",\"@id\":\"https:\\\/\\\/secure.gravatar.com\\\/avatar\\\/34b16fabf25b85f6dfca598572b49f1550123dcf6257a2b930d87eaa672d255c?s=96&d=mm&r=g\",\"url\":\"https:\\\/\\\/secure.gravatar.com\\\/avatar\\\/34b16fabf25b85f6dfca598572b49f1550123dcf6257a2b930d87eaa672d255c?s=96&d=mm&r=g\",\"contentUrl\":\"https:\\\/\\\/secure.gravatar.com\\\/avatar\\\/34b16fabf25b85f6dfca598572b49f1550123dcf6257a2b930d87eaa672d255c?s=96&d=mm&r=g\",\"caption\":\"Administrator\"},\"url\":\"https:\\\/\\\/bglilienfeld.ac.at\\\/cms_wordpress\\\/author\\\/administrator\\\/\"}]}<\/script>\n<!-- \/ Yoast SEO plugin. -->","yoast_head_json":{"title":"Let\u2019s talk about European culture \u2013 Adventkalender - BG BRG Lilienfeld","robots":{"index":"index","follow":"follow","max-snippet":"max-snippet:-1","max-image-preview":"max-image-preview:large","max-video-preview":"max-video-preview:-1"},"canonical":"https:\/\/bglilienfeld.ac.at\/cms_wordpress\/2021\/12\/03\/lets-talk-about-european-culture-adventkalender\/","og_locale":"de_DE","og_type":"article","og_title":"Let\u2019s talk about European culture \u2013 Adventkalender - BG BRG Lilienfeld","og_description":"Im Rahmen des eTwinning Projekts \u201eLet\u2019s talk about European culture\u201c, an dem die Sch\u00fcler*innen des Fachs Fit 4 politics (6. Klassen) teilnehmen, wurde mit unseren Partnern aus Frankreich (Amiens), Griechenland (Larissa) und Tschechien (Prag) ein elektronischer Adventkalender erstellt. Diesen findet ihr auf der Seite www.24days.eu Viel Spa\u00df beim \u00d6ffnen der T\u00fcrchen!","og_url":"https:\/\/bglilienfeld.ac.at\/cms_wordpress\/2021\/12\/03\/lets-talk-about-european-culture-adventkalender\/","og_site_name":"BG BRG Lilienfeld","article_publisher":"https:\/\/facebook.com\/martin.komar.9081","article_published_time":"2021-12-03T16:10:01+00:00","article_modified_time":"2021-12-03T16:13:27+00:00","og_image":[{"width":400,"height":400,"url":"https:\/\/bglilienfeld.ac.at\/cms_wordpress\/wp-content\/uploads\/2021\/12\/Adventkalender-2021-Vorschau-1.png","type":"image\/png"}],"author":"Administrator","twitter_card":"summary_large_image","twitter_misc":{"Verfasst von":"Administrator"},"schema":{"@context":"https:\/\/schema.org","@graph":[{"@type":"Article","@id":"https:\/\/bglilienfeld.ac.at\/cms_wordpress\/2021\/12\/03\/lets-talk-about-european-culture-adventkalender\/#article","isPartOf":{"@id":"https:\/\/bglilienfeld.ac.at\/cms_wordpress\/2021\/12\/03\/lets-talk-about-european-culture-adventkalender\/"},"author":{"name":"Administrator","@id":"https:\/\/bglilienfeld.ac.at\/cms_wordpress\/#\/schema\/person\/1fc3b0a4d15763b2861caab628f949d2"},"headline":"Let\u2019s talk about European culture \u2013 Adventkalender","datePublished":"2021-12-03T16:10:01+00:00","dateModified":"2021-12-03T16:13:27+00:00","mainEntityOfPage":{"@id":"https:\/\/bglilienfeld.ac.at\/cms_wordpress\/2021\/12\/03\/lets-talk-about-european-culture-adventkalender\/"},"wordCount":62,"image":{"@id":"https:\/\/bglilienfeld.ac.at\/cms_wordpress\/2021\/12\/03\/lets-talk-about-european-culture-adventkalender\/#primaryimage"},"thumbnailUrl":"https:\/\/bglilienfeld.ac.at\/cms_wordpress\/wp-content\/uploads\/2021\/12\/Adventkalender-2021-Vorschau-1.png","articleSection":["Kunst und Kultur","Sprachen"],"inLanguage":"de-AT"},{"@type":"WebPage","@id":"https:\/\/bglilienfeld.ac.at\/cms_wordpress\/2021\/12\/03\/lets-talk-about-european-culture-adventkalender\/","url":"https:\/\/bglilienfeld.ac.at\/cms_wordpress\/2021\/12\/03\/lets-talk-about-european-culture-adventkalender\/","name":"Let\u2019s talk about European culture \u2013 Adventkalender - BG BRG Lilienfeld","isPartOf":{"@id":"https:\/\/bglilienfeld.ac.at\/cms_wordpress\/#website"},"primaryImageOfPage":{"@id":"https:\/\/bglilienfeld.ac.at\/cms_wordpress\/2021\/12\/03\/lets-talk-about-european-culture-adventkalender\/#primaryimage"},"image":{"@id":"https:\/\/bglilienfeld.ac.at\/cms_wordpress\/2021\/12\/03\/lets-talk-about-european-culture-adventkalender\/#primaryimage"},"thumbnailUrl":"https:\/\/bglilienfeld.ac.at\/cms_wordpress\/wp-content\/uploads\/2021\/12\/Adventkalender-2021-Vorschau-1.png","datePublished":"2021-12-03T16:10:01+00:00","dateModified":"2021-12-03T16:13:27+00:00","author":{"@id":"https:\/\/bglilienfeld.ac.at\/cms_wordpress\/#\/schema\/person\/1fc3b0a4d15763b2861caab628f949d2"},"breadcrumb":{"@id":"https:\/\/bglilienfeld.ac.at\/cms_wordpress\/2021\/12\/03\/lets-talk-about-european-culture-adventkalender\/#breadcrumb"},"inLanguage":"de-AT","potentialAction":[{"@type":"ReadAction","target":["https:\/\/bglilienfeld.ac.at\/cms_wordpress\/2021\/12\/03\/lets-talk-about-european-culture-adventkalender\/"]}]},{"@type":"ImageObject","inLanguage":"de-AT","@id":"https:\/\/bglilienfeld.ac.at\/cms_wordpress\/2021\/12\/03\/lets-talk-about-european-culture-adventkalender\/#primaryimage","url":"https:\/\/bglilienfeld.ac.at\/cms_wordpress\/wp-content\/uploads\/2021\/12\/Adventkalender-2021-Vorschau-1.png","contentUrl":"https:\/\/bglilienfeld.ac.at\/cms_wordpress\/wp-content\/uploads\/2021\/12\/Adventkalender-2021-Vorschau-1.png","width":400,"height":400},{"@type":"BreadcrumbList","@id":"https:\/\/bglilienfeld.ac.at\/cms_wordpress\/2021\/12\/03\/lets-talk-about-european-culture-adventkalender\/#breadcrumb","itemListElement":[{"@type":"ListItem","position":1,"name":"Startseite","item":"https:\/\/bglilienfeld.ac.at\/cms_wordpress\/"},{"@type":"ListItem","position":2,"name":"Let\u2019s talk about European culture \u2013 Adventkalender"}]},{"@type":"WebSite","@id":"https:\/\/bglilienfeld.ac.at\/cms_wordpress\/#website","url":"https:\/\/bglilienfeld.ac.at\/cms_wordpress\/","name":"BG BRG Lilienfeld","description":"Der sinnvollste Zeitvertreib bis zum Wochenende","potentialAction":[{"@type":"SearchAction","target":{"@type":"EntryPoint","urlTemplate":"https:\/\/bglilienfeld.ac.at\/cms_wordpress\/?s={search_term_string}"},"query-input":{"@type":"PropertyValueSpecification","valueRequired":true,"valueName":"search_term_string"}}],"inLanguage":"de-AT"},{"@type":"Person","@id":"https:\/\/bglilienfeld.ac.at\/cms_wordpress\/#\/schema\/person\/1fc3b0a4d15763b2861caab628f949d2","name":"Administrator","image":{"@type":"ImageObject","inLanguage":"de-AT","@id":"https:\/\/secure.gravatar.com\/avatar\/34b16fabf25b85f6dfca598572b49f1550123dcf6257a2b930d87eaa672d255c?s=96&d=mm&r=g","url":"https:\/\/secure.gravatar.com\/avatar\/34b16fabf25b85f6dfca598572b49f1550123dcf6257a2b930d87eaa672d255c?s=96&d=mm&r=g","contentUrl":"https:\/\/secure.gravatar.com\/avatar\/34b16fabf25b85f6dfca598572b49f1550123dcf6257a2b930d87eaa672d255c?s=96&d=mm&r=g","caption":"Administrator"},"url":"https:\/\/bglilienfeld.ac.at\/cms_wordpress\/author\/administrator\/"}]}},"_links":{"self":[{"href":"https:\/\/bglilienfeld.ac.at\/cms_wordpress\/wp-json\/wp\/v2\/posts\/2083","targetHints":{"allow":["GET"]}}],"collection":[{"href":"https:\/\/bglilienfeld.ac.at\/cms_wordpress\/wp-json\/wp\/v2\/posts"}],"about":[{"href":"https:\/\/bglilienfeld.ac.at\/cms_wordpress\/wp-json\/wp\/v2\/types\/post"}],"author":[{"embeddable":true,"href":"https:\/\/bglilienfeld.ac.at\/cms_wordpress\/wp-json\/wp\/v2\/users\/1"}],"replies":[{"embeddable":true,"href":"https:\/\/bglilienfeld.ac.at\/cms_wordpress\/wp-json\/wp\/v2\/comments?post=2083"}],"version-history":[{"count":4,"href":"https:\/\/bglilienfeld.ac.at\/cms_wordpress\/wp-json\/wp\/v2\/posts\/2083\/revisions"}],"predecessor-version":[{"id":2088,"href":"https:\/\/bglilienfeld.ac.at\/cms_wordpress\/wp-json\/wp\/v2\/posts\/2083\/revisions\/2088"}],"wp:featuredmedia":[{"embeddable":true,"href":"https:\/\/bglilienfeld.ac.at\/cms_wordpress\/wp-json\/wp\/v2\/media\/2084"}],"wp:attachment":[{"href":"https:\/\/bglilienfeld.ac.at\/cms_wordpress\/wp-json\/wp\/v2\/media?parent=2083"}],"wp:term":[{"taxonomy":"category","embeddable":true,"href":"https:\/\/bglilienfeld.ac.at\/cms_wordpress\/wp-json\/wp\/v2\/categories?post=2083"},{"taxonomy":"post_tag","embeddable":true,"href":"https:\/\/bglilienfeld.ac.at\/cms_wordpress\/wp-json\/wp\/v2\/tags?post=2083"}],"curies":[{"name":"wp","href":"https:\/\/api.w.org\/{rel}","templated":true}]}}