{"id":2089,"date":"2021-12-07T17:26:11","date_gmt":"2021-12-07T16:26:11","guid":{"rendered":"https:\/\/bglilienfeld.ac.at\/cms_wordpress\/?p=2089"},"modified":"2021-12-07T17:28:38","modified_gmt":"2021-12-07T16:28:38","slug":"autorenlesung-von-elias-hirschl","status":"publish","type":"post","link":"https:\/\/bglilienfeld.ac.at\/cms_wordpress\/2021\/12\/07\/autorenlesung-von-elias-hirschl\/","title":{"rendered":"Autorenlesung von Elias Hirschl"},"content":{"rendered":"\n<p>Anl\u00e4sslich der Ver\u00f6ffentlichung seines satirischen Romans <em>Salonf\u00e4hig<\/em> luden wir heuer den jungen \u00f6sterreichischen Autor Elias Hirschl zu einer Lesung f\u00fcr die Oberstufe in unseren Kaisersaal ein.<\/p>\n\n\n\n<div class=\"wp-block-image is-style-default\"><figure class=\"aligncenter size-large is-resized\"><img decoding=\"async\" data-src=\"https:\/\/bglilienfeld.ac.at\/cms_wordpress\/wp-content\/uploads\/2021\/12\/Hirsch-Lesung-2.jpg\" alt=\"\" class=\"wp-image-2094 lazyload\" width=\"400\" height=\"213\" src=\"data:image\/svg+xml;base64,PHN2ZyB3aWR0aD0iMSIgaGVpZ2h0PSIxIiB4bWxucz0iaHR0cDovL3d3dy53My5vcmcvMjAwMC9zdmciPjwvc3ZnPg==\" style=\"--smush-placeholder-width: 400px; --smush-placeholder-aspect-ratio: 400\/213;\" \/><\/figure><\/div>\n\n\n\n<p>Der Wiener Autor, Musiker und Spoken Word-K\u00fcnstler erzielte bereits beachtliche Erfolge im \u201ePoetry Slam\u201c, wo er 2014 den ersten Platz im \u00d6sterreich-Wettbewerb und 2015 den dritten Platz bei den Europameisterschaften erzielte, nahm 2011 mit seiner Band <em>hirschl <\/em>am FM4 Protestsongcontest teil, schreibt seit 2020 f\u00fcr den FM4 Comedy-Podcast <em>Das magische Auge <\/em>und wurde im November zum neuen Stadtschreiber f\u00fcr Dortmund gew\u00e4hlt.<\/p>\n\n\n\n<p>Bei seiner Lesung gab Elias Hirschl einige sprachspielerische Poetry Slam-Texte und Ausz\u00fcge aus seinem vierten Roman <em>Salonf\u00e4hig<\/em> zum Besten. Im Anschluss begleitete er noch die 6as in unser neues Schulfach <em>Atelier Sprache<\/em>, wo sich die Sch\u00fcler*innen mit dem Autor zwanglos \u00fcber eigene Schreibversuche, seine Erfahrungen mit verschiedenen Verlagen, Tipps zum Ver\u00f6ffentlichen eigener Texte und nochmals \u00fcber seinen neuen Roman austauschten.<\/p>\n\n\n\n<p>Wir danken Elias Hirschl f\u00fcr seine abwechslungsreiche Lesung und w\u00fcnschen ihm weiterhin viel Erfolg!<\/p>\n\n\n\n<p><\/p>\n\n\n\n<p><\/p>\n","protected":false},"excerpt":{"rendered":"<p>Anl\u00e4sslich der Ver\u00f6ffentlichung seines satirischen Romans Salonf\u00e4hig luden wir heuer den jungen \u00f6sterreichischen Autor Elias Hirschl zu einer Lesung f\u00fcr die Oberstufe in unseren Kaisersaal ein. Der Wiener Autor, Musiker und Spoken Word-K\u00fcnstler erzielte bereits beachtliche Erfolge im \u201ePoetry Slam\u201c, wo er 2014 den ersten Platz im \u00d6sterreich-Wettbewerb und 2015 den dritten Platz bei den Europameisterschaften erzielte, nahm 2011 mit &hellip; <a href=\"https:\/\/bglilienfeld.ac.at\/cms_wordpress\/2021\/12\/07\/autorenlesung-von-elias-hirschl\/\" class=\"more-link\">Continue reading<span class=\"screen-reader-text\"> &#8222;Autorenlesung von Elias Hirschl&#8220;<\/span><\/a><\/p>\n","protected":false},"author":1,"featured_media":2093,"comment_status":"closed","ping_status":"closed","sticky":false,"template":"","format":"standard","meta":{"ngg_post_thumbnail":0,"footnotes":""},"categories":[8,11],"tags":[],"class_list":["post-2089","post","type-post","status-publish","format-standard","has-post-thumbnail","hentry","category-kunst-und-kultur","category-sprachen"],"yoast_head":"<!-- This site is optimized with the Yoast SEO plugin v27.5 - https:\/\/yoast.com\/product\/yoast-seo-wordpress\/ -->\n<title>Autorenlesung von Elias Hirschl - BG BRG Lilienfeld<\/title>\n<meta name=\"robots\" content=\"index, follow, max-snippet:-1, max-image-preview:large, max-video-preview:-1\" \/>\n<link rel=\"canonical\" href=\"https:\/\/bglilienfeld.ac.at\/cms_wordpress\/2021\/12\/07\/autorenlesung-von-elias-hirschl\/\" \/>\n<meta property=\"og:locale\" content=\"de_DE\" \/>\n<meta property=\"og:type\" content=\"article\" \/>\n<meta property=\"og:title\" content=\"Autorenlesung von Elias Hirschl - BG BRG Lilienfeld\" \/>\n<meta property=\"og:description\" content=\"Anl\u00e4sslich der Ver\u00f6ffentlichung seines satirischen Romans Salonf\u00e4hig luden wir heuer den jungen \u00f6sterreichischen Autor Elias Hirschl zu einer Lesung f\u00fcr die Oberstufe in unseren Kaisersaal ein. Der Wiener Autor, Musiker und Spoken Word-K\u00fcnstler erzielte bereits beachtliche Erfolge im \u201ePoetry Slam\u201c, wo er 2014 den ersten Platz im \u00d6sterreich-Wettbewerb und 2015 den dritten Platz bei den Europameisterschaften erzielte, nahm 2011 mit &hellip; Continue reading &quot;Autorenlesung von Elias Hirschl&quot;\" \/>\n<meta property=\"og:url\" content=\"https:\/\/bglilienfeld.ac.at\/cms_wordpress\/2021\/12\/07\/autorenlesung-von-elias-hirschl\/\" \/>\n<meta property=\"og:site_name\" content=\"BG BRG Lilienfeld\" \/>\n<meta property=\"article:publisher\" content=\"https:\/\/facebook.com\/martin.komar.9081\" \/>\n<meta property=\"article:published_time\" content=\"2021-12-07T16:26:11+00:00\" \/>\n<meta property=\"article:modified_time\" content=\"2021-12-07T16:28:38+00:00\" \/>\n<meta property=\"og:image\" content=\"https:\/\/bglilienfeld.ac.at\/cms_wordpress\/wp-content\/uploads\/2021\/12\/Hirschl-Lesung-Vorschau-1.jpg\" \/>\n\t<meta property=\"og:image:width\" content=\"400\" \/>\n\t<meta property=\"og:image:height\" content=\"400\" \/>\n\t<meta property=\"og:image:type\" content=\"image\/jpeg\" \/>\n<meta name=\"author\" content=\"Administrator\" \/>\n<meta name=\"twitter:card\" content=\"summary_large_image\" \/>\n<meta name=\"twitter:label1\" content=\"Verfasst von\" \/>\n\t<meta name=\"twitter:data1\" content=\"Administrator\" \/>\n\t<meta name=\"twitter:label2\" content=\"Gesch\u00e4tzte Lesezeit\" \/>\n\t<meta name=\"twitter:data2\" content=\"1 Minute\" \/>\n<script type=\"application\/ld+json\" class=\"yoast-schema-graph\">{\"@context\":\"https:\\\/\\\/schema.org\",\"@graph\":[{\"@type\":\"Article\",\"@id\":\"https:\\\/\\\/bglilienfeld.ac.at\\\/cms_wordpress\\\/2021\\\/12\\\/07\\\/autorenlesung-von-elias-hirschl\\\/#article\",\"isPartOf\":{\"@id\":\"https:\\\/\\\/bglilienfeld.ac.at\\\/cms_wordpress\\\/2021\\\/12\\\/07\\\/autorenlesung-von-elias-hirschl\\\/\"},\"author\":{\"name\":\"Administrator\",\"@id\":\"https:\\\/\\\/bglilienfeld.ac.at\\\/cms_wordpress\\\/#\\\/schema\\\/person\\\/1fc3b0a4d15763b2861caab628f949d2\"},\"headline\":\"Autorenlesung von Elias Hirschl\",\"datePublished\":\"2021-12-07T16:26:11+00:00\",\"dateModified\":\"2021-12-07T16:28:38+00:00\",\"mainEntityOfPage\":{\"@id\":\"https:\\\/\\\/bglilienfeld.ac.at\\\/cms_wordpress\\\/2021\\\/12\\\/07\\\/autorenlesung-von-elias-hirschl\\\/\"},\"wordCount\":176,\"image\":{\"@id\":\"https:\\\/\\\/bglilienfeld.ac.at\\\/cms_wordpress\\\/2021\\\/12\\\/07\\\/autorenlesung-von-elias-hirschl\\\/#primaryimage\"},\"thumbnailUrl\":\"https:\\\/\\\/bglilienfeld.ac.at\\\/cms_wordpress\\\/wp-content\\\/uploads\\\/2021\\\/12\\\/Hirschl-Lesung-Vorschau-1.jpg\",\"articleSection\":[\"Kunst und Kultur\",\"Sprachen\"],\"inLanguage\":\"de-AT\"},{\"@type\":\"WebPage\",\"@id\":\"https:\\\/\\\/bglilienfeld.ac.at\\\/cms_wordpress\\\/2021\\\/12\\\/07\\\/autorenlesung-von-elias-hirschl\\\/\",\"url\":\"https:\\\/\\\/bglilienfeld.ac.at\\\/cms_wordpress\\\/2021\\\/12\\\/07\\\/autorenlesung-von-elias-hirschl\\\/\",\"name\":\"Autorenlesung von Elias Hirschl - BG BRG Lilienfeld\",\"isPartOf\":{\"@id\":\"https:\\\/\\\/bglilienfeld.ac.at\\\/cms_wordpress\\\/#website\"},\"primaryImageOfPage\":{\"@id\":\"https:\\\/\\\/bglilienfeld.ac.at\\\/cms_wordpress\\\/2021\\\/12\\\/07\\\/autorenlesung-von-elias-hirschl\\\/#primaryimage\"},\"image\":{\"@id\":\"https:\\\/\\\/bglilienfeld.ac.at\\\/cms_wordpress\\\/2021\\\/12\\\/07\\\/autorenlesung-von-elias-hirschl\\\/#primaryimage\"},\"thumbnailUrl\":\"https:\\\/\\\/bglilienfeld.ac.at\\\/cms_wordpress\\\/wp-content\\\/uploads\\\/2021\\\/12\\\/Hirschl-Lesung-Vorschau-1.jpg\",\"datePublished\":\"2021-12-07T16:26:11+00:00\",\"dateModified\":\"2021-12-07T16:28:38+00:00\",\"author\":{\"@id\":\"https:\\\/\\\/bglilienfeld.ac.at\\\/cms_wordpress\\\/#\\\/schema\\\/person\\\/1fc3b0a4d15763b2861caab628f949d2\"},\"breadcrumb\":{\"@id\":\"https:\\\/\\\/bglilienfeld.ac.at\\\/cms_wordpress\\\/2021\\\/12\\\/07\\\/autorenlesung-von-elias-hirschl\\\/#breadcrumb\"},\"inLanguage\":\"de-AT\",\"potentialAction\":[{\"@type\":\"ReadAction\",\"target\":[\"https:\\\/\\\/bglilienfeld.ac.at\\\/cms_wordpress\\\/2021\\\/12\\\/07\\\/autorenlesung-von-elias-hirschl\\\/\"]}]},{\"@type\":\"ImageObject\",\"inLanguage\":\"de-AT\",\"@id\":\"https:\\\/\\\/bglilienfeld.ac.at\\\/cms_wordpress\\\/2021\\\/12\\\/07\\\/autorenlesung-von-elias-hirschl\\\/#primaryimage\",\"url\":\"https:\\\/\\\/bglilienfeld.ac.at\\\/cms_wordpress\\\/wp-content\\\/uploads\\\/2021\\\/12\\\/Hirschl-Lesung-Vorschau-1.jpg\",\"contentUrl\":\"https:\\\/\\\/bglilienfeld.ac.at\\\/cms_wordpress\\\/wp-content\\\/uploads\\\/2021\\\/12\\\/Hirschl-Lesung-Vorschau-1.jpg\",\"width\":400,\"height\":400},{\"@type\":\"BreadcrumbList\",\"@id\":\"https:\\\/\\\/bglilienfeld.ac.at\\\/cms_wordpress\\\/2021\\\/12\\\/07\\\/autorenlesung-von-elias-hirschl\\\/#breadcrumb\",\"itemListElement\":[{\"@type\":\"ListItem\",\"position\":1,\"name\":\"Startseite\",\"item\":\"https:\\\/\\\/bglilienfeld.ac.at\\\/cms_wordpress\\\/\"},{\"@type\":\"ListItem\",\"position\":2,\"name\":\"Autorenlesung von Elias Hirschl\"}]},{\"@type\":\"WebSite\",\"@id\":\"https:\\\/\\\/bglilienfeld.ac.at\\\/cms_wordpress\\\/#website\",\"url\":\"https:\\\/\\\/bglilienfeld.ac.at\\\/cms_wordpress\\\/\",\"name\":\"BG BRG Lilienfeld\",\"description\":\"Der sinnvollste Zeitvertreib bis zum Wochenende\",\"potentialAction\":[{\"@type\":\"SearchAction\",\"target\":{\"@type\":\"EntryPoint\",\"urlTemplate\":\"https:\\\/\\\/bglilienfeld.ac.at\\\/cms_wordpress\\\/?s={search_term_string}\"},\"query-input\":{\"@type\":\"PropertyValueSpecification\",\"valueRequired\":true,\"valueName\":\"search_term_string\"}}],\"inLanguage\":\"de-AT\"},{\"@type\":\"Person\",\"@id\":\"https:\\\/\\\/bglilienfeld.ac.at\\\/cms_wordpress\\\/#\\\/schema\\\/person\\\/1fc3b0a4d15763b2861caab628f949d2\",\"name\":\"Administrator\",\"image\":{\"@type\":\"ImageObject\",\"inLanguage\":\"de-AT\",\"@id\":\"https:\\\/\\\/secure.gravatar.com\\\/avatar\\\/34b16fabf25b85f6dfca598572b49f1550123dcf6257a2b930d87eaa672d255c?s=96&d=mm&r=g\",\"url\":\"https:\\\/\\\/secure.gravatar.com\\\/avatar\\\/34b16fabf25b85f6dfca598572b49f1550123dcf6257a2b930d87eaa672d255c?s=96&d=mm&r=g\",\"contentUrl\":\"https:\\\/\\\/secure.gravatar.com\\\/avatar\\\/34b16fabf25b85f6dfca598572b49f1550123dcf6257a2b930d87eaa672d255c?s=96&d=mm&r=g\",\"caption\":\"Administrator\"},\"url\":\"https:\\\/\\\/bglilienfeld.ac.at\\\/cms_wordpress\\\/author\\\/administrator\\\/\"}]}<\/script>\n<!-- \/ Yoast SEO plugin. -->","yoast_head_json":{"title":"Autorenlesung von Elias Hirschl - BG BRG Lilienfeld","robots":{"index":"index","follow":"follow","max-snippet":"max-snippet:-1","max-image-preview":"max-image-preview:large","max-video-preview":"max-video-preview:-1"},"canonical":"https:\/\/bglilienfeld.ac.at\/cms_wordpress\/2021\/12\/07\/autorenlesung-von-elias-hirschl\/","og_locale":"de_DE","og_type":"article","og_title":"Autorenlesung von Elias Hirschl - BG BRG Lilienfeld","og_description":"Anl\u00e4sslich der Ver\u00f6ffentlichung seines satirischen Romans Salonf\u00e4hig luden wir heuer den jungen \u00f6sterreichischen Autor Elias Hirschl zu einer Lesung f\u00fcr die Oberstufe in unseren Kaisersaal ein. Der Wiener Autor, Musiker und Spoken Word-K\u00fcnstler erzielte bereits beachtliche Erfolge im \u201ePoetry Slam\u201c, wo er 2014 den ersten Platz im \u00d6sterreich-Wettbewerb und 2015 den dritten Platz bei den Europameisterschaften erzielte, nahm 2011 mit &hellip; Continue reading \"Autorenlesung von Elias Hirschl\"","og_url":"https:\/\/bglilienfeld.ac.at\/cms_wordpress\/2021\/12\/07\/autorenlesung-von-elias-hirschl\/","og_site_name":"BG BRG Lilienfeld","article_publisher":"https:\/\/facebook.com\/martin.komar.9081","article_published_time":"2021-12-07T16:26:11+00:00","article_modified_time":"2021-12-07T16:28:38+00:00","og_image":[{"width":400,"height":400,"url":"https:\/\/bglilienfeld.ac.at\/cms_wordpress\/wp-content\/uploads\/2021\/12\/Hirschl-Lesung-Vorschau-1.jpg","type":"image\/jpeg"}],"author":"Administrator","twitter_card":"summary_large_image","twitter_misc":{"Verfasst von":"Administrator","Gesch\u00e4tzte Lesezeit":"1 Minute"},"schema":{"@context":"https:\/\/schema.org","@graph":[{"@type":"Article","@id":"https:\/\/bglilienfeld.ac.at\/cms_wordpress\/2021\/12\/07\/autorenlesung-von-elias-hirschl\/#article","isPartOf":{"@id":"https:\/\/bglilienfeld.ac.at\/cms_wordpress\/2021\/12\/07\/autorenlesung-von-elias-hirschl\/"},"author":{"name":"Administrator","@id":"https:\/\/bglilienfeld.ac.at\/cms_wordpress\/#\/schema\/person\/1fc3b0a4d15763b2861caab628f949d2"},"headline":"Autorenlesung von Elias Hirschl","datePublished":"2021-12-07T16:26:11+00:00","dateModified":"2021-12-07T16:28:38+00:00","mainEntityOfPage":{"@id":"https:\/\/bglilienfeld.ac.at\/cms_wordpress\/2021\/12\/07\/autorenlesung-von-elias-hirschl\/"},"wordCount":176,"image":{"@id":"https:\/\/bglilienfeld.ac.at\/cms_wordpress\/2021\/12\/07\/autorenlesung-von-elias-hirschl\/#primaryimage"},"thumbnailUrl":"https:\/\/bglilienfeld.ac.at\/cms_wordpress\/wp-content\/uploads\/2021\/12\/Hirschl-Lesung-Vorschau-1.jpg","articleSection":["Kunst und Kultur","Sprachen"],"inLanguage":"de-AT"},{"@type":"WebPage","@id":"https:\/\/bglilienfeld.ac.at\/cms_wordpress\/2021\/12\/07\/autorenlesung-von-elias-hirschl\/","url":"https:\/\/bglilienfeld.ac.at\/cms_wordpress\/2021\/12\/07\/autorenlesung-von-elias-hirschl\/","name":"Autorenlesung von Elias Hirschl - BG BRG Lilienfeld","isPartOf":{"@id":"https:\/\/bglilienfeld.ac.at\/cms_wordpress\/#website"},"primaryImageOfPage":{"@id":"https:\/\/bglilienfeld.ac.at\/cms_wordpress\/2021\/12\/07\/autorenlesung-von-elias-hirschl\/#primaryimage"},"image":{"@id":"https:\/\/bglilienfeld.ac.at\/cms_wordpress\/2021\/12\/07\/autorenlesung-von-elias-hirschl\/#primaryimage"},"thumbnailUrl":"https:\/\/bglilienfeld.ac.at\/cms_wordpress\/wp-content\/uploads\/2021\/12\/Hirschl-Lesung-Vorschau-1.jpg","datePublished":"2021-12-07T16:26:11+00:00","dateModified":"2021-12-07T16:28:38+00:00","author":{"@id":"https:\/\/bglilienfeld.ac.at\/cms_wordpress\/#\/schema\/person\/1fc3b0a4d15763b2861caab628f949d2"},"breadcrumb":{"@id":"https:\/\/bglilienfeld.ac.at\/cms_wordpress\/2021\/12\/07\/autorenlesung-von-elias-hirschl\/#breadcrumb"},"inLanguage":"de-AT","potentialAction":[{"@type":"ReadAction","target":["https:\/\/bglilienfeld.ac.at\/cms_wordpress\/2021\/12\/07\/autorenlesung-von-elias-hirschl\/"]}]},{"@type":"ImageObject","inLanguage":"de-AT","@id":"https:\/\/bglilienfeld.ac.at\/cms_wordpress\/2021\/12\/07\/autorenlesung-von-elias-hirschl\/#primaryimage","url":"https:\/\/bglilienfeld.ac.at\/cms_wordpress\/wp-content\/uploads\/2021\/12\/Hirschl-Lesung-Vorschau-1.jpg","contentUrl":"https:\/\/bglilienfeld.ac.at\/cms_wordpress\/wp-content\/uploads\/2021\/12\/Hirschl-Lesung-Vorschau-1.jpg","width":400,"height":400},{"@type":"BreadcrumbList","@id":"https:\/\/bglilienfeld.ac.at\/cms_wordpress\/2021\/12\/07\/autorenlesung-von-elias-hirschl\/#breadcrumb","itemListElement":[{"@type":"ListItem","position":1,"name":"Startseite","item":"https:\/\/bglilienfeld.ac.at\/cms_wordpress\/"},{"@type":"ListItem","position":2,"name":"Autorenlesung von Elias Hirschl"}]},{"@type":"WebSite","@id":"https:\/\/bglilienfeld.ac.at\/cms_wordpress\/#website","url":"https:\/\/bglilienfeld.ac.at\/cms_wordpress\/","name":"BG BRG Lilienfeld","description":"Der sinnvollste Zeitvertreib bis zum Wochenende","potentialAction":[{"@type":"SearchAction","target":{"@type":"EntryPoint","urlTemplate":"https:\/\/bglilienfeld.ac.at\/cms_wordpress\/?s={search_term_string}"},"query-input":{"@type":"PropertyValueSpecification","valueRequired":true,"valueName":"search_term_string"}}],"inLanguage":"de-AT"},{"@type":"Person","@id":"https:\/\/bglilienfeld.ac.at\/cms_wordpress\/#\/schema\/person\/1fc3b0a4d15763b2861caab628f949d2","name":"Administrator","image":{"@type":"ImageObject","inLanguage":"de-AT","@id":"https:\/\/secure.gravatar.com\/avatar\/34b16fabf25b85f6dfca598572b49f1550123dcf6257a2b930d87eaa672d255c?s=96&d=mm&r=g","url":"https:\/\/secure.gravatar.com\/avatar\/34b16fabf25b85f6dfca598572b49f1550123dcf6257a2b930d87eaa672d255c?s=96&d=mm&r=g","contentUrl":"https:\/\/secure.gravatar.com\/avatar\/34b16fabf25b85f6dfca598572b49f1550123dcf6257a2b930d87eaa672d255c?s=96&d=mm&r=g","caption":"Administrator"},"url":"https:\/\/bglilienfeld.ac.at\/cms_wordpress\/author\/administrator\/"}]}},"_links":{"self":[{"href":"https:\/\/bglilienfeld.ac.at\/cms_wordpress\/wp-json\/wp\/v2\/posts\/2089","targetHints":{"allow":["GET"]}}],"collection":[{"href":"https:\/\/bglilienfeld.ac.at\/cms_wordpress\/wp-json\/wp\/v2\/posts"}],"about":[{"href":"https:\/\/bglilienfeld.ac.at\/cms_wordpress\/wp-json\/wp\/v2\/types\/post"}],"author":[{"embeddable":true,"href":"https:\/\/bglilienfeld.ac.at\/cms_wordpress\/wp-json\/wp\/v2\/users\/1"}],"replies":[{"embeddable":true,"href":"https:\/\/bglilienfeld.ac.at\/cms_wordpress\/wp-json\/wp\/v2\/comments?post=2089"}],"version-history":[{"count":2,"href":"https:\/\/bglilienfeld.ac.at\/cms_wordpress\/wp-json\/wp\/v2\/posts\/2089\/revisions"}],"predecessor-version":[{"id":2096,"href":"https:\/\/bglilienfeld.ac.at\/cms_wordpress\/wp-json\/wp\/v2\/posts\/2089\/revisions\/2096"}],"wp:featuredmedia":[{"embeddable":true,"href":"https:\/\/bglilienfeld.ac.at\/cms_wordpress\/wp-json\/wp\/v2\/media\/2093"}],"wp:attachment":[{"href":"https:\/\/bglilienfeld.ac.at\/cms_wordpress\/wp-json\/wp\/v2\/media?parent=2089"}],"wp:term":[{"taxonomy":"category","embeddable":true,"href":"https:\/\/bglilienfeld.ac.at\/cms_wordpress\/wp-json\/wp\/v2\/categories?post=2089"},{"taxonomy":"post_tag","embeddable":true,"href":"https:\/\/bglilienfeld.ac.at\/cms_wordpress\/wp-json\/wp\/v2\/tags?post=2089"}],"curies":[{"name":"wp","href":"https:\/\/api.w.org\/{rel}","templated":true}]}}