{"id":2102,"date":"2023-03-21T16:56:52","date_gmt":"2023-03-21T15:56:52","guid":{"rendered":"https:\/\/bglilienfeld.ac.at\/cms_wordpress\/?p=2102"},"modified":"2023-03-21T16:56:54","modified_gmt":"2023-03-21T15:56:54","slug":"s-6-1a-covid-19-unterrichtsbezogene-forderangebote-im-bereich-der-allgemeinbildenden-hoheren-schulen-im-schuljahr-2021-2","status":"publish","type":"post","link":"https:\/\/bglilienfeld.ac.at\/cms_wordpress\/2023\/03\/21\/s-6-1a-covid-19-unterrichtsbezogene-forderangebote-im-bereich-der-allgemeinbildenden-hoheren-schulen-im-schuljahr-2021-2\/","title":{"rendered":"S-6.1a COVID-19 &#8211; Unterrichtsbezogene F\u00f6rderangebote im Bereich der allgemeinbildenden h\u00f6heren Schulen im Schuljahr 2021\/2"},"content":{"rendered":"\n<p>Allgemeine Projektbeschreibung: Sch\u00fclerinnen und Sch\u00fcler der 9. Schulstufe und\/oder Sch\u00fclerinnen und Sch\u00fcler der Abschlussklassen (inkl. Sonderformen) holen Lerndefizite in allgemeinbildenden und\/oder<br>fachtheoretischen Pflichtgegenst\u00e4nden, die im vergangenen Schuljahr durch die COVID-19-Pandemie entstanden sind, in Form eines zus\u00e4tzlichen Stundenangebotes nach.<br>Diese Stunden k\u00f6nnen als F\u00f6rderunterricht abgehalten werden. Sch\u00fclerinnen und Sch\u00fcler k\u00f6nnen je nach Bedarf diese Stunden besuchen. Dar\u00fcber hinaus kann auch eine Gruppenteilung in einem allgemeinbildenden und\/oder fachtheoretischen Pflichtgegenstand angeboten werden.<br>Dieses Vorhaben wird aus Mitteln des Europ\u00e4ischen Sozialfonds als Teil der Reaktion der Union auf die COVID-19-Pandemie finanziert.<\/p>\n\n\n\n<p><\/p>\n\n\n\n<p><\/p>\n","protected":false},"excerpt":{"rendered":"<p>Allgemeine Projektbeschreibung: Sch\u00fclerinnen und Sch\u00fcler der 9. Schulstufe und\/oder Sch\u00fclerinnen und Sch\u00fcler der Abschlussklassen (inkl. Sonderformen) holen Lerndefizite in allgemeinbildenden und\/oderfachtheoretischen Pflichtgegenst\u00e4nden, die im vergangenen Schuljahr durch die COVID-19-Pandemie entstanden sind, in Form eines zus\u00e4tzlichen Stundenangebotes nach.Diese Stunden k\u00f6nnen als F\u00f6rderunterricht abgehalten werden. Sch\u00fclerinnen und Sch\u00fcler k\u00f6nnen je nach Bedarf diese Stunden besuchen. Dar\u00fcber hinaus kann auch eine Gruppenteilung in &hellip; <a href=\"https:\/\/bglilienfeld.ac.at\/cms_wordpress\/2023\/03\/21\/s-6-1a-covid-19-unterrichtsbezogene-forderangebote-im-bereich-der-allgemeinbildenden-hoheren-schulen-im-schuljahr-2021-2\/\" class=\"more-link\">Continue reading<span class=\"screen-reader-text\"> &#8222;S-6.1a COVID-19 &#8211; Unterrichtsbezogene F\u00f6rderangebote im Bereich der allgemeinbildenden h\u00f6heren Schulen im Schuljahr 2021\/2&#8220;<\/span><\/a><\/p>\n","protected":false},"author":1,"featured_media":2103,"comment_status":"closed","ping_status":"closed","sticky":false,"template":"","format":"standard","meta":{"ngg_post_thumbnail":0,"footnotes":""},"categories":[1],"tags":[],"class_list":["post-2102","post","type-post","status-publish","format-standard","has-post-thumbnail","hentry","category-allgemein"],"yoast_head":"<!-- This site is optimized with the Yoast SEO plugin v27.5 - https:\/\/yoast.com\/product\/yoast-seo-wordpress\/ -->\n<title>S-6.1a COVID-19 - Unterrichtsbezogene F\u00f6rderangebote im Bereich der allgemeinbildenden h\u00f6heren Schulen im Schuljahr 2021\/2 - BG BRG Lilienfeld<\/title>\n<meta name=\"robots\" content=\"index, follow, max-snippet:-1, max-image-preview:large, max-video-preview:-1\" \/>\n<link rel=\"canonical\" href=\"https:\/\/bglilienfeld.ac.at\/cms_wordpress\/2023\/03\/21\/s-6-1a-covid-19-unterrichtsbezogene-forderangebote-im-bereich-der-allgemeinbildenden-hoheren-schulen-im-schuljahr-2021-2\/\" \/>\n<meta property=\"og:locale\" content=\"de_DE\" \/>\n<meta property=\"og:type\" content=\"article\" \/>\n<meta property=\"og:title\" content=\"S-6.1a COVID-19 - Unterrichtsbezogene F\u00f6rderangebote im Bereich der allgemeinbildenden h\u00f6heren Schulen im Schuljahr 2021\/2 - BG BRG Lilienfeld\" \/>\n<meta property=\"og:description\" content=\"Allgemeine Projektbeschreibung: Sch\u00fclerinnen und Sch\u00fcler der 9. Schulstufe und\/oder Sch\u00fclerinnen und Sch\u00fcler der Abschlussklassen (inkl. Sonderformen) holen Lerndefizite in allgemeinbildenden und\/oderfachtheoretischen Pflichtgegenst\u00e4nden, die im vergangenen Schuljahr durch die COVID-19-Pandemie entstanden sind, in Form eines zus\u00e4tzlichen Stundenangebotes nach.Diese Stunden k\u00f6nnen als F\u00f6rderunterricht abgehalten werden. Sch\u00fclerinnen und Sch\u00fcler k\u00f6nnen je nach Bedarf diese Stunden besuchen. Dar\u00fcber hinaus kann auch eine Gruppenteilung in &hellip; Continue reading &quot;S-6.1a COVID-19 &#8211; Unterrichtsbezogene F\u00f6rderangebote im Bereich der allgemeinbildenden h\u00f6heren Schulen im Schuljahr 2021\/2&quot;\" \/>\n<meta property=\"og:url\" content=\"https:\/\/bglilienfeld.ac.at\/cms_wordpress\/2023\/03\/21\/s-6-1a-covid-19-unterrichtsbezogene-forderangebote-im-bereich-der-allgemeinbildenden-hoheren-schulen-im-schuljahr-2021-2\/\" \/>\n<meta property=\"og:site_name\" content=\"BG BRG Lilienfeld\" \/>\n<meta property=\"article:publisher\" content=\"https:\/\/facebook.com\/martin.komar.9081\" \/>\n<meta property=\"article:published_time\" content=\"2023-03-21T15:56:52+00:00\" \/>\n<meta property=\"article:modified_time\" content=\"2023-03-21T15:56:54+00:00\" \/>\n<meta property=\"og:image\" content=\"https:\/\/bglilienfeld.ac.at\/cms_wordpress\/wp-content\/uploads\/2022\/01\/thumbnail_ESF-Logo.png\" \/>\n\t<meta property=\"og:image:width\" content=\"400\" \/>\n\t<meta property=\"og:image:height\" content=\"400\" \/>\n\t<meta property=\"og:image:type\" content=\"image\/png\" \/>\n<meta name=\"author\" content=\"Administrator\" \/>\n<meta name=\"twitter:card\" content=\"summary_large_image\" \/>\n<meta name=\"twitter:label1\" content=\"Verfasst von\" \/>\n\t<meta name=\"twitter:data1\" content=\"Administrator\" \/>\n\t<meta name=\"twitter:label2\" content=\"Gesch\u00e4tzte Lesezeit\" \/>\n\t<meta name=\"twitter:data2\" content=\"1 Minute\" \/>\n<script type=\"application\/ld+json\" class=\"yoast-schema-graph\">{\"@context\":\"https:\\\/\\\/schema.org\",\"@graph\":[{\"@type\":\"Article\",\"@id\":\"https:\\\/\\\/bglilienfeld.ac.at\\\/cms_wordpress\\\/2023\\\/03\\\/21\\\/s-6-1a-covid-19-unterrichtsbezogene-forderangebote-im-bereich-der-allgemeinbildenden-hoheren-schulen-im-schuljahr-2021-2\\\/#article\",\"isPartOf\":{\"@id\":\"https:\\\/\\\/bglilienfeld.ac.at\\\/cms_wordpress\\\/2023\\\/03\\\/21\\\/s-6-1a-covid-19-unterrichtsbezogene-forderangebote-im-bereich-der-allgemeinbildenden-hoheren-schulen-im-schuljahr-2021-2\\\/\"},\"author\":{\"name\":\"Administrator\",\"@id\":\"https:\\\/\\\/bglilienfeld.ac.at\\\/cms_wordpress\\\/#\\\/schema\\\/person\\\/1fc3b0a4d15763b2861caab628f949d2\"},\"headline\":\"S-6.1a COVID-19 &#8211; Unterrichtsbezogene F\u00f6rderangebote im Bereich der allgemeinbildenden h\u00f6heren Schulen im Schuljahr 2021\\\/2\",\"datePublished\":\"2023-03-21T15:56:52+00:00\",\"dateModified\":\"2023-03-21T15:56:54+00:00\",\"mainEntityOfPage\":{\"@id\":\"https:\\\/\\\/bglilienfeld.ac.at\\\/cms_wordpress\\\/2023\\\/03\\\/21\\\/s-6-1a-covid-19-unterrichtsbezogene-forderangebote-im-bereich-der-allgemeinbildenden-hoheren-schulen-im-schuljahr-2021-2\\\/\"},\"wordCount\":119,\"image\":{\"@id\":\"https:\\\/\\\/bglilienfeld.ac.at\\\/cms_wordpress\\\/2023\\\/03\\\/21\\\/s-6-1a-covid-19-unterrichtsbezogene-forderangebote-im-bereich-der-allgemeinbildenden-hoheren-schulen-im-schuljahr-2021-2\\\/#primaryimage\"},\"thumbnailUrl\":\"https:\\\/\\\/bglilienfeld.ac.at\\\/cms_wordpress\\\/wp-content\\\/uploads\\\/2022\\\/01\\\/thumbnail_ESF-Logo.png\",\"inLanguage\":\"de-AT\"},{\"@type\":\"WebPage\",\"@id\":\"https:\\\/\\\/bglilienfeld.ac.at\\\/cms_wordpress\\\/2023\\\/03\\\/21\\\/s-6-1a-covid-19-unterrichtsbezogene-forderangebote-im-bereich-der-allgemeinbildenden-hoheren-schulen-im-schuljahr-2021-2\\\/\",\"url\":\"https:\\\/\\\/bglilienfeld.ac.at\\\/cms_wordpress\\\/2023\\\/03\\\/21\\\/s-6-1a-covid-19-unterrichtsbezogene-forderangebote-im-bereich-der-allgemeinbildenden-hoheren-schulen-im-schuljahr-2021-2\\\/\",\"name\":\"S-6.1a COVID-19 - Unterrichtsbezogene F\u00f6rderangebote im Bereich der allgemeinbildenden h\u00f6heren Schulen im Schuljahr 2021\\\/2 - BG BRG Lilienfeld\",\"isPartOf\":{\"@id\":\"https:\\\/\\\/bglilienfeld.ac.at\\\/cms_wordpress\\\/#website\"},\"primaryImageOfPage\":{\"@id\":\"https:\\\/\\\/bglilienfeld.ac.at\\\/cms_wordpress\\\/2023\\\/03\\\/21\\\/s-6-1a-covid-19-unterrichtsbezogene-forderangebote-im-bereich-der-allgemeinbildenden-hoheren-schulen-im-schuljahr-2021-2\\\/#primaryimage\"},\"image\":{\"@id\":\"https:\\\/\\\/bglilienfeld.ac.at\\\/cms_wordpress\\\/2023\\\/03\\\/21\\\/s-6-1a-covid-19-unterrichtsbezogene-forderangebote-im-bereich-der-allgemeinbildenden-hoheren-schulen-im-schuljahr-2021-2\\\/#primaryimage\"},\"thumbnailUrl\":\"https:\\\/\\\/bglilienfeld.ac.at\\\/cms_wordpress\\\/wp-content\\\/uploads\\\/2022\\\/01\\\/thumbnail_ESF-Logo.png\",\"datePublished\":\"2023-03-21T15:56:52+00:00\",\"dateModified\":\"2023-03-21T15:56:54+00:00\",\"author\":{\"@id\":\"https:\\\/\\\/bglilienfeld.ac.at\\\/cms_wordpress\\\/#\\\/schema\\\/person\\\/1fc3b0a4d15763b2861caab628f949d2\"},\"breadcrumb\":{\"@id\":\"https:\\\/\\\/bglilienfeld.ac.at\\\/cms_wordpress\\\/2023\\\/03\\\/21\\\/s-6-1a-covid-19-unterrichtsbezogene-forderangebote-im-bereich-der-allgemeinbildenden-hoheren-schulen-im-schuljahr-2021-2\\\/#breadcrumb\"},\"inLanguage\":\"de-AT\",\"potentialAction\":[{\"@type\":\"ReadAction\",\"target\":[\"https:\\\/\\\/bglilienfeld.ac.at\\\/cms_wordpress\\\/2023\\\/03\\\/21\\\/s-6-1a-covid-19-unterrichtsbezogene-forderangebote-im-bereich-der-allgemeinbildenden-hoheren-schulen-im-schuljahr-2021-2\\\/\"]}]},{\"@type\":\"ImageObject\",\"inLanguage\":\"de-AT\",\"@id\":\"https:\\\/\\\/bglilienfeld.ac.at\\\/cms_wordpress\\\/2023\\\/03\\\/21\\\/s-6-1a-covid-19-unterrichtsbezogene-forderangebote-im-bereich-der-allgemeinbildenden-hoheren-schulen-im-schuljahr-2021-2\\\/#primaryimage\",\"url\":\"https:\\\/\\\/bglilienfeld.ac.at\\\/cms_wordpress\\\/wp-content\\\/uploads\\\/2022\\\/01\\\/thumbnail_ESF-Logo.png\",\"contentUrl\":\"https:\\\/\\\/bglilienfeld.ac.at\\\/cms_wordpress\\\/wp-content\\\/uploads\\\/2022\\\/01\\\/thumbnail_ESF-Logo.png\",\"width\":400,\"height\":400},{\"@type\":\"BreadcrumbList\",\"@id\":\"https:\\\/\\\/bglilienfeld.ac.at\\\/cms_wordpress\\\/2023\\\/03\\\/21\\\/s-6-1a-covid-19-unterrichtsbezogene-forderangebote-im-bereich-der-allgemeinbildenden-hoheren-schulen-im-schuljahr-2021-2\\\/#breadcrumb\",\"itemListElement\":[{\"@type\":\"ListItem\",\"position\":1,\"name\":\"Startseite\",\"item\":\"https:\\\/\\\/bglilienfeld.ac.at\\\/cms_wordpress\\\/\"},{\"@type\":\"ListItem\",\"position\":2,\"name\":\"S-6.1a COVID-19 &#8211; Unterrichtsbezogene F\u00f6rderangebote im Bereich der allgemeinbildenden h\u00f6heren Schulen im Schuljahr 2021\\\/2\"}]},{\"@type\":\"WebSite\",\"@id\":\"https:\\\/\\\/bglilienfeld.ac.at\\\/cms_wordpress\\\/#website\",\"url\":\"https:\\\/\\\/bglilienfeld.ac.at\\\/cms_wordpress\\\/\",\"name\":\"BG BRG Lilienfeld\",\"description\":\"Der sinnvollste Zeitvertreib bis zum Wochenende\",\"potentialAction\":[{\"@type\":\"SearchAction\",\"target\":{\"@type\":\"EntryPoint\",\"urlTemplate\":\"https:\\\/\\\/bglilienfeld.ac.at\\\/cms_wordpress\\\/?s={search_term_string}\"},\"query-input\":{\"@type\":\"PropertyValueSpecification\",\"valueRequired\":true,\"valueName\":\"search_term_string\"}}],\"inLanguage\":\"de-AT\"},{\"@type\":\"Person\",\"@id\":\"https:\\\/\\\/bglilienfeld.ac.at\\\/cms_wordpress\\\/#\\\/schema\\\/person\\\/1fc3b0a4d15763b2861caab628f949d2\",\"name\":\"Administrator\",\"image\":{\"@type\":\"ImageObject\",\"inLanguage\":\"de-AT\",\"@id\":\"https:\\\/\\\/secure.gravatar.com\\\/avatar\\\/34b16fabf25b85f6dfca598572b49f1550123dcf6257a2b930d87eaa672d255c?s=96&d=mm&r=g\",\"url\":\"https:\\\/\\\/secure.gravatar.com\\\/avatar\\\/34b16fabf25b85f6dfca598572b49f1550123dcf6257a2b930d87eaa672d255c?s=96&d=mm&r=g\",\"contentUrl\":\"https:\\\/\\\/secure.gravatar.com\\\/avatar\\\/34b16fabf25b85f6dfca598572b49f1550123dcf6257a2b930d87eaa672d255c?s=96&d=mm&r=g\",\"caption\":\"Administrator\"},\"url\":\"https:\\\/\\\/bglilienfeld.ac.at\\\/cms_wordpress\\\/author\\\/administrator\\\/\"}]}<\/script>\n<!-- \/ Yoast SEO plugin. -->","yoast_head_json":{"title":"S-6.1a COVID-19 - Unterrichtsbezogene F\u00f6rderangebote im Bereich der allgemeinbildenden h\u00f6heren Schulen im Schuljahr 2021\/2 - BG BRG Lilienfeld","robots":{"index":"index","follow":"follow","max-snippet":"max-snippet:-1","max-image-preview":"max-image-preview:large","max-video-preview":"max-video-preview:-1"},"canonical":"https:\/\/bglilienfeld.ac.at\/cms_wordpress\/2023\/03\/21\/s-6-1a-covid-19-unterrichtsbezogene-forderangebote-im-bereich-der-allgemeinbildenden-hoheren-schulen-im-schuljahr-2021-2\/","og_locale":"de_DE","og_type":"article","og_title":"S-6.1a COVID-19 - Unterrichtsbezogene F\u00f6rderangebote im Bereich der allgemeinbildenden h\u00f6heren Schulen im Schuljahr 2021\/2 - BG BRG Lilienfeld","og_description":"Allgemeine Projektbeschreibung: Sch\u00fclerinnen und Sch\u00fcler der 9. Schulstufe und\/oder Sch\u00fclerinnen und Sch\u00fcler der Abschlussklassen (inkl. Sonderformen) holen Lerndefizite in allgemeinbildenden und\/oderfachtheoretischen Pflichtgegenst\u00e4nden, die im vergangenen Schuljahr durch die COVID-19-Pandemie entstanden sind, in Form eines zus\u00e4tzlichen Stundenangebotes nach.Diese Stunden k\u00f6nnen als F\u00f6rderunterricht abgehalten werden. Sch\u00fclerinnen und Sch\u00fcler k\u00f6nnen je nach Bedarf diese Stunden besuchen. Dar\u00fcber hinaus kann auch eine Gruppenteilung in &hellip; Continue reading \"S-6.1a COVID-19 &#8211; Unterrichtsbezogene F\u00f6rderangebote im Bereich der allgemeinbildenden h\u00f6heren Schulen im Schuljahr 2021\/2\"","og_url":"https:\/\/bglilienfeld.ac.at\/cms_wordpress\/2023\/03\/21\/s-6-1a-covid-19-unterrichtsbezogene-forderangebote-im-bereich-der-allgemeinbildenden-hoheren-schulen-im-schuljahr-2021-2\/","og_site_name":"BG BRG Lilienfeld","article_publisher":"https:\/\/facebook.com\/martin.komar.9081","article_published_time":"2023-03-21T15:56:52+00:00","article_modified_time":"2023-03-21T15:56:54+00:00","og_image":[{"width":400,"height":400,"url":"https:\/\/bglilienfeld.ac.at\/cms_wordpress\/wp-content\/uploads\/2022\/01\/thumbnail_ESF-Logo.png","type":"image\/png"}],"author":"Administrator","twitter_card":"summary_large_image","twitter_misc":{"Verfasst von":"Administrator","Gesch\u00e4tzte Lesezeit":"1 Minute"},"schema":{"@context":"https:\/\/schema.org","@graph":[{"@type":"Article","@id":"https:\/\/bglilienfeld.ac.at\/cms_wordpress\/2023\/03\/21\/s-6-1a-covid-19-unterrichtsbezogene-forderangebote-im-bereich-der-allgemeinbildenden-hoheren-schulen-im-schuljahr-2021-2\/#article","isPartOf":{"@id":"https:\/\/bglilienfeld.ac.at\/cms_wordpress\/2023\/03\/21\/s-6-1a-covid-19-unterrichtsbezogene-forderangebote-im-bereich-der-allgemeinbildenden-hoheren-schulen-im-schuljahr-2021-2\/"},"author":{"name":"Administrator","@id":"https:\/\/bglilienfeld.ac.at\/cms_wordpress\/#\/schema\/person\/1fc3b0a4d15763b2861caab628f949d2"},"headline":"S-6.1a COVID-19 &#8211; Unterrichtsbezogene F\u00f6rderangebote im Bereich der allgemeinbildenden h\u00f6heren Schulen im Schuljahr 2021\/2","datePublished":"2023-03-21T15:56:52+00:00","dateModified":"2023-03-21T15:56:54+00:00","mainEntityOfPage":{"@id":"https:\/\/bglilienfeld.ac.at\/cms_wordpress\/2023\/03\/21\/s-6-1a-covid-19-unterrichtsbezogene-forderangebote-im-bereich-der-allgemeinbildenden-hoheren-schulen-im-schuljahr-2021-2\/"},"wordCount":119,"image":{"@id":"https:\/\/bglilienfeld.ac.at\/cms_wordpress\/2023\/03\/21\/s-6-1a-covid-19-unterrichtsbezogene-forderangebote-im-bereich-der-allgemeinbildenden-hoheren-schulen-im-schuljahr-2021-2\/#primaryimage"},"thumbnailUrl":"https:\/\/bglilienfeld.ac.at\/cms_wordpress\/wp-content\/uploads\/2022\/01\/thumbnail_ESF-Logo.png","inLanguage":"de-AT"},{"@type":"WebPage","@id":"https:\/\/bglilienfeld.ac.at\/cms_wordpress\/2023\/03\/21\/s-6-1a-covid-19-unterrichtsbezogene-forderangebote-im-bereich-der-allgemeinbildenden-hoheren-schulen-im-schuljahr-2021-2\/","url":"https:\/\/bglilienfeld.ac.at\/cms_wordpress\/2023\/03\/21\/s-6-1a-covid-19-unterrichtsbezogene-forderangebote-im-bereich-der-allgemeinbildenden-hoheren-schulen-im-schuljahr-2021-2\/","name":"S-6.1a COVID-19 - Unterrichtsbezogene F\u00f6rderangebote im Bereich der allgemeinbildenden h\u00f6heren Schulen im Schuljahr 2021\/2 - BG BRG Lilienfeld","isPartOf":{"@id":"https:\/\/bglilienfeld.ac.at\/cms_wordpress\/#website"},"primaryImageOfPage":{"@id":"https:\/\/bglilienfeld.ac.at\/cms_wordpress\/2023\/03\/21\/s-6-1a-covid-19-unterrichtsbezogene-forderangebote-im-bereich-der-allgemeinbildenden-hoheren-schulen-im-schuljahr-2021-2\/#primaryimage"},"image":{"@id":"https:\/\/bglilienfeld.ac.at\/cms_wordpress\/2023\/03\/21\/s-6-1a-covid-19-unterrichtsbezogene-forderangebote-im-bereich-der-allgemeinbildenden-hoheren-schulen-im-schuljahr-2021-2\/#primaryimage"},"thumbnailUrl":"https:\/\/bglilienfeld.ac.at\/cms_wordpress\/wp-content\/uploads\/2022\/01\/thumbnail_ESF-Logo.png","datePublished":"2023-03-21T15:56:52+00:00","dateModified":"2023-03-21T15:56:54+00:00","author":{"@id":"https:\/\/bglilienfeld.ac.at\/cms_wordpress\/#\/schema\/person\/1fc3b0a4d15763b2861caab628f949d2"},"breadcrumb":{"@id":"https:\/\/bglilienfeld.ac.at\/cms_wordpress\/2023\/03\/21\/s-6-1a-covid-19-unterrichtsbezogene-forderangebote-im-bereich-der-allgemeinbildenden-hoheren-schulen-im-schuljahr-2021-2\/#breadcrumb"},"inLanguage":"de-AT","potentialAction":[{"@type":"ReadAction","target":["https:\/\/bglilienfeld.ac.at\/cms_wordpress\/2023\/03\/21\/s-6-1a-covid-19-unterrichtsbezogene-forderangebote-im-bereich-der-allgemeinbildenden-hoheren-schulen-im-schuljahr-2021-2\/"]}]},{"@type":"ImageObject","inLanguage":"de-AT","@id":"https:\/\/bglilienfeld.ac.at\/cms_wordpress\/2023\/03\/21\/s-6-1a-covid-19-unterrichtsbezogene-forderangebote-im-bereich-der-allgemeinbildenden-hoheren-schulen-im-schuljahr-2021-2\/#primaryimage","url":"https:\/\/bglilienfeld.ac.at\/cms_wordpress\/wp-content\/uploads\/2022\/01\/thumbnail_ESF-Logo.png","contentUrl":"https:\/\/bglilienfeld.ac.at\/cms_wordpress\/wp-content\/uploads\/2022\/01\/thumbnail_ESF-Logo.png","width":400,"height":400},{"@type":"BreadcrumbList","@id":"https:\/\/bglilienfeld.ac.at\/cms_wordpress\/2023\/03\/21\/s-6-1a-covid-19-unterrichtsbezogene-forderangebote-im-bereich-der-allgemeinbildenden-hoheren-schulen-im-schuljahr-2021-2\/#breadcrumb","itemListElement":[{"@type":"ListItem","position":1,"name":"Startseite","item":"https:\/\/bglilienfeld.ac.at\/cms_wordpress\/"},{"@type":"ListItem","position":2,"name":"S-6.1a COVID-19 &#8211; Unterrichtsbezogene F\u00f6rderangebote im Bereich der allgemeinbildenden h\u00f6heren Schulen im Schuljahr 2021\/2"}]},{"@type":"WebSite","@id":"https:\/\/bglilienfeld.ac.at\/cms_wordpress\/#website","url":"https:\/\/bglilienfeld.ac.at\/cms_wordpress\/","name":"BG BRG Lilienfeld","description":"Der sinnvollste Zeitvertreib bis zum Wochenende","potentialAction":[{"@type":"SearchAction","target":{"@type":"EntryPoint","urlTemplate":"https:\/\/bglilienfeld.ac.at\/cms_wordpress\/?s={search_term_string}"},"query-input":{"@type":"PropertyValueSpecification","valueRequired":true,"valueName":"search_term_string"}}],"inLanguage":"de-AT"},{"@type":"Person","@id":"https:\/\/bglilienfeld.ac.at\/cms_wordpress\/#\/schema\/person\/1fc3b0a4d15763b2861caab628f949d2","name":"Administrator","image":{"@type":"ImageObject","inLanguage":"de-AT","@id":"https:\/\/secure.gravatar.com\/avatar\/34b16fabf25b85f6dfca598572b49f1550123dcf6257a2b930d87eaa672d255c?s=96&d=mm&r=g","url":"https:\/\/secure.gravatar.com\/avatar\/34b16fabf25b85f6dfca598572b49f1550123dcf6257a2b930d87eaa672d255c?s=96&d=mm&r=g","contentUrl":"https:\/\/secure.gravatar.com\/avatar\/34b16fabf25b85f6dfca598572b49f1550123dcf6257a2b930d87eaa672d255c?s=96&d=mm&r=g","caption":"Administrator"},"url":"https:\/\/bglilienfeld.ac.at\/cms_wordpress\/author\/administrator\/"}]}},"_links":{"self":[{"href":"https:\/\/bglilienfeld.ac.at\/cms_wordpress\/wp-json\/wp\/v2\/posts\/2102","targetHints":{"allow":["GET"]}}],"collection":[{"href":"https:\/\/bglilienfeld.ac.at\/cms_wordpress\/wp-json\/wp\/v2\/posts"}],"about":[{"href":"https:\/\/bglilienfeld.ac.at\/cms_wordpress\/wp-json\/wp\/v2\/types\/post"}],"author":[{"embeddable":true,"href":"https:\/\/bglilienfeld.ac.at\/cms_wordpress\/wp-json\/wp\/v2\/users\/1"}],"replies":[{"embeddable":true,"href":"https:\/\/bglilienfeld.ac.at\/cms_wordpress\/wp-json\/wp\/v2\/comments?post=2102"}],"version-history":[{"count":3,"href":"https:\/\/bglilienfeld.ac.at\/cms_wordpress\/wp-json\/wp\/v2\/posts\/2102\/revisions"}],"predecessor-version":[{"id":2108,"href":"https:\/\/bglilienfeld.ac.at\/cms_wordpress\/wp-json\/wp\/v2\/posts\/2102\/revisions\/2108"}],"wp:featuredmedia":[{"embeddable":true,"href":"https:\/\/bglilienfeld.ac.at\/cms_wordpress\/wp-json\/wp\/v2\/media\/2103"}],"wp:attachment":[{"href":"https:\/\/bglilienfeld.ac.at\/cms_wordpress\/wp-json\/wp\/v2\/media?parent=2102"}],"wp:term":[{"taxonomy":"category","embeddable":true,"href":"https:\/\/bglilienfeld.ac.at\/cms_wordpress\/wp-json\/wp\/v2\/categories?post=2102"},{"taxonomy":"post_tag","embeddable":true,"href":"https:\/\/bglilienfeld.ac.at\/cms_wordpress\/wp-json\/wp\/v2\/tags?post=2102"}],"curies":[{"name":"wp","href":"https:\/\/api.w.org\/{rel}","templated":true}]}}