{"id":2167,"date":"2022-03-15T12:20:39","date_gmt":"2022-03-15T11:20:39","guid":{"rendered":"https:\/\/bglilienfeld.ac.at\/cms_wordpress\/?p=2167"},"modified":"2022-03-15T12:20:41","modified_gmt":"2022-03-15T11:20:41","slug":"spendenaktion-fuer-die-ukraine","status":"publish","type":"post","link":"https:\/\/bglilienfeld.ac.at\/cms_wordpress\/2022\/03\/15\/spendenaktion-fuer-die-ukraine\/","title":{"rendered":"Spendenaktion f\u00fcr die Ukraine"},"content":{"rendered":"\n<p>Die Jugendorganisationen N\u00d6 starteten die Initiative \u201eBlau-gelb hilft blau-gelb\u201c gemeinsam mit dem Zivilschutzverband N\u00d6. Im Bezirk Lilienfeld setzten die Initiative die Landjugend und die Junge \u00d6VP um, unterst\u00fctzt wurden sie dabei von BR Karl Bader, den B\u00e4uerinnen und dem Transportunternehmer Johannes Trost.<\/p>\n\n\n\n<p>Als das Gymnasium Lilienfeld davon erfuhr, wollte die Schulgemeinschaft ihren Beitrag dazu leisten. Nach Information an die Eltern und Kinder setzte sich eine gro\u00dfe Welle der Hilfsbereitschaft in Bewegung. Jede\/r versuchte zu helfen. Herzlichen Dank an alle Lehrer*innen, Eltern und Sch\u00fcler*innen!<\/p>\n\n\n\n<p>F\u00fcr die Sch\u00fcler*innen war dies eine gute M\u00f6glichkeit, aktiv in einer Zeit zu helfen, in der man fast ohnm\u00e4chtig vor den Bildschirmen sitzt und mit den erschreckenden Nachrichten konfrontiert wird. Es kamen so viele Sachspenden in der Schule zusammen, dass gleich 50 Kisten bef\u00fcllt und auf den LKW, der die G\u00fcter direkt in die Ukraine bef\u00f6rdert, verladen werden konnten.<\/p>\n\n\n\n<p>Ein besonderer Dank geb\u00fchrt dem Elternverein, der sofort tatkr\u00e4ftig die Aktion unterst\u00fctzte und ebenfalls viele Sach- und Geldspenden sammelte. Freiwillige Helfer*innen stellten hier noch zus\u00e4tzlich 6 Europaletten Waren zusammen.<\/p>\n\n\n\n<p>Falls es weitere derartige, wichtige Hilfsaktionen geben sollte, wird sich unsere Schule bestimmt wieder daran beteiligen. Wir sind in Gedanken bei den Familien in der Ukraine und jenen, die fliehen mussten, und hoffen, dass sich ihr Leben bald wieder normalisieren m\u00f6ge.<\/p>\n\n\n\n<p><\/p>\n\n\n\nngg_shortcode_0_placeholder\n","protected":false},"excerpt":{"rendered":"<p>Die Jugendorganisationen N\u00d6 starteten die Initiative \u201eBlau-gelb hilft blau-gelb\u201c gemeinsam mit dem Zivilschutzverband N\u00d6. Im Bezirk Lilienfeld setzten die Initiative die Landjugend und die Junge \u00d6VP um, unterst\u00fctzt wurden sie dabei von BR Karl Bader, den B\u00e4uerinnen und dem Transportunternehmer Johannes Trost. Als das Gymnasium Lilienfeld davon erfuhr, wollte die Schulgemeinschaft ihren Beitrag dazu leisten. Nach Information an die Eltern &hellip; <a href=\"https:\/\/bglilienfeld.ac.at\/cms_wordpress\/2022\/03\/15\/spendenaktion-fuer-die-ukraine\/\" class=\"more-link\">Continue reading<span class=\"screen-reader-text\"> &#8222;Spendenaktion f\u00fcr die Ukraine&#8220;<\/span><\/a><\/p>\n","protected":false},"author":1,"featured_media":2168,"comment_status":"closed","ping_status":"closed","sticky":false,"template":"","format":"standard","meta":{"ngg_post_thumbnail":0,"footnotes":""},"categories":[1],"tags":[],"class_list":["post-2167","post","type-post","status-publish","format-standard","has-post-thumbnail","hentry","category-allgemein"],"yoast_head":"<!-- This site is optimized with the Yoast SEO plugin v27.5 - https:\/\/yoast.com\/product\/yoast-seo-wordpress\/ -->\n<title>Spendenaktion f\u00fcr die Ukraine - BG BRG Lilienfeld<\/title>\n<meta name=\"robots\" content=\"index, follow, max-snippet:-1, max-image-preview:large, max-video-preview:-1\" \/>\n<link rel=\"canonical\" href=\"https:\/\/bglilienfeld.ac.at\/cms_wordpress\/2022\/03\/15\/spendenaktion-fuer-die-ukraine\/\" \/>\n<meta property=\"og:locale\" content=\"de_DE\" \/>\n<meta property=\"og:type\" content=\"article\" \/>\n<meta property=\"og:title\" content=\"Spendenaktion f\u00fcr die Ukraine - BG BRG Lilienfeld\" \/>\n<meta property=\"og:description\" content=\"Die Jugendorganisationen N\u00d6 starteten die Initiative \u201eBlau-gelb hilft blau-gelb\u201c gemeinsam mit dem Zivilschutzverband N\u00d6. Im Bezirk Lilienfeld setzten die Initiative die Landjugend und die Junge \u00d6VP um, unterst\u00fctzt wurden sie dabei von BR Karl Bader, den B\u00e4uerinnen und dem Transportunternehmer Johannes Trost. Als das Gymnasium Lilienfeld davon erfuhr, wollte die Schulgemeinschaft ihren Beitrag dazu leisten. Nach Information an die Eltern &hellip; Continue reading &quot;Spendenaktion f\u00fcr die Ukraine&quot;\" \/>\n<meta property=\"og:url\" content=\"https:\/\/bglilienfeld.ac.at\/cms_wordpress\/2022\/03\/15\/spendenaktion-fuer-die-ukraine\/\" \/>\n<meta property=\"og:site_name\" content=\"BG BRG Lilienfeld\" \/>\n<meta property=\"article:publisher\" content=\"https:\/\/facebook.com\/martin.komar.9081\" \/>\n<meta property=\"article:published_time\" content=\"2022-03-15T11:20:39+00:00\" \/>\n<meta property=\"article:modified_time\" content=\"2022-03-15T11:20:41+00:00\" \/>\n<meta property=\"og:image\" content=\"https:\/\/bglilienfeld.ac.at\/cms_wordpress\/wp-content\/uploads\/2022\/03\/Vorschaubild.jpg\" \/>\n\t<meta property=\"og:image:width\" content=\"1024\" \/>\n\t<meta property=\"og:image:height\" content=\"1024\" \/>\n\t<meta property=\"og:image:type\" content=\"image\/jpeg\" \/>\n<meta name=\"author\" content=\"Administrator\" \/>\n<meta name=\"twitter:card\" content=\"summary_large_image\" \/>\n<meta name=\"twitter:label1\" content=\"Verfasst von\" \/>\n\t<meta name=\"twitter:data1\" content=\"Administrator\" \/>\n\t<meta name=\"twitter:label2\" content=\"Gesch\u00e4tzte Lesezeit\" \/>\n\t<meta name=\"twitter:data2\" content=\"1 Minute\" \/>\n<script type=\"application\/ld+json\" class=\"yoast-schema-graph\">{\"@context\":\"https:\\\/\\\/schema.org\",\"@graph\":[{\"@type\":\"Article\",\"@id\":\"https:\\\/\\\/bglilienfeld.ac.at\\\/cms_wordpress\\\/2022\\\/03\\\/15\\\/spendenaktion-fuer-die-ukraine\\\/#article\",\"isPartOf\":{\"@id\":\"https:\\\/\\\/bglilienfeld.ac.at\\\/cms_wordpress\\\/2022\\\/03\\\/15\\\/spendenaktion-fuer-die-ukraine\\\/\"},\"author\":{\"name\":\"Administrator\",\"@id\":\"https:\\\/\\\/bglilienfeld.ac.at\\\/cms_wordpress\\\/#\\\/schema\\\/person\\\/1fc3b0a4d15763b2861caab628f949d2\"},\"headline\":\"Spendenaktion f\u00fcr die Ukraine\",\"datePublished\":\"2022-03-15T11:20:39+00:00\",\"dateModified\":\"2022-03-15T11:20:41+00:00\",\"mainEntityOfPage\":{\"@id\":\"https:\\\/\\\/bglilienfeld.ac.at\\\/cms_wordpress\\\/2022\\\/03\\\/15\\\/spendenaktion-fuer-die-ukraine\\\/\"},\"wordCount\":245,\"image\":{\"@id\":\"https:\\\/\\\/bglilienfeld.ac.at\\\/cms_wordpress\\\/2022\\\/03\\\/15\\\/spendenaktion-fuer-die-ukraine\\\/#primaryimage\"},\"thumbnailUrl\":\"https:\\\/\\\/bglilienfeld.ac.at\\\/cms_wordpress\\\/wp-content\\\/uploads\\\/2022\\\/03\\\/Vorschaubild.jpg\",\"inLanguage\":\"de-AT\"},{\"@type\":\"WebPage\",\"@id\":\"https:\\\/\\\/bglilienfeld.ac.at\\\/cms_wordpress\\\/2022\\\/03\\\/15\\\/spendenaktion-fuer-die-ukraine\\\/\",\"url\":\"https:\\\/\\\/bglilienfeld.ac.at\\\/cms_wordpress\\\/2022\\\/03\\\/15\\\/spendenaktion-fuer-die-ukraine\\\/\",\"name\":\"Spendenaktion f\u00fcr die Ukraine - BG BRG Lilienfeld\",\"isPartOf\":{\"@id\":\"https:\\\/\\\/bglilienfeld.ac.at\\\/cms_wordpress\\\/#website\"},\"primaryImageOfPage\":{\"@id\":\"https:\\\/\\\/bglilienfeld.ac.at\\\/cms_wordpress\\\/2022\\\/03\\\/15\\\/spendenaktion-fuer-die-ukraine\\\/#primaryimage\"},\"image\":{\"@id\":\"https:\\\/\\\/bglilienfeld.ac.at\\\/cms_wordpress\\\/2022\\\/03\\\/15\\\/spendenaktion-fuer-die-ukraine\\\/#primaryimage\"},\"thumbnailUrl\":\"https:\\\/\\\/bglilienfeld.ac.at\\\/cms_wordpress\\\/wp-content\\\/uploads\\\/2022\\\/03\\\/Vorschaubild.jpg\",\"datePublished\":\"2022-03-15T11:20:39+00:00\",\"dateModified\":\"2022-03-15T11:20:41+00:00\",\"author\":{\"@id\":\"https:\\\/\\\/bglilienfeld.ac.at\\\/cms_wordpress\\\/#\\\/schema\\\/person\\\/1fc3b0a4d15763b2861caab628f949d2\"},\"breadcrumb\":{\"@id\":\"https:\\\/\\\/bglilienfeld.ac.at\\\/cms_wordpress\\\/2022\\\/03\\\/15\\\/spendenaktion-fuer-die-ukraine\\\/#breadcrumb\"},\"inLanguage\":\"de-AT\",\"potentialAction\":[{\"@type\":\"ReadAction\",\"target\":[\"https:\\\/\\\/bglilienfeld.ac.at\\\/cms_wordpress\\\/2022\\\/03\\\/15\\\/spendenaktion-fuer-die-ukraine\\\/\"]}]},{\"@type\":\"ImageObject\",\"inLanguage\":\"de-AT\",\"@id\":\"https:\\\/\\\/bglilienfeld.ac.at\\\/cms_wordpress\\\/2022\\\/03\\\/15\\\/spendenaktion-fuer-die-ukraine\\\/#primaryimage\",\"url\":\"https:\\\/\\\/bglilienfeld.ac.at\\\/cms_wordpress\\\/wp-content\\\/uploads\\\/2022\\\/03\\\/Vorschaubild.jpg\",\"contentUrl\":\"https:\\\/\\\/bglilienfeld.ac.at\\\/cms_wordpress\\\/wp-content\\\/uploads\\\/2022\\\/03\\\/Vorschaubild.jpg\",\"width\":1024,\"height\":1024},{\"@type\":\"BreadcrumbList\",\"@id\":\"https:\\\/\\\/bglilienfeld.ac.at\\\/cms_wordpress\\\/2022\\\/03\\\/15\\\/spendenaktion-fuer-die-ukraine\\\/#breadcrumb\",\"itemListElement\":[{\"@type\":\"ListItem\",\"position\":1,\"name\":\"Startseite\",\"item\":\"https:\\\/\\\/bglilienfeld.ac.at\\\/cms_wordpress\\\/\"},{\"@type\":\"ListItem\",\"position\":2,\"name\":\"Spendenaktion f\u00fcr die Ukraine\"}]},{\"@type\":\"WebSite\",\"@id\":\"https:\\\/\\\/bglilienfeld.ac.at\\\/cms_wordpress\\\/#website\",\"url\":\"https:\\\/\\\/bglilienfeld.ac.at\\\/cms_wordpress\\\/\",\"name\":\"BG BRG Lilienfeld\",\"description\":\"Der sinnvollste Zeitvertreib bis zum Wochenende\",\"potentialAction\":[{\"@type\":\"SearchAction\",\"target\":{\"@type\":\"EntryPoint\",\"urlTemplate\":\"https:\\\/\\\/bglilienfeld.ac.at\\\/cms_wordpress\\\/?s={search_term_string}\"},\"query-input\":{\"@type\":\"PropertyValueSpecification\",\"valueRequired\":true,\"valueName\":\"search_term_string\"}}],\"inLanguage\":\"de-AT\"},{\"@type\":\"Person\",\"@id\":\"https:\\\/\\\/bglilienfeld.ac.at\\\/cms_wordpress\\\/#\\\/schema\\\/person\\\/1fc3b0a4d15763b2861caab628f949d2\",\"name\":\"Administrator\",\"image\":{\"@type\":\"ImageObject\",\"inLanguage\":\"de-AT\",\"@id\":\"https:\\\/\\\/secure.gravatar.com\\\/avatar\\\/34b16fabf25b85f6dfca598572b49f1550123dcf6257a2b930d87eaa672d255c?s=96&d=mm&r=g\",\"url\":\"https:\\\/\\\/secure.gravatar.com\\\/avatar\\\/34b16fabf25b85f6dfca598572b49f1550123dcf6257a2b930d87eaa672d255c?s=96&d=mm&r=g\",\"contentUrl\":\"https:\\\/\\\/secure.gravatar.com\\\/avatar\\\/34b16fabf25b85f6dfca598572b49f1550123dcf6257a2b930d87eaa672d255c?s=96&d=mm&r=g\",\"caption\":\"Administrator\"},\"url\":\"https:\\\/\\\/bglilienfeld.ac.at\\\/cms_wordpress\\\/author\\\/administrator\\\/\"}]}<\/script>\n<!-- \/ Yoast SEO plugin. -->","yoast_head_json":{"title":"Spendenaktion f\u00fcr die Ukraine - BG BRG Lilienfeld","robots":{"index":"index","follow":"follow","max-snippet":"max-snippet:-1","max-image-preview":"max-image-preview:large","max-video-preview":"max-video-preview:-1"},"canonical":"https:\/\/bglilienfeld.ac.at\/cms_wordpress\/2022\/03\/15\/spendenaktion-fuer-die-ukraine\/","og_locale":"de_DE","og_type":"article","og_title":"Spendenaktion f\u00fcr die Ukraine - BG BRG Lilienfeld","og_description":"Die Jugendorganisationen N\u00d6 starteten die Initiative \u201eBlau-gelb hilft blau-gelb\u201c gemeinsam mit dem Zivilschutzverband N\u00d6. Im Bezirk Lilienfeld setzten die Initiative die Landjugend und die Junge \u00d6VP um, unterst\u00fctzt wurden sie dabei von BR Karl Bader, den B\u00e4uerinnen und dem Transportunternehmer Johannes Trost. Als das Gymnasium Lilienfeld davon erfuhr, wollte die Schulgemeinschaft ihren Beitrag dazu leisten. Nach Information an die Eltern &hellip; Continue reading \"Spendenaktion f\u00fcr die Ukraine\"","og_url":"https:\/\/bglilienfeld.ac.at\/cms_wordpress\/2022\/03\/15\/spendenaktion-fuer-die-ukraine\/","og_site_name":"BG BRG Lilienfeld","article_publisher":"https:\/\/facebook.com\/martin.komar.9081","article_published_time":"2022-03-15T11:20:39+00:00","article_modified_time":"2022-03-15T11:20:41+00:00","og_image":[{"width":1024,"height":1024,"url":"https:\/\/bglilienfeld.ac.at\/cms_wordpress\/wp-content\/uploads\/2022\/03\/Vorschaubild.jpg","type":"image\/jpeg"}],"author":"Administrator","twitter_card":"summary_large_image","twitter_misc":{"Verfasst von":"Administrator","Gesch\u00e4tzte Lesezeit":"1 Minute"},"schema":{"@context":"https:\/\/schema.org","@graph":[{"@type":"Article","@id":"https:\/\/bglilienfeld.ac.at\/cms_wordpress\/2022\/03\/15\/spendenaktion-fuer-die-ukraine\/#article","isPartOf":{"@id":"https:\/\/bglilienfeld.ac.at\/cms_wordpress\/2022\/03\/15\/spendenaktion-fuer-die-ukraine\/"},"author":{"name":"Administrator","@id":"https:\/\/bglilienfeld.ac.at\/cms_wordpress\/#\/schema\/person\/1fc3b0a4d15763b2861caab628f949d2"},"headline":"Spendenaktion f\u00fcr die Ukraine","datePublished":"2022-03-15T11:20:39+00:00","dateModified":"2022-03-15T11:20:41+00:00","mainEntityOfPage":{"@id":"https:\/\/bglilienfeld.ac.at\/cms_wordpress\/2022\/03\/15\/spendenaktion-fuer-die-ukraine\/"},"wordCount":245,"image":{"@id":"https:\/\/bglilienfeld.ac.at\/cms_wordpress\/2022\/03\/15\/spendenaktion-fuer-die-ukraine\/#primaryimage"},"thumbnailUrl":"https:\/\/bglilienfeld.ac.at\/cms_wordpress\/wp-content\/uploads\/2022\/03\/Vorschaubild.jpg","inLanguage":"de-AT"},{"@type":"WebPage","@id":"https:\/\/bglilienfeld.ac.at\/cms_wordpress\/2022\/03\/15\/spendenaktion-fuer-die-ukraine\/","url":"https:\/\/bglilienfeld.ac.at\/cms_wordpress\/2022\/03\/15\/spendenaktion-fuer-die-ukraine\/","name":"Spendenaktion f\u00fcr die Ukraine - BG BRG Lilienfeld","isPartOf":{"@id":"https:\/\/bglilienfeld.ac.at\/cms_wordpress\/#website"},"primaryImageOfPage":{"@id":"https:\/\/bglilienfeld.ac.at\/cms_wordpress\/2022\/03\/15\/spendenaktion-fuer-die-ukraine\/#primaryimage"},"image":{"@id":"https:\/\/bglilienfeld.ac.at\/cms_wordpress\/2022\/03\/15\/spendenaktion-fuer-die-ukraine\/#primaryimage"},"thumbnailUrl":"https:\/\/bglilienfeld.ac.at\/cms_wordpress\/wp-content\/uploads\/2022\/03\/Vorschaubild.jpg","datePublished":"2022-03-15T11:20:39+00:00","dateModified":"2022-03-15T11:20:41+00:00","author":{"@id":"https:\/\/bglilienfeld.ac.at\/cms_wordpress\/#\/schema\/person\/1fc3b0a4d15763b2861caab628f949d2"},"breadcrumb":{"@id":"https:\/\/bglilienfeld.ac.at\/cms_wordpress\/2022\/03\/15\/spendenaktion-fuer-die-ukraine\/#breadcrumb"},"inLanguage":"de-AT","potentialAction":[{"@type":"ReadAction","target":["https:\/\/bglilienfeld.ac.at\/cms_wordpress\/2022\/03\/15\/spendenaktion-fuer-die-ukraine\/"]}]},{"@type":"ImageObject","inLanguage":"de-AT","@id":"https:\/\/bglilienfeld.ac.at\/cms_wordpress\/2022\/03\/15\/spendenaktion-fuer-die-ukraine\/#primaryimage","url":"https:\/\/bglilienfeld.ac.at\/cms_wordpress\/wp-content\/uploads\/2022\/03\/Vorschaubild.jpg","contentUrl":"https:\/\/bglilienfeld.ac.at\/cms_wordpress\/wp-content\/uploads\/2022\/03\/Vorschaubild.jpg","width":1024,"height":1024},{"@type":"BreadcrumbList","@id":"https:\/\/bglilienfeld.ac.at\/cms_wordpress\/2022\/03\/15\/spendenaktion-fuer-die-ukraine\/#breadcrumb","itemListElement":[{"@type":"ListItem","position":1,"name":"Startseite","item":"https:\/\/bglilienfeld.ac.at\/cms_wordpress\/"},{"@type":"ListItem","position":2,"name":"Spendenaktion f\u00fcr die Ukraine"}]},{"@type":"WebSite","@id":"https:\/\/bglilienfeld.ac.at\/cms_wordpress\/#website","url":"https:\/\/bglilienfeld.ac.at\/cms_wordpress\/","name":"BG BRG Lilienfeld","description":"Der sinnvollste Zeitvertreib bis zum Wochenende","potentialAction":[{"@type":"SearchAction","target":{"@type":"EntryPoint","urlTemplate":"https:\/\/bglilienfeld.ac.at\/cms_wordpress\/?s={search_term_string}"},"query-input":{"@type":"PropertyValueSpecification","valueRequired":true,"valueName":"search_term_string"}}],"inLanguage":"de-AT"},{"@type":"Person","@id":"https:\/\/bglilienfeld.ac.at\/cms_wordpress\/#\/schema\/person\/1fc3b0a4d15763b2861caab628f949d2","name":"Administrator","image":{"@type":"ImageObject","inLanguage":"de-AT","@id":"https:\/\/secure.gravatar.com\/avatar\/34b16fabf25b85f6dfca598572b49f1550123dcf6257a2b930d87eaa672d255c?s=96&d=mm&r=g","url":"https:\/\/secure.gravatar.com\/avatar\/34b16fabf25b85f6dfca598572b49f1550123dcf6257a2b930d87eaa672d255c?s=96&d=mm&r=g","contentUrl":"https:\/\/secure.gravatar.com\/avatar\/34b16fabf25b85f6dfca598572b49f1550123dcf6257a2b930d87eaa672d255c?s=96&d=mm&r=g","caption":"Administrator"},"url":"https:\/\/bglilienfeld.ac.at\/cms_wordpress\/author\/administrator\/"}]}},"_links":{"self":[{"href":"https:\/\/bglilienfeld.ac.at\/cms_wordpress\/wp-json\/wp\/v2\/posts\/2167","targetHints":{"allow":["GET"]}}],"collection":[{"href":"https:\/\/bglilienfeld.ac.at\/cms_wordpress\/wp-json\/wp\/v2\/posts"}],"about":[{"href":"https:\/\/bglilienfeld.ac.at\/cms_wordpress\/wp-json\/wp\/v2\/types\/post"}],"author":[{"embeddable":true,"href":"https:\/\/bglilienfeld.ac.at\/cms_wordpress\/wp-json\/wp\/v2\/users\/1"}],"replies":[{"embeddable":true,"href":"https:\/\/bglilienfeld.ac.at\/cms_wordpress\/wp-json\/wp\/v2\/comments?post=2167"}],"version-history":[{"count":1,"href":"https:\/\/bglilienfeld.ac.at\/cms_wordpress\/wp-json\/wp\/v2\/posts\/2167\/revisions"}],"predecessor-version":[{"id":2180,"href":"https:\/\/bglilienfeld.ac.at\/cms_wordpress\/wp-json\/wp\/v2\/posts\/2167\/revisions\/2180"}],"wp:featuredmedia":[{"embeddable":true,"href":"https:\/\/bglilienfeld.ac.at\/cms_wordpress\/wp-json\/wp\/v2\/media\/2168"}],"wp:attachment":[{"href":"https:\/\/bglilienfeld.ac.at\/cms_wordpress\/wp-json\/wp\/v2\/media?parent=2167"}],"wp:term":[{"taxonomy":"category","embeddable":true,"href":"https:\/\/bglilienfeld.ac.at\/cms_wordpress\/wp-json\/wp\/v2\/categories?post=2167"},{"taxonomy":"post_tag","embeddable":true,"href":"https:\/\/bglilienfeld.ac.at\/cms_wordpress\/wp-json\/wp\/v2\/tags?post=2167"}],"curies":[{"name":"wp","href":"https:\/\/api.w.org\/{rel}","templated":true}]}}