{"id":2222,"date":"2022-05-13T12:15:40","date_gmt":"2022-05-13T10:15:40","guid":{"rendered":"https:\/\/bglilienfeld.ac.at\/cms_wordpress\/?p=2222"},"modified":"2022-05-13T12:15:51","modified_gmt":"2022-05-13T10:15:51","slug":"see-you-somewhere-in-europe-lilienfelds-junior-botschafterin-bei-der-national-session-vienna","status":"publish","type":"post","link":"https:\/\/bglilienfeld.ac.at\/cms_wordpress\/2022\/05\/13\/see-you-somewhere-in-europe-lilienfelds-junior-botschafterin-bei-der-national-session-vienna\/","title":{"rendered":"See you somewhere in Europe! \u2013 Lilienfelds Junior-Botschafterin bei der National Session Vienna"},"content":{"rendered":"\n<p>Vom 29. April bis zum 2. Mai fand in Wien die National Session Vienna 2022, die vom European Youth Parliament Austria organisiert worden ist, statt. Mit dabei: Franziska Wallner in ihrer T\u00e4tigkeit als Junior-Botschafterin des Europ\u00e4ischen Parlaments. Bei der englischsprachigen Veranstaltung zum Thema \u201eOvercoming Challenges, Designing Tomorrow\u201c trafen sich Jugendliche aus mehr als 10 L\u00e4ndern, um \u00fcber die Zukunft Europas zu diskutieren. Dabei hatten die Teilnehmerinnen und Teilnehmer am ersten Tag zun\u00e4chst die M\u00f6glichkeit, sich besser kennenzulernen. Danach begann ein zweit\u00e4giger Arbeitsprozess, bei dem konkrete L\u00f6sungen f\u00fcr unterschiedliche Probleme, wie die zuk\u00fcnftige Energie-Versorgung Europas oder Desinformationskampagnen innerhalb der EU, erarbeitet wurden. Am Montag, dem 2. Mai, pr\u00e4sentierten die verschiedenen Komitees dann in einer Abschlussversammlung, die die US-Amerikanische Botschafterin in \u00d6sterreich Victoria Reggie Kennedy mit einer Rede er\u00f6ffnete, ihre Ergebnisse.<\/p>\n\n\n\n<p>Damit gingen schlie\u00dflich vier aufregende Tage, an denen viele internationale Freundschaften geschlossen wurden, f\u00fcr die Teilnehmenden mit den Worten \u201eSee you somewhere in Europe!\u201c zu Ende.<\/p>\n\n\n\n<figure class=\"wp-block-image size-full\"><img decoding=\"async\" width=\"576\" height=\"87\" data-src=\"https:\/\/bglilienfeld.ac.at\/cms_wordpress\/wp-content\/uploads\/2022\/05\/European-Youth-Parliament.png\" alt=\"\" class=\"wp-image-2223 lazyload\" data-srcset=\"https:\/\/bglilienfeld.ac.at\/cms_wordpress\/wp-content\/uploads\/2022\/05\/European-Youth-Parliament.png 576w, https:\/\/bglilienfeld.ac.at\/cms_wordpress\/wp-content\/uploads\/2022\/05\/European-Youth-Parliament-300x45.png 300w\" data-sizes=\"(max-width: 576px) 85vw, 576px\" src=\"data:image\/svg+xml;base64,PHN2ZyB3aWR0aD0iMSIgaGVpZ2h0PSIxIiB4bWxucz0iaHR0cDovL3d3dy53My5vcmcvMjAwMC9zdmciPjwvc3ZnPg==\" style=\"--smush-placeholder-width: 576px; --smush-placeholder-aspect-ratio: 576\/87;\" \/><\/figure>\n\n\n\n<p><\/p>\n\n\n\n<p><\/p>\n\n\n\n<p><\/p>\n","protected":false},"excerpt":{"rendered":"<p>Vom 29. April bis zum 2. Mai fand in Wien die National Session Vienna 2022, die vom European Youth Parliament Austria organisiert worden ist, statt. Mit dabei: Franziska Wallner in ihrer T\u00e4tigkeit als Junior-Botschafterin des Europ\u00e4ischen Parlaments. Bei der englischsprachigen Veranstaltung zum Thema \u201eOvercoming Challenges, Designing Tomorrow\u201c trafen sich Jugendliche aus mehr als 10 L\u00e4ndern, um \u00fcber die Zukunft Europas &hellip; <a href=\"https:\/\/bglilienfeld.ac.at\/cms_wordpress\/2022\/05\/13\/see-you-somewhere-in-europe-lilienfelds-junior-botschafterin-bei-der-national-session-vienna\/\" class=\"more-link\">Continue reading<span class=\"screen-reader-text\"> &#8222;See you somewhere in Europe! \u2013 Lilienfelds Junior-Botschafterin bei der National Session Vienna&#8220;<\/span><\/a><\/p>\n","protected":false},"author":1,"featured_media":2224,"comment_status":"closed","ping_status":"closed","sticky":false,"template":"","format":"standard","meta":{"ngg_post_thumbnail":0,"footnotes":""},"categories":[11],"tags":[],"class_list":["post-2222","post","type-post","status-publish","format-standard","has-post-thumbnail","hentry","category-sprachen"],"yoast_head":"<!-- This site is optimized with the Yoast SEO plugin v27.5 - https:\/\/yoast.com\/product\/yoast-seo-wordpress\/ -->\n<title>See you somewhere in Europe! \u2013 Lilienfelds Junior-Botschafterin bei der National Session Vienna - BG BRG Lilienfeld<\/title>\n<meta name=\"robots\" content=\"index, follow, max-snippet:-1, max-image-preview:large, max-video-preview:-1\" \/>\n<link rel=\"canonical\" href=\"https:\/\/bglilienfeld.ac.at\/cms_wordpress\/2022\/05\/13\/see-you-somewhere-in-europe-lilienfelds-junior-botschafterin-bei-der-national-session-vienna\/\" \/>\n<meta property=\"og:locale\" content=\"de_DE\" \/>\n<meta property=\"og:type\" content=\"article\" \/>\n<meta property=\"og:title\" content=\"See you somewhere in Europe! \u2013 Lilienfelds Junior-Botschafterin bei der National Session Vienna - BG BRG Lilienfeld\" \/>\n<meta property=\"og:description\" content=\"Vom 29. April bis zum 2. Mai fand in Wien die National Session Vienna 2022, die vom European Youth Parliament Austria organisiert worden ist, statt. Mit dabei: Franziska Wallner in ihrer T\u00e4tigkeit als Junior-Botschafterin des Europ\u00e4ischen Parlaments. Bei der englischsprachigen Veranstaltung zum Thema \u201eOvercoming Challenges, Designing Tomorrow\u201c trafen sich Jugendliche aus mehr als 10 L\u00e4ndern, um \u00fcber die Zukunft Europas &hellip; Continue reading &quot;See you somewhere in Europe! \u2013 Lilienfelds Junior-Botschafterin bei der National Session Vienna&quot;\" \/>\n<meta property=\"og:url\" content=\"https:\/\/bglilienfeld.ac.at\/cms_wordpress\/2022\/05\/13\/see-you-somewhere-in-europe-lilienfelds-junior-botschafterin-bei-der-national-session-vienna\/\" \/>\n<meta property=\"og:site_name\" content=\"BG BRG Lilienfeld\" \/>\n<meta property=\"article:publisher\" content=\"https:\/\/facebook.com\/martin.komar.9081\" \/>\n<meta property=\"article:published_time\" content=\"2022-05-13T10:15:40+00:00\" \/>\n<meta property=\"article:modified_time\" content=\"2022-05-13T10:15:51+00:00\" \/>\n<meta property=\"og:image\" content=\"https:\/\/bglilienfeld.ac.at\/cms_wordpress\/wp-content\/uploads\/2022\/05\/Flag_of_Europe.png\" \/>\n\t<meta property=\"og:image:width\" content=\"400\" \/>\n\t<meta property=\"og:image:height\" content=\"400\" \/>\n\t<meta property=\"og:image:type\" content=\"image\/png\" \/>\n<meta name=\"author\" content=\"Administrator\" \/>\n<meta name=\"twitter:card\" content=\"summary_large_image\" \/>\n<meta name=\"twitter:label1\" content=\"Verfasst von\" \/>\n\t<meta name=\"twitter:data1\" content=\"Administrator\" \/>\n\t<meta name=\"twitter:label2\" content=\"Gesch\u00e4tzte Lesezeit\" \/>\n\t<meta name=\"twitter:data2\" content=\"1 Minute\" \/>\n<script type=\"application\/ld+json\" class=\"yoast-schema-graph\">{\"@context\":\"https:\\\/\\\/schema.org\",\"@graph\":[{\"@type\":\"Article\",\"@id\":\"https:\\\/\\\/bglilienfeld.ac.at\\\/cms_wordpress\\\/2022\\\/05\\\/13\\\/see-you-somewhere-in-europe-lilienfelds-junior-botschafterin-bei-der-national-session-vienna\\\/#article\",\"isPartOf\":{\"@id\":\"https:\\\/\\\/bglilienfeld.ac.at\\\/cms_wordpress\\\/2022\\\/05\\\/13\\\/see-you-somewhere-in-europe-lilienfelds-junior-botschafterin-bei-der-national-session-vienna\\\/\"},\"author\":{\"name\":\"Administrator\",\"@id\":\"https:\\\/\\\/bglilienfeld.ac.at\\\/cms_wordpress\\\/#\\\/schema\\\/person\\\/1fc3b0a4d15763b2861caab628f949d2\"},\"headline\":\"See you somewhere in Europe! \u2013 Lilienfelds Junior-Botschafterin bei der National Session Vienna\",\"datePublished\":\"2022-05-13T10:15:40+00:00\",\"dateModified\":\"2022-05-13T10:15:51+00:00\",\"mainEntityOfPage\":{\"@id\":\"https:\\\/\\\/bglilienfeld.ac.at\\\/cms_wordpress\\\/2022\\\/05\\\/13\\\/see-you-somewhere-in-europe-lilienfelds-junior-botschafterin-bei-der-national-session-vienna\\\/\"},\"wordCount\":175,\"image\":{\"@id\":\"https:\\\/\\\/bglilienfeld.ac.at\\\/cms_wordpress\\\/2022\\\/05\\\/13\\\/see-you-somewhere-in-europe-lilienfelds-junior-botschafterin-bei-der-national-session-vienna\\\/#primaryimage\"},\"thumbnailUrl\":\"https:\\\/\\\/bglilienfeld.ac.at\\\/cms_wordpress\\\/wp-content\\\/uploads\\\/2022\\\/05\\\/Flag_of_Europe.png\",\"articleSection\":[\"Sprachen\"],\"inLanguage\":\"de-AT\"},{\"@type\":\"WebPage\",\"@id\":\"https:\\\/\\\/bglilienfeld.ac.at\\\/cms_wordpress\\\/2022\\\/05\\\/13\\\/see-you-somewhere-in-europe-lilienfelds-junior-botschafterin-bei-der-national-session-vienna\\\/\",\"url\":\"https:\\\/\\\/bglilienfeld.ac.at\\\/cms_wordpress\\\/2022\\\/05\\\/13\\\/see-you-somewhere-in-europe-lilienfelds-junior-botschafterin-bei-der-national-session-vienna\\\/\",\"name\":\"See you somewhere in Europe! \u2013 Lilienfelds Junior-Botschafterin bei der National Session Vienna - BG BRG Lilienfeld\",\"isPartOf\":{\"@id\":\"https:\\\/\\\/bglilienfeld.ac.at\\\/cms_wordpress\\\/#website\"},\"primaryImageOfPage\":{\"@id\":\"https:\\\/\\\/bglilienfeld.ac.at\\\/cms_wordpress\\\/2022\\\/05\\\/13\\\/see-you-somewhere-in-europe-lilienfelds-junior-botschafterin-bei-der-national-session-vienna\\\/#primaryimage\"},\"image\":{\"@id\":\"https:\\\/\\\/bglilienfeld.ac.at\\\/cms_wordpress\\\/2022\\\/05\\\/13\\\/see-you-somewhere-in-europe-lilienfelds-junior-botschafterin-bei-der-national-session-vienna\\\/#primaryimage\"},\"thumbnailUrl\":\"https:\\\/\\\/bglilienfeld.ac.at\\\/cms_wordpress\\\/wp-content\\\/uploads\\\/2022\\\/05\\\/Flag_of_Europe.png\",\"datePublished\":\"2022-05-13T10:15:40+00:00\",\"dateModified\":\"2022-05-13T10:15:51+00:00\",\"author\":{\"@id\":\"https:\\\/\\\/bglilienfeld.ac.at\\\/cms_wordpress\\\/#\\\/schema\\\/person\\\/1fc3b0a4d15763b2861caab628f949d2\"},\"breadcrumb\":{\"@id\":\"https:\\\/\\\/bglilienfeld.ac.at\\\/cms_wordpress\\\/2022\\\/05\\\/13\\\/see-you-somewhere-in-europe-lilienfelds-junior-botschafterin-bei-der-national-session-vienna\\\/#breadcrumb\"},\"inLanguage\":\"de-AT\",\"potentialAction\":[{\"@type\":\"ReadAction\",\"target\":[\"https:\\\/\\\/bglilienfeld.ac.at\\\/cms_wordpress\\\/2022\\\/05\\\/13\\\/see-you-somewhere-in-europe-lilienfelds-junior-botschafterin-bei-der-national-session-vienna\\\/\"]}]},{\"@type\":\"ImageObject\",\"inLanguage\":\"de-AT\",\"@id\":\"https:\\\/\\\/bglilienfeld.ac.at\\\/cms_wordpress\\\/2022\\\/05\\\/13\\\/see-you-somewhere-in-europe-lilienfelds-junior-botschafterin-bei-der-national-session-vienna\\\/#primaryimage\",\"url\":\"https:\\\/\\\/bglilienfeld.ac.at\\\/cms_wordpress\\\/wp-content\\\/uploads\\\/2022\\\/05\\\/Flag_of_Europe.png\",\"contentUrl\":\"https:\\\/\\\/bglilienfeld.ac.at\\\/cms_wordpress\\\/wp-content\\\/uploads\\\/2022\\\/05\\\/Flag_of_Europe.png\",\"width\":400,\"height\":400},{\"@type\":\"BreadcrumbList\",\"@id\":\"https:\\\/\\\/bglilienfeld.ac.at\\\/cms_wordpress\\\/2022\\\/05\\\/13\\\/see-you-somewhere-in-europe-lilienfelds-junior-botschafterin-bei-der-national-session-vienna\\\/#breadcrumb\",\"itemListElement\":[{\"@type\":\"ListItem\",\"position\":1,\"name\":\"Startseite\",\"item\":\"https:\\\/\\\/bglilienfeld.ac.at\\\/cms_wordpress\\\/\"},{\"@type\":\"ListItem\",\"position\":2,\"name\":\"See you somewhere in Europe! \u2013 Lilienfelds Junior-Botschafterin bei der National Session Vienna\"}]},{\"@type\":\"WebSite\",\"@id\":\"https:\\\/\\\/bglilienfeld.ac.at\\\/cms_wordpress\\\/#website\",\"url\":\"https:\\\/\\\/bglilienfeld.ac.at\\\/cms_wordpress\\\/\",\"name\":\"BG BRG Lilienfeld\",\"description\":\"Der sinnvollste Zeitvertreib bis zum Wochenende\",\"potentialAction\":[{\"@type\":\"SearchAction\",\"target\":{\"@type\":\"EntryPoint\",\"urlTemplate\":\"https:\\\/\\\/bglilienfeld.ac.at\\\/cms_wordpress\\\/?s={search_term_string}\"},\"query-input\":{\"@type\":\"PropertyValueSpecification\",\"valueRequired\":true,\"valueName\":\"search_term_string\"}}],\"inLanguage\":\"de-AT\"},{\"@type\":\"Person\",\"@id\":\"https:\\\/\\\/bglilienfeld.ac.at\\\/cms_wordpress\\\/#\\\/schema\\\/person\\\/1fc3b0a4d15763b2861caab628f949d2\",\"name\":\"Administrator\",\"image\":{\"@type\":\"ImageObject\",\"inLanguage\":\"de-AT\",\"@id\":\"https:\\\/\\\/secure.gravatar.com\\\/avatar\\\/34b16fabf25b85f6dfca598572b49f1550123dcf6257a2b930d87eaa672d255c?s=96&d=mm&r=g\",\"url\":\"https:\\\/\\\/secure.gravatar.com\\\/avatar\\\/34b16fabf25b85f6dfca598572b49f1550123dcf6257a2b930d87eaa672d255c?s=96&d=mm&r=g\",\"contentUrl\":\"https:\\\/\\\/secure.gravatar.com\\\/avatar\\\/34b16fabf25b85f6dfca598572b49f1550123dcf6257a2b930d87eaa672d255c?s=96&d=mm&r=g\",\"caption\":\"Administrator\"},\"url\":\"https:\\\/\\\/bglilienfeld.ac.at\\\/cms_wordpress\\\/author\\\/administrator\\\/\"}]}<\/script>\n<!-- \/ Yoast SEO plugin. -->","yoast_head_json":{"title":"See you somewhere in Europe! \u2013 Lilienfelds Junior-Botschafterin bei der National Session Vienna - BG BRG Lilienfeld","robots":{"index":"index","follow":"follow","max-snippet":"max-snippet:-1","max-image-preview":"max-image-preview:large","max-video-preview":"max-video-preview:-1"},"canonical":"https:\/\/bglilienfeld.ac.at\/cms_wordpress\/2022\/05\/13\/see-you-somewhere-in-europe-lilienfelds-junior-botschafterin-bei-der-national-session-vienna\/","og_locale":"de_DE","og_type":"article","og_title":"See you somewhere in Europe! \u2013 Lilienfelds Junior-Botschafterin bei der National Session Vienna - BG BRG Lilienfeld","og_description":"Vom 29. April bis zum 2. Mai fand in Wien die National Session Vienna 2022, die vom European Youth Parliament Austria organisiert worden ist, statt. Mit dabei: Franziska Wallner in ihrer T\u00e4tigkeit als Junior-Botschafterin des Europ\u00e4ischen Parlaments. Bei der englischsprachigen Veranstaltung zum Thema \u201eOvercoming Challenges, Designing Tomorrow\u201c trafen sich Jugendliche aus mehr als 10 L\u00e4ndern, um \u00fcber die Zukunft Europas &hellip; Continue reading \"See you somewhere in Europe! \u2013 Lilienfelds Junior-Botschafterin bei der National Session Vienna\"","og_url":"https:\/\/bglilienfeld.ac.at\/cms_wordpress\/2022\/05\/13\/see-you-somewhere-in-europe-lilienfelds-junior-botschafterin-bei-der-national-session-vienna\/","og_site_name":"BG BRG Lilienfeld","article_publisher":"https:\/\/facebook.com\/martin.komar.9081","article_published_time":"2022-05-13T10:15:40+00:00","article_modified_time":"2022-05-13T10:15:51+00:00","og_image":[{"width":400,"height":400,"url":"https:\/\/bglilienfeld.ac.at\/cms_wordpress\/wp-content\/uploads\/2022\/05\/Flag_of_Europe.png","type":"image\/png"}],"author":"Administrator","twitter_card":"summary_large_image","twitter_misc":{"Verfasst von":"Administrator","Gesch\u00e4tzte Lesezeit":"1 Minute"},"schema":{"@context":"https:\/\/schema.org","@graph":[{"@type":"Article","@id":"https:\/\/bglilienfeld.ac.at\/cms_wordpress\/2022\/05\/13\/see-you-somewhere-in-europe-lilienfelds-junior-botschafterin-bei-der-national-session-vienna\/#article","isPartOf":{"@id":"https:\/\/bglilienfeld.ac.at\/cms_wordpress\/2022\/05\/13\/see-you-somewhere-in-europe-lilienfelds-junior-botschafterin-bei-der-national-session-vienna\/"},"author":{"name":"Administrator","@id":"https:\/\/bglilienfeld.ac.at\/cms_wordpress\/#\/schema\/person\/1fc3b0a4d15763b2861caab628f949d2"},"headline":"See you somewhere in Europe! \u2013 Lilienfelds Junior-Botschafterin bei der National Session Vienna","datePublished":"2022-05-13T10:15:40+00:00","dateModified":"2022-05-13T10:15:51+00:00","mainEntityOfPage":{"@id":"https:\/\/bglilienfeld.ac.at\/cms_wordpress\/2022\/05\/13\/see-you-somewhere-in-europe-lilienfelds-junior-botschafterin-bei-der-national-session-vienna\/"},"wordCount":175,"image":{"@id":"https:\/\/bglilienfeld.ac.at\/cms_wordpress\/2022\/05\/13\/see-you-somewhere-in-europe-lilienfelds-junior-botschafterin-bei-der-national-session-vienna\/#primaryimage"},"thumbnailUrl":"https:\/\/bglilienfeld.ac.at\/cms_wordpress\/wp-content\/uploads\/2022\/05\/Flag_of_Europe.png","articleSection":["Sprachen"],"inLanguage":"de-AT"},{"@type":"WebPage","@id":"https:\/\/bglilienfeld.ac.at\/cms_wordpress\/2022\/05\/13\/see-you-somewhere-in-europe-lilienfelds-junior-botschafterin-bei-der-national-session-vienna\/","url":"https:\/\/bglilienfeld.ac.at\/cms_wordpress\/2022\/05\/13\/see-you-somewhere-in-europe-lilienfelds-junior-botschafterin-bei-der-national-session-vienna\/","name":"See you somewhere in Europe! \u2013 Lilienfelds Junior-Botschafterin bei der National Session Vienna - BG BRG Lilienfeld","isPartOf":{"@id":"https:\/\/bglilienfeld.ac.at\/cms_wordpress\/#website"},"primaryImageOfPage":{"@id":"https:\/\/bglilienfeld.ac.at\/cms_wordpress\/2022\/05\/13\/see-you-somewhere-in-europe-lilienfelds-junior-botschafterin-bei-der-national-session-vienna\/#primaryimage"},"image":{"@id":"https:\/\/bglilienfeld.ac.at\/cms_wordpress\/2022\/05\/13\/see-you-somewhere-in-europe-lilienfelds-junior-botschafterin-bei-der-national-session-vienna\/#primaryimage"},"thumbnailUrl":"https:\/\/bglilienfeld.ac.at\/cms_wordpress\/wp-content\/uploads\/2022\/05\/Flag_of_Europe.png","datePublished":"2022-05-13T10:15:40+00:00","dateModified":"2022-05-13T10:15:51+00:00","author":{"@id":"https:\/\/bglilienfeld.ac.at\/cms_wordpress\/#\/schema\/person\/1fc3b0a4d15763b2861caab628f949d2"},"breadcrumb":{"@id":"https:\/\/bglilienfeld.ac.at\/cms_wordpress\/2022\/05\/13\/see-you-somewhere-in-europe-lilienfelds-junior-botschafterin-bei-der-national-session-vienna\/#breadcrumb"},"inLanguage":"de-AT","potentialAction":[{"@type":"ReadAction","target":["https:\/\/bglilienfeld.ac.at\/cms_wordpress\/2022\/05\/13\/see-you-somewhere-in-europe-lilienfelds-junior-botschafterin-bei-der-national-session-vienna\/"]}]},{"@type":"ImageObject","inLanguage":"de-AT","@id":"https:\/\/bglilienfeld.ac.at\/cms_wordpress\/2022\/05\/13\/see-you-somewhere-in-europe-lilienfelds-junior-botschafterin-bei-der-national-session-vienna\/#primaryimage","url":"https:\/\/bglilienfeld.ac.at\/cms_wordpress\/wp-content\/uploads\/2022\/05\/Flag_of_Europe.png","contentUrl":"https:\/\/bglilienfeld.ac.at\/cms_wordpress\/wp-content\/uploads\/2022\/05\/Flag_of_Europe.png","width":400,"height":400},{"@type":"BreadcrumbList","@id":"https:\/\/bglilienfeld.ac.at\/cms_wordpress\/2022\/05\/13\/see-you-somewhere-in-europe-lilienfelds-junior-botschafterin-bei-der-national-session-vienna\/#breadcrumb","itemListElement":[{"@type":"ListItem","position":1,"name":"Startseite","item":"https:\/\/bglilienfeld.ac.at\/cms_wordpress\/"},{"@type":"ListItem","position":2,"name":"See you somewhere in Europe! \u2013 Lilienfelds Junior-Botschafterin bei der National Session Vienna"}]},{"@type":"WebSite","@id":"https:\/\/bglilienfeld.ac.at\/cms_wordpress\/#website","url":"https:\/\/bglilienfeld.ac.at\/cms_wordpress\/","name":"BG BRG Lilienfeld","description":"Der sinnvollste Zeitvertreib bis zum Wochenende","potentialAction":[{"@type":"SearchAction","target":{"@type":"EntryPoint","urlTemplate":"https:\/\/bglilienfeld.ac.at\/cms_wordpress\/?s={search_term_string}"},"query-input":{"@type":"PropertyValueSpecification","valueRequired":true,"valueName":"search_term_string"}}],"inLanguage":"de-AT"},{"@type":"Person","@id":"https:\/\/bglilienfeld.ac.at\/cms_wordpress\/#\/schema\/person\/1fc3b0a4d15763b2861caab628f949d2","name":"Administrator","image":{"@type":"ImageObject","inLanguage":"de-AT","@id":"https:\/\/secure.gravatar.com\/avatar\/34b16fabf25b85f6dfca598572b49f1550123dcf6257a2b930d87eaa672d255c?s=96&d=mm&r=g","url":"https:\/\/secure.gravatar.com\/avatar\/34b16fabf25b85f6dfca598572b49f1550123dcf6257a2b930d87eaa672d255c?s=96&d=mm&r=g","contentUrl":"https:\/\/secure.gravatar.com\/avatar\/34b16fabf25b85f6dfca598572b49f1550123dcf6257a2b930d87eaa672d255c?s=96&d=mm&r=g","caption":"Administrator"},"url":"https:\/\/bglilienfeld.ac.at\/cms_wordpress\/author\/administrator\/"}]}},"_links":{"self":[{"href":"https:\/\/bglilienfeld.ac.at\/cms_wordpress\/wp-json\/wp\/v2\/posts\/2222","targetHints":{"allow":["GET"]}}],"collection":[{"href":"https:\/\/bglilienfeld.ac.at\/cms_wordpress\/wp-json\/wp\/v2\/posts"}],"about":[{"href":"https:\/\/bglilienfeld.ac.at\/cms_wordpress\/wp-json\/wp\/v2\/types\/post"}],"author":[{"embeddable":true,"href":"https:\/\/bglilienfeld.ac.at\/cms_wordpress\/wp-json\/wp\/v2\/users\/1"}],"replies":[{"embeddable":true,"href":"https:\/\/bglilienfeld.ac.at\/cms_wordpress\/wp-json\/wp\/v2\/comments?post=2222"}],"version-history":[{"count":2,"href":"https:\/\/bglilienfeld.ac.at\/cms_wordpress\/wp-json\/wp\/v2\/posts\/2222\/revisions"}],"predecessor-version":[{"id":2226,"href":"https:\/\/bglilienfeld.ac.at\/cms_wordpress\/wp-json\/wp\/v2\/posts\/2222\/revisions\/2226"}],"wp:featuredmedia":[{"embeddable":true,"href":"https:\/\/bglilienfeld.ac.at\/cms_wordpress\/wp-json\/wp\/v2\/media\/2224"}],"wp:attachment":[{"href":"https:\/\/bglilienfeld.ac.at\/cms_wordpress\/wp-json\/wp\/v2\/media?parent=2222"}],"wp:term":[{"taxonomy":"category","embeddable":true,"href":"https:\/\/bglilienfeld.ac.at\/cms_wordpress\/wp-json\/wp\/v2\/categories?post=2222"},{"taxonomy":"post_tag","embeddable":true,"href":"https:\/\/bglilienfeld.ac.at\/cms_wordpress\/wp-json\/wp\/v2\/tags?post=2222"}],"curies":[{"name":"wp","href":"https:\/\/api.w.org\/{rel}","templated":true}]}}