{"id":2227,"date":"2022-05-13T12:21:57","date_gmt":"2022-05-13T10:21:57","guid":{"rendered":"https:\/\/bglilienfeld.ac.at\/cms_wordpress\/?p=2227"},"modified":"2022-05-13T12:22:21","modified_gmt":"2022-05-13T10:22:21","slug":"eine-reise-nach-frankreich","status":"publish","type":"post","link":"https:\/\/bglilienfeld.ac.at\/cms_wordpress\/2022\/05\/13\/eine-reise-nach-frankreich\/","title":{"rendered":"Eine Reise nach Frankreich"},"content":{"rendered":"\n<p>Anfang Mai durften 6 Sch\u00fclerinnen und Sch\u00fcler mit 2 Begleitlehrern, finanziert durch ein Erasmus + Projekt, eine Woche in Amiens verbringen.<\/p>\n\n\n\n<p>Nach l\u00e4ngerer Zeit war es f\u00fcr die Sch\u00fclerinnen und Sch\u00fcler des BG\/BRG Lilienfeld endlich wieder so weit: 6 Sch\u00fclerinnen und Sch\u00fcler der 7. Klasse konnten in der ersten Maiwoche eine Projektreise nach Frankreich unternehmen, die von Dr. Christina Scheuch organisiert und von Mag. Roman Tunkl begleitet wurde. Das Ziel dieser Woche war es, im Rahmen des Projekts \u201eLes diff\u00e9rences culturelles entre la France et l\u2019Autriche\u201c die kulturellen Unterschiede zwischen Frankreich und \u00d6sterreich herauszuarbeiten. Dies war eine der Vorgaben, die von der EU gestellt worden ist, damit ein gro\u00dfer Teil der Reisekosten von Erasmus + \u00fcbernommen wird.<\/p>\n\n\n\n<p>Am Sonntag, 1. Mai 2022, traf sich die Reisegruppe um 5 Uhr fr\u00fch am Flughafen in Schwechat. Nach dem Flug wurde die Zeit bis zur Abfahrt des Zuges nach Amiens genutzt, um einen ersten Eindruck von Paris zu bekommen. Am Abend lernten die Sch\u00fclerinnen und Sch\u00fcler ihre Gastfamilien pers\u00f6nlich kennen. Die Aufregung, eine Woche lang in einer fremden Sprache zu kommunizieren, war sehr gro\u00df. Die Gastfamilien waren jedoch nicht vollkommen fremd: Die \u00f6sterreichischen und franz\u00f6sischen Sch\u00fclerinnen und Sch\u00fcler hatten schon ein paar Wochen zuvor damit begonnen, sich online auszutauschen. Dabei wurden zahlreiche Fragen von beiden Seiten gestellt: \u00fcber das Lieblingsessen, Haustiere, Hobbys und noch vieles mehr.<\/p>\n\n\n\n<p>Die Wohnsituation bei den Gastfamilien war f\u00fcr die Lilienfelder Gymnasiasten von Familie zu Familie unterschiedlich. Manche lebten direkt in der Stadt Amiens, andere wohnten in Longeau, einem Ort etwas au\u00dferhalb vom Stadtzentrum. Einige mussten sich die R\u00e4umlichkeiten mit den franz\u00f6sischen Sch\u00fclerinnen und Sch\u00fclern teilen, andere bekamen ein eigenes Zimmer. Au\u00dferdem gab es in allen Familien Haustiere. Eine weitere Gemeinsamkeit war beispielsweise die Liebe der Franzosen zu K\u00e4se.<\/p>\n\n\n\n<p>Die Woche verging wie im Flug. Am Montag wurde die Schule \u201eLyc\u00e9e Robert De Luzarches\u201c vorgestellt und die \u00d6sterreicherinnen und \u00d6sterreicher konnten dort am Unterricht teilnehmen. Nach einem Mittagessen in der Kantine wurde dann nachmittags mit dem europ\u00e4ischen Projekt begonnen. Die L\u00e4nder wurden miteinander verglichen, Stereotypen erkannt und Gruppen f\u00fcr die Pr\u00e4sentation der kulturellen Unterschiede zusammengestellt. Ein paar der Themen waren zum Beispiel Ern\u00e4hrung, Sport, Schule und Musik. Der Abend wurde wieder bei den Familien verbracht.<\/p>\n\n\n\n<p>An den n\u00e4chsten beiden Tagen standen verschiedene Ausfl\u00fcge auf dem Programm. Zuerst ging es auf die Schlachtfelder des ersten Weltkriegs in der Somme-Region. Dort wurden die Jugendlichen abwechselnd auf Deutsch und Franz\u00f6sisch \u00fcber Bombenkrater, Gedenkst\u00e4tten und Sch\u00fctzengr\u00e4ben informiert. Am Mittwoch begaben sich die Sch\u00fclerinnen und Sch\u00fcler zum zweiten Mal nach Paris, wo sie auch die ber\u00fchmte \u201cMona Lisa\u201d im Louvre bewundern konnten.<\/p>\n\n\n\n<p>Der Donnerstag wurde schlie\u00dflich ganzt\u00e4gig in Amiens verbracht. Vormittags wurden die \u00d6sterreicherinnen und \u00d6sterreicher durch die Stadt mit der gr\u00f6\u00dften Kathedrale Frankreichs gef\u00fchrt und am Nachmittag stellten sie gemeinsam mit den franz\u00f6sischen Sch\u00fclerinnen und Sch\u00fclern das Projekt fertig. Am Abend gab es schlie\u00dflich die Gelegenheit, sich im Kulturhaus von Amiens eine sehr moderne Interpretation des St\u00fcckes \u201eDer Untergeher\u201c von Thomas Bernhard auf Franz\u00f6sisch anzusehen.<\/p>\n\n\n\n<p>Am Freitag wurde die Vorstellung des Projekts ge\u00fcbt und es gab noch die Gelegenheit, Souvenirs zu kaufen. Abends wurden die Ergebnisse der gemeinsamen Arbeit von allen Sch\u00fclerinnen und Sch\u00fclern den Gastfamilien pr\u00e4sentiert, von denen sie sich anschlie\u00dfend verabschieden mussten. &nbsp;<\/p>\n\n\n\n<p>Nach der letzten \u00dcbernachtung in Frankreich fiel der Abschied am Samstag tr\u00e4nenreich aus. Mit dem Versprechen, in Kontakt zu bleiben, ging es mit dem Zug nach Paris zur\u00fcck. Dort wurden ein letztes Mal Cr\u00eapes gegessen, Mitbringsel besorgt und Sehensw\u00fcrdigkeiten besucht. Die Reise endete dann endg\u00fcltig am Bahnhof in St. P\u00f6lten, als sich die Wege aller bis zum erneuten Schulbeginn am Montag trennten.<\/p>\n\n\n\nngg_shortcode_0_placeholder\n\n\n\n<p><\/p>\n\n\n\n<p><\/p>\n","protected":false},"excerpt":{"rendered":"<p>Anfang Mai durften 6 Sch\u00fclerinnen und Sch\u00fcler mit 2 Begleitlehrern, finanziert durch ein Erasmus + Projekt, eine Woche in Amiens verbringen. Nach l\u00e4ngerer Zeit war es f\u00fcr die Sch\u00fclerinnen und Sch\u00fcler des BG\/BRG Lilienfeld endlich wieder so weit: 6 Sch\u00fclerinnen und Sch\u00fcler der 7. Klasse konnten in der ersten Maiwoche eine Projektreise nach Frankreich unternehmen, die von Dr. Christina Scheuch &hellip; <a href=\"https:\/\/bglilienfeld.ac.at\/cms_wordpress\/2022\/05\/13\/eine-reise-nach-frankreich\/\" class=\"more-link\">Continue reading<span class=\"screen-reader-text\"> &#8222;Eine Reise nach Frankreich&#8220;<\/span><\/a><\/p>\n","protected":false},"author":1,"featured_media":2244,"comment_status":"closed","ping_status":"closed","sticky":false,"template":"","format":"standard","meta":{"ngg_post_thumbnail":0,"footnotes":""},"categories":[10],"tags":[],"class_list":["post-2227","post","type-post","status-publish","format-standard","has-post-thumbnail","hentry","category-exkursionen"],"yoast_head":"<!-- This site is optimized with the Yoast SEO plugin v27.5 - https:\/\/yoast.com\/product\/yoast-seo-wordpress\/ -->\n<title>Eine Reise nach Frankreich - BG BRG Lilienfeld<\/title>\n<meta name=\"robots\" content=\"index, follow, max-snippet:-1, max-image-preview:large, max-video-preview:-1\" \/>\n<link rel=\"canonical\" href=\"https:\/\/bglilienfeld.ac.at\/cms_wordpress\/2022\/05\/13\/eine-reise-nach-frankreich\/\" \/>\n<meta property=\"og:locale\" content=\"de_DE\" \/>\n<meta property=\"og:type\" content=\"article\" \/>\n<meta property=\"og:title\" content=\"Eine Reise nach Frankreich - BG BRG Lilienfeld\" \/>\n<meta property=\"og:description\" content=\"Anfang Mai durften 6 Sch\u00fclerinnen und Sch\u00fcler mit 2 Begleitlehrern, finanziert durch ein Erasmus + Projekt, eine Woche in Amiens verbringen. Nach l\u00e4ngerer Zeit war es f\u00fcr die Sch\u00fclerinnen und Sch\u00fcler des BG\/BRG Lilienfeld endlich wieder so weit: 6 Sch\u00fclerinnen und Sch\u00fcler der 7. Klasse konnten in der ersten Maiwoche eine Projektreise nach Frankreich unternehmen, die von Dr. Christina Scheuch &hellip; Continue reading &quot;Eine Reise nach Frankreich&quot;\" \/>\n<meta property=\"og:url\" content=\"https:\/\/bglilienfeld.ac.at\/cms_wordpress\/2022\/05\/13\/eine-reise-nach-frankreich\/\" \/>\n<meta property=\"og:site_name\" content=\"BG BRG Lilienfeld\" \/>\n<meta property=\"article:publisher\" content=\"https:\/\/facebook.com\/martin.komar.9081\" \/>\n<meta property=\"article:published_time\" content=\"2022-05-13T10:21:57+00:00\" \/>\n<meta property=\"article:modified_time\" content=\"2022-05-13T10:22:21+00:00\" \/>\n<meta property=\"og:image\" content=\"https:\/\/bglilienfeld.ac.at\/cms_wordpress\/wp-content\/uploads\/2022\/05\/Frankreichreise-2022-1-Vorschau.jpg\" \/>\n\t<meta property=\"og:image:width\" content=\"400\" \/>\n\t<meta property=\"og:image:height\" content=\"400\" \/>\n\t<meta property=\"og:image:type\" content=\"image\/jpeg\" \/>\n<meta name=\"author\" content=\"Administrator\" \/>\n<meta name=\"twitter:card\" content=\"summary_large_image\" \/>\n<meta name=\"twitter:label1\" content=\"Verfasst von\" \/>\n\t<meta name=\"twitter:data1\" content=\"Administrator\" \/>\n\t<meta name=\"twitter:label2\" content=\"Gesch\u00e4tzte Lesezeit\" \/>\n\t<meta name=\"twitter:data2\" content=\"3 Minuten\" \/>\n<script type=\"application\/ld+json\" class=\"yoast-schema-graph\">{\"@context\":\"https:\\\/\\\/schema.org\",\"@graph\":[{\"@type\":\"Article\",\"@id\":\"https:\\\/\\\/bglilienfeld.ac.at\\\/cms_wordpress\\\/2022\\\/05\\\/13\\\/eine-reise-nach-frankreich\\\/#article\",\"isPartOf\":{\"@id\":\"https:\\\/\\\/bglilienfeld.ac.at\\\/cms_wordpress\\\/2022\\\/05\\\/13\\\/eine-reise-nach-frankreich\\\/\"},\"author\":{\"name\":\"Administrator\",\"@id\":\"https:\\\/\\\/bglilienfeld.ac.at\\\/cms_wordpress\\\/#\\\/schema\\\/person\\\/1fc3b0a4d15763b2861caab628f949d2\"},\"headline\":\"Eine Reise nach Frankreich\",\"datePublished\":\"2022-05-13T10:21:57+00:00\",\"dateModified\":\"2022-05-13T10:22:21+00:00\",\"mainEntityOfPage\":{\"@id\":\"https:\\\/\\\/bglilienfeld.ac.at\\\/cms_wordpress\\\/2022\\\/05\\\/13\\\/eine-reise-nach-frankreich\\\/\"},\"wordCount\":661,\"image\":{\"@id\":\"https:\\\/\\\/bglilienfeld.ac.at\\\/cms_wordpress\\\/2022\\\/05\\\/13\\\/eine-reise-nach-frankreich\\\/#primaryimage\"},\"thumbnailUrl\":\"https:\\\/\\\/bglilienfeld.ac.at\\\/cms_wordpress\\\/wp-content\\\/uploads\\\/2022\\\/05\\\/Frankreichreise-2022-1-Vorschau.jpg\",\"articleSection\":[\"Exkursionen und Projektwochen\"],\"inLanguage\":\"de-AT\"},{\"@type\":\"WebPage\",\"@id\":\"https:\\\/\\\/bglilienfeld.ac.at\\\/cms_wordpress\\\/2022\\\/05\\\/13\\\/eine-reise-nach-frankreich\\\/\",\"url\":\"https:\\\/\\\/bglilienfeld.ac.at\\\/cms_wordpress\\\/2022\\\/05\\\/13\\\/eine-reise-nach-frankreich\\\/\",\"name\":\"Eine Reise nach Frankreich - BG BRG Lilienfeld\",\"isPartOf\":{\"@id\":\"https:\\\/\\\/bglilienfeld.ac.at\\\/cms_wordpress\\\/#website\"},\"primaryImageOfPage\":{\"@id\":\"https:\\\/\\\/bglilienfeld.ac.at\\\/cms_wordpress\\\/2022\\\/05\\\/13\\\/eine-reise-nach-frankreich\\\/#primaryimage\"},\"image\":{\"@id\":\"https:\\\/\\\/bglilienfeld.ac.at\\\/cms_wordpress\\\/2022\\\/05\\\/13\\\/eine-reise-nach-frankreich\\\/#primaryimage\"},\"thumbnailUrl\":\"https:\\\/\\\/bglilienfeld.ac.at\\\/cms_wordpress\\\/wp-content\\\/uploads\\\/2022\\\/05\\\/Frankreichreise-2022-1-Vorschau.jpg\",\"datePublished\":\"2022-05-13T10:21:57+00:00\",\"dateModified\":\"2022-05-13T10:22:21+00:00\",\"author\":{\"@id\":\"https:\\\/\\\/bglilienfeld.ac.at\\\/cms_wordpress\\\/#\\\/schema\\\/person\\\/1fc3b0a4d15763b2861caab628f949d2\"},\"breadcrumb\":{\"@id\":\"https:\\\/\\\/bglilienfeld.ac.at\\\/cms_wordpress\\\/2022\\\/05\\\/13\\\/eine-reise-nach-frankreich\\\/#breadcrumb\"},\"inLanguage\":\"de-AT\",\"potentialAction\":[{\"@type\":\"ReadAction\",\"target\":[\"https:\\\/\\\/bglilienfeld.ac.at\\\/cms_wordpress\\\/2022\\\/05\\\/13\\\/eine-reise-nach-frankreich\\\/\"]}]},{\"@type\":\"ImageObject\",\"inLanguage\":\"de-AT\",\"@id\":\"https:\\\/\\\/bglilienfeld.ac.at\\\/cms_wordpress\\\/2022\\\/05\\\/13\\\/eine-reise-nach-frankreich\\\/#primaryimage\",\"url\":\"https:\\\/\\\/bglilienfeld.ac.at\\\/cms_wordpress\\\/wp-content\\\/uploads\\\/2022\\\/05\\\/Frankreichreise-2022-1-Vorschau.jpg\",\"contentUrl\":\"https:\\\/\\\/bglilienfeld.ac.at\\\/cms_wordpress\\\/wp-content\\\/uploads\\\/2022\\\/05\\\/Frankreichreise-2022-1-Vorschau.jpg\",\"width\":400,\"height\":400},{\"@type\":\"BreadcrumbList\",\"@id\":\"https:\\\/\\\/bglilienfeld.ac.at\\\/cms_wordpress\\\/2022\\\/05\\\/13\\\/eine-reise-nach-frankreich\\\/#breadcrumb\",\"itemListElement\":[{\"@type\":\"ListItem\",\"position\":1,\"name\":\"Startseite\",\"item\":\"https:\\\/\\\/bglilienfeld.ac.at\\\/cms_wordpress\\\/\"},{\"@type\":\"ListItem\",\"position\":2,\"name\":\"Eine Reise nach Frankreich\"}]},{\"@type\":\"WebSite\",\"@id\":\"https:\\\/\\\/bglilienfeld.ac.at\\\/cms_wordpress\\\/#website\",\"url\":\"https:\\\/\\\/bglilienfeld.ac.at\\\/cms_wordpress\\\/\",\"name\":\"BG BRG Lilienfeld\",\"description\":\"Der sinnvollste Zeitvertreib bis zum Wochenende\",\"potentialAction\":[{\"@type\":\"SearchAction\",\"target\":{\"@type\":\"EntryPoint\",\"urlTemplate\":\"https:\\\/\\\/bglilienfeld.ac.at\\\/cms_wordpress\\\/?s={search_term_string}\"},\"query-input\":{\"@type\":\"PropertyValueSpecification\",\"valueRequired\":true,\"valueName\":\"search_term_string\"}}],\"inLanguage\":\"de-AT\"},{\"@type\":\"Person\",\"@id\":\"https:\\\/\\\/bglilienfeld.ac.at\\\/cms_wordpress\\\/#\\\/schema\\\/person\\\/1fc3b0a4d15763b2861caab628f949d2\",\"name\":\"Administrator\",\"image\":{\"@type\":\"ImageObject\",\"inLanguage\":\"de-AT\",\"@id\":\"https:\\\/\\\/secure.gravatar.com\\\/avatar\\\/34b16fabf25b85f6dfca598572b49f1550123dcf6257a2b930d87eaa672d255c?s=96&d=mm&r=g\",\"url\":\"https:\\\/\\\/secure.gravatar.com\\\/avatar\\\/34b16fabf25b85f6dfca598572b49f1550123dcf6257a2b930d87eaa672d255c?s=96&d=mm&r=g\",\"contentUrl\":\"https:\\\/\\\/secure.gravatar.com\\\/avatar\\\/34b16fabf25b85f6dfca598572b49f1550123dcf6257a2b930d87eaa672d255c?s=96&d=mm&r=g\",\"caption\":\"Administrator\"},\"url\":\"https:\\\/\\\/bglilienfeld.ac.at\\\/cms_wordpress\\\/author\\\/administrator\\\/\"}]}<\/script>\n<!-- \/ Yoast SEO plugin. -->","yoast_head_json":{"title":"Eine Reise nach Frankreich - BG BRG Lilienfeld","robots":{"index":"index","follow":"follow","max-snippet":"max-snippet:-1","max-image-preview":"max-image-preview:large","max-video-preview":"max-video-preview:-1"},"canonical":"https:\/\/bglilienfeld.ac.at\/cms_wordpress\/2022\/05\/13\/eine-reise-nach-frankreich\/","og_locale":"de_DE","og_type":"article","og_title":"Eine Reise nach Frankreich - BG BRG Lilienfeld","og_description":"Anfang Mai durften 6 Sch\u00fclerinnen und Sch\u00fcler mit 2 Begleitlehrern, finanziert durch ein Erasmus + Projekt, eine Woche in Amiens verbringen. Nach l\u00e4ngerer Zeit war es f\u00fcr die Sch\u00fclerinnen und Sch\u00fcler des BG\/BRG Lilienfeld endlich wieder so weit: 6 Sch\u00fclerinnen und Sch\u00fcler der 7. Klasse konnten in der ersten Maiwoche eine Projektreise nach Frankreich unternehmen, die von Dr. Christina Scheuch &hellip; Continue reading \"Eine Reise nach Frankreich\"","og_url":"https:\/\/bglilienfeld.ac.at\/cms_wordpress\/2022\/05\/13\/eine-reise-nach-frankreich\/","og_site_name":"BG BRG Lilienfeld","article_publisher":"https:\/\/facebook.com\/martin.komar.9081","article_published_time":"2022-05-13T10:21:57+00:00","article_modified_time":"2022-05-13T10:22:21+00:00","og_image":[{"width":400,"height":400,"url":"https:\/\/bglilienfeld.ac.at\/cms_wordpress\/wp-content\/uploads\/2022\/05\/Frankreichreise-2022-1-Vorschau.jpg","type":"image\/jpeg"}],"author":"Administrator","twitter_card":"summary_large_image","twitter_misc":{"Verfasst von":"Administrator","Gesch\u00e4tzte Lesezeit":"3 Minuten"},"schema":{"@context":"https:\/\/schema.org","@graph":[{"@type":"Article","@id":"https:\/\/bglilienfeld.ac.at\/cms_wordpress\/2022\/05\/13\/eine-reise-nach-frankreich\/#article","isPartOf":{"@id":"https:\/\/bglilienfeld.ac.at\/cms_wordpress\/2022\/05\/13\/eine-reise-nach-frankreich\/"},"author":{"name":"Administrator","@id":"https:\/\/bglilienfeld.ac.at\/cms_wordpress\/#\/schema\/person\/1fc3b0a4d15763b2861caab628f949d2"},"headline":"Eine Reise nach Frankreich","datePublished":"2022-05-13T10:21:57+00:00","dateModified":"2022-05-13T10:22:21+00:00","mainEntityOfPage":{"@id":"https:\/\/bglilienfeld.ac.at\/cms_wordpress\/2022\/05\/13\/eine-reise-nach-frankreich\/"},"wordCount":661,"image":{"@id":"https:\/\/bglilienfeld.ac.at\/cms_wordpress\/2022\/05\/13\/eine-reise-nach-frankreich\/#primaryimage"},"thumbnailUrl":"https:\/\/bglilienfeld.ac.at\/cms_wordpress\/wp-content\/uploads\/2022\/05\/Frankreichreise-2022-1-Vorschau.jpg","articleSection":["Exkursionen und Projektwochen"],"inLanguage":"de-AT"},{"@type":"WebPage","@id":"https:\/\/bglilienfeld.ac.at\/cms_wordpress\/2022\/05\/13\/eine-reise-nach-frankreich\/","url":"https:\/\/bglilienfeld.ac.at\/cms_wordpress\/2022\/05\/13\/eine-reise-nach-frankreich\/","name":"Eine Reise nach Frankreich - BG BRG Lilienfeld","isPartOf":{"@id":"https:\/\/bglilienfeld.ac.at\/cms_wordpress\/#website"},"primaryImageOfPage":{"@id":"https:\/\/bglilienfeld.ac.at\/cms_wordpress\/2022\/05\/13\/eine-reise-nach-frankreich\/#primaryimage"},"image":{"@id":"https:\/\/bglilienfeld.ac.at\/cms_wordpress\/2022\/05\/13\/eine-reise-nach-frankreich\/#primaryimage"},"thumbnailUrl":"https:\/\/bglilienfeld.ac.at\/cms_wordpress\/wp-content\/uploads\/2022\/05\/Frankreichreise-2022-1-Vorschau.jpg","datePublished":"2022-05-13T10:21:57+00:00","dateModified":"2022-05-13T10:22:21+00:00","author":{"@id":"https:\/\/bglilienfeld.ac.at\/cms_wordpress\/#\/schema\/person\/1fc3b0a4d15763b2861caab628f949d2"},"breadcrumb":{"@id":"https:\/\/bglilienfeld.ac.at\/cms_wordpress\/2022\/05\/13\/eine-reise-nach-frankreich\/#breadcrumb"},"inLanguage":"de-AT","potentialAction":[{"@type":"ReadAction","target":["https:\/\/bglilienfeld.ac.at\/cms_wordpress\/2022\/05\/13\/eine-reise-nach-frankreich\/"]}]},{"@type":"ImageObject","inLanguage":"de-AT","@id":"https:\/\/bglilienfeld.ac.at\/cms_wordpress\/2022\/05\/13\/eine-reise-nach-frankreich\/#primaryimage","url":"https:\/\/bglilienfeld.ac.at\/cms_wordpress\/wp-content\/uploads\/2022\/05\/Frankreichreise-2022-1-Vorschau.jpg","contentUrl":"https:\/\/bglilienfeld.ac.at\/cms_wordpress\/wp-content\/uploads\/2022\/05\/Frankreichreise-2022-1-Vorschau.jpg","width":400,"height":400},{"@type":"BreadcrumbList","@id":"https:\/\/bglilienfeld.ac.at\/cms_wordpress\/2022\/05\/13\/eine-reise-nach-frankreich\/#breadcrumb","itemListElement":[{"@type":"ListItem","position":1,"name":"Startseite","item":"https:\/\/bglilienfeld.ac.at\/cms_wordpress\/"},{"@type":"ListItem","position":2,"name":"Eine Reise nach Frankreich"}]},{"@type":"WebSite","@id":"https:\/\/bglilienfeld.ac.at\/cms_wordpress\/#website","url":"https:\/\/bglilienfeld.ac.at\/cms_wordpress\/","name":"BG BRG Lilienfeld","description":"Der sinnvollste Zeitvertreib bis zum Wochenende","potentialAction":[{"@type":"SearchAction","target":{"@type":"EntryPoint","urlTemplate":"https:\/\/bglilienfeld.ac.at\/cms_wordpress\/?s={search_term_string}"},"query-input":{"@type":"PropertyValueSpecification","valueRequired":true,"valueName":"search_term_string"}}],"inLanguage":"de-AT"},{"@type":"Person","@id":"https:\/\/bglilienfeld.ac.at\/cms_wordpress\/#\/schema\/person\/1fc3b0a4d15763b2861caab628f949d2","name":"Administrator","image":{"@type":"ImageObject","inLanguage":"de-AT","@id":"https:\/\/secure.gravatar.com\/avatar\/34b16fabf25b85f6dfca598572b49f1550123dcf6257a2b930d87eaa672d255c?s=96&d=mm&r=g","url":"https:\/\/secure.gravatar.com\/avatar\/34b16fabf25b85f6dfca598572b49f1550123dcf6257a2b930d87eaa672d255c?s=96&d=mm&r=g","contentUrl":"https:\/\/secure.gravatar.com\/avatar\/34b16fabf25b85f6dfca598572b49f1550123dcf6257a2b930d87eaa672d255c?s=96&d=mm&r=g","caption":"Administrator"},"url":"https:\/\/bglilienfeld.ac.at\/cms_wordpress\/author\/administrator\/"}]}},"_links":{"self":[{"href":"https:\/\/bglilienfeld.ac.at\/cms_wordpress\/wp-json\/wp\/v2\/posts\/2227","targetHints":{"allow":["GET"]}}],"collection":[{"href":"https:\/\/bglilienfeld.ac.at\/cms_wordpress\/wp-json\/wp\/v2\/posts"}],"about":[{"href":"https:\/\/bglilienfeld.ac.at\/cms_wordpress\/wp-json\/wp\/v2\/types\/post"}],"author":[{"embeddable":true,"href":"https:\/\/bglilienfeld.ac.at\/cms_wordpress\/wp-json\/wp\/v2\/users\/1"}],"replies":[{"embeddable":true,"href":"https:\/\/bglilienfeld.ac.at\/cms_wordpress\/wp-json\/wp\/v2\/comments?post=2227"}],"version-history":[{"count":2,"href":"https:\/\/bglilienfeld.ac.at\/cms_wordpress\/wp-json\/wp\/v2\/posts\/2227\/revisions"}],"predecessor-version":[{"id":2246,"href":"https:\/\/bglilienfeld.ac.at\/cms_wordpress\/wp-json\/wp\/v2\/posts\/2227\/revisions\/2246"}],"wp:featuredmedia":[{"embeddable":true,"href":"https:\/\/bglilienfeld.ac.at\/cms_wordpress\/wp-json\/wp\/v2\/media\/2244"}],"wp:attachment":[{"href":"https:\/\/bglilienfeld.ac.at\/cms_wordpress\/wp-json\/wp\/v2\/media?parent=2227"}],"wp:term":[{"taxonomy":"category","embeddable":true,"href":"https:\/\/bglilienfeld.ac.at\/cms_wordpress\/wp-json\/wp\/v2\/categories?post=2227"},{"taxonomy":"post_tag","embeddable":true,"href":"https:\/\/bglilienfeld.ac.at\/cms_wordpress\/wp-json\/wp\/v2\/tags?post=2227"}],"curies":[{"name":"wp","href":"https:\/\/api.w.org\/{rel}","templated":true}]}}