{"id":2308,"date":"2022-06-22T19:33:55","date_gmt":"2022-06-22T17:33:55","guid":{"rendered":"https:\/\/bglilienfeld.ac.at\/cms_wordpress\/?p=2308"},"modified":"2022-06-22T19:33:57","modified_gmt":"2022-06-22T17:33:57","slug":"schulchor-in-grafenegg","status":"publish","type":"post","link":"https:\/\/bglilienfeld.ac.at\/cms_wordpress\/2022\/06\/22\/schulchor-in-grafenegg\/","title":{"rendered":"Schulchor in Grafenegg"},"content":{"rendered":"\n<p>Am Montag, dem 13.Juni, durfte der Schulchor an dem nieder\u00f6sterreichweiten Schulch\u00f6retreffen \u201eCHORISSIMO\u201c in Grafenegg teilnehmen, welches heuer unter dem Motto \u201e100 Jahre N\u00d6\u201c stand.<\/p>\n\n\n\n<p>Die Vorfreude darauf, in dem sch\u00f6nen Auditorium ein Konzert mitzugestalten, war bei den 18 S\u00e4ngerinnen und S\u00e4ngern gro\u00df! Nach dem morgendlichen Einsingen im Kaisersaal fuhren wir per Bus, dankenswerterweise mitfinanziert durch den Elternverein, nach Grafenegg und nutzten das sch\u00f6ne Wetter, um uns im Wolkenturm einzustimmen. Gleich als zweiter act durften wir dann die B\u00fchne des Auditoriums betreten, um den \u201eLahnsattler Holzknecht\u201c, den \u201eEichberger Jodler\u201c und \u201eOnly Time\u201c von Enya darzubieten. Anschlie\u00dfend genossen wir das Konzert aus den Publikumsreihen und lauschten anderen Gymnasien, Mittelschulen und Volksschulen bei ihren abwechslungsreichen Auftritten. Es war ein wundersch\u00f6nes Erlebnis, so vielen begeisterten Kindern beim Singen zuzuh\u00f6ren und \u2013 nach so schwierigen Jahren &#8211; dieses gemeinsame Zeichen f\u00fcr das Musizieren an Schulen zu setzen.<\/p>\n\n\n\n<p>Mag. Agnes Schaffhauser<\/p>\n\n\n\nngg_shortcode_0_placeholder\n\n\n\n<p><\/p>\n","protected":false},"excerpt":{"rendered":"<p>Am Montag, dem 13.Juni, durfte der Schulchor an dem nieder\u00f6sterreichweiten Schulch\u00f6retreffen \u201eCHORISSIMO\u201c in Grafenegg teilnehmen, welches heuer unter dem Motto \u201e100 Jahre N\u00d6\u201c stand. Die Vorfreude darauf, in dem sch\u00f6nen Auditorium ein Konzert mitzugestalten, war bei den 18 S\u00e4ngerinnen und S\u00e4ngern gro\u00df! Nach dem morgendlichen Einsingen im Kaisersaal fuhren wir per Bus, dankenswerterweise mitfinanziert durch den Elternverein, nach Grafenegg und &hellip; <a href=\"https:\/\/bglilienfeld.ac.at\/cms_wordpress\/2022\/06\/22\/schulchor-in-grafenegg\/\" class=\"more-link\">Continue reading<span class=\"screen-reader-text\"> &#8222;Schulchor in Grafenegg&#8220;<\/span><\/a><\/p>\n","protected":false},"author":1,"featured_media":2318,"comment_status":"closed","ping_status":"closed","sticky":false,"template":"","format":"standard","meta":{"ngg_post_thumbnail":0,"footnotes":""},"categories":[10,8],"tags":[],"class_list":["post-2308","post","type-post","status-publish","format-standard","has-post-thumbnail","hentry","category-exkursionen","category-kunst-und-kultur"],"yoast_head":"<!-- This site is optimized with the Yoast SEO plugin v27.5 - https:\/\/yoast.com\/product\/yoast-seo-wordpress\/ -->\n<title>Schulchor in Grafenegg - BG BRG Lilienfeld<\/title>\n<meta name=\"robots\" content=\"index, follow, max-snippet:-1, max-image-preview:large, max-video-preview:-1\" \/>\n<link rel=\"canonical\" href=\"https:\/\/bglilienfeld.ac.at\/cms_wordpress\/2022\/06\/22\/schulchor-in-grafenegg\/\" \/>\n<meta property=\"og:locale\" content=\"de_DE\" \/>\n<meta property=\"og:type\" content=\"article\" \/>\n<meta property=\"og:title\" content=\"Schulchor in Grafenegg - BG BRG Lilienfeld\" \/>\n<meta property=\"og:description\" content=\"Am Montag, dem 13.Juni, durfte der Schulchor an dem nieder\u00f6sterreichweiten Schulch\u00f6retreffen \u201eCHORISSIMO\u201c in Grafenegg teilnehmen, welches heuer unter dem Motto \u201e100 Jahre N\u00d6\u201c stand. Die Vorfreude darauf, in dem sch\u00f6nen Auditorium ein Konzert mitzugestalten, war bei den 18 S\u00e4ngerinnen und S\u00e4ngern gro\u00df! Nach dem morgendlichen Einsingen im Kaisersaal fuhren wir per Bus, dankenswerterweise mitfinanziert durch den Elternverein, nach Grafenegg und &hellip; Continue reading &quot;Schulchor in Grafenegg&quot;\" \/>\n<meta property=\"og:url\" content=\"https:\/\/bglilienfeld.ac.at\/cms_wordpress\/2022\/06\/22\/schulchor-in-grafenegg\/\" \/>\n<meta property=\"og:site_name\" content=\"BG BRG Lilienfeld\" \/>\n<meta property=\"article:publisher\" content=\"https:\/\/facebook.com\/martin.komar.9081\" \/>\n<meta property=\"article:published_time\" content=\"2022-06-22T17:33:55+00:00\" \/>\n<meta property=\"article:modified_time\" content=\"2022-06-22T17:33:57+00:00\" \/>\n<meta property=\"og:image\" content=\"https:\/\/bglilienfeld.ac.at\/cms_wordpress\/wp-content\/uploads\/2022\/06\/33-Grafenegg-34.jpg\" \/>\n\t<meta property=\"og:image:width\" content=\"400\" \/>\n\t<meta property=\"og:image:height\" content=\"400\" \/>\n\t<meta property=\"og:image:type\" content=\"image\/jpeg\" \/>\n<meta name=\"author\" content=\"Administrator\" \/>\n<meta name=\"twitter:card\" content=\"summary_large_image\" \/>\n<meta name=\"twitter:label1\" content=\"Verfasst von\" \/>\n\t<meta name=\"twitter:data1\" content=\"Administrator\" \/>\n\t<meta name=\"twitter:label2\" content=\"Gesch\u00e4tzte Lesezeit\" \/>\n\t<meta name=\"twitter:data2\" content=\"1 Minute\" \/>\n<script type=\"application\/ld+json\" class=\"yoast-schema-graph\">{\"@context\":\"https:\\\/\\\/schema.org\",\"@graph\":[{\"@type\":\"Article\",\"@id\":\"https:\\\/\\\/bglilienfeld.ac.at\\\/cms_wordpress\\\/2022\\\/06\\\/22\\\/schulchor-in-grafenegg\\\/#article\",\"isPartOf\":{\"@id\":\"https:\\\/\\\/bglilienfeld.ac.at\\\/cms_wordpress\\\/2022\\\/06\\\/22\\\/schulchor-in-grafenegg\\\/\"},\"author\":{\"name\":\"Administrator\",\"@id\":\"https:\\\/\\\/bglilienfeld.ac.at\\\/cms_wordpress\\\/#\\\/schema\\\/person\\\/1fc3b0a4d15763b2861caab628f949d2\"},\"headline\":\"Schulchor in Grafenegg\",\"datePublished\":\"2022-06-22T17:33:55+00:00\",\"dateModified\":\"2022-06-22T17:33:57+00:00\",\"mainEntityOfPage\":{\"@id\":\"https:\\\/\\\/bglilienfeld.ac.at\\\/cms_wordpress\\\/2022\\\/06\\\/22\\\/schulchor-in-grafenegg\\\/\"},\"wordCount\":165,\"image\":{\"@id\":\"https:\\\/\\\/bglilienfeld.ac.at\\\/cms_wordpress\\\/2022\\\/06\\\/22\\\/schulchor-in-grafenegg\\\/#primaryimage\"},\"thumbnailUrl\":\"https:\\\/\\\/bglilienfeld.ac.at\\\/cms_wordpress\\\/wp-content\\\/uploads\\\/2022\\\/06\\\/33-Grafenegg-34.jpg\",\"articleSection\":[\"Exkursionen und Projektwochen\",\"Kunst und Kultur\"],\"inLanguage\":\"de-AT\"},{\"@type\":\"WebPage\",\"@id\":\"https:\\\/\\\/bglilienfeld.ac.at\\\/cms_wordpress\\\/2022\\\/06\\\/22\\\/schulchor-in-grafenegg\\\/\",\"url\":\"https:\\\/\\\/bglilienfeld.ac.at\\\/cms_wordpress\\\/2022\\\/06\\\/22\\\/schulchor-in-grafenegg\\\/\",\"name\":\"Schulchor in Grafenegg - BG BRG Lilienfeld\",\"isPartOf\":{\"@id\":\"https:\\\/\\\/bglilienfeld.ac.at\\\/cms_wordpress\\\/#website\"},\"primaryImageOfPage\":{\"@id\":\"https:\\\/\\\/bglilienfeld.ac.at\\\/cms_wordpress\\\/2022\\\/06\\\/22\\\/schulchor-in-grafenegg\\\/#primaryimage\"},\"image\":{\"@id\":\"https:\\\/\\\/bglilienfeld.ac.at\\\/cms_wordpress\\\/2022\\\/06\\\/22\\\/schulchor-in-grafenegg\\\/#primaryimage\"},\"thumbnailUrl\":\"https:\\\/\\\/bglilienfeld.ac.at\\\/cms_wordpress\\\/wp-content\\\/uploads\\\/2022\\\/06\\\/33-Grafenegg-34.jpg\",\"datePublished\":\"2022-06-22T17:33:55+00:00\",\"dateModified\":\"2022-06-22T17:33:57+00:00\",\"author\":{\"@id\":\"https:\\\/\\\/bglilienfeld.ac.at\\\/cms_wordpress\\\/#\\\/schema\\\/person\\\/1fc3b0a4d15763b2861caab628f949d2\"},\"breadcrumb\":{\"@id\":\"https:\\\/\\\/bglilienfeld.ac.at\\\/cms_wordpress\\\/2022\\\/06\\\/22\\\/schulchor-in-grafenegg\\\/#breadcrumb\"},\"inLanguage\":\"de-AT\",\"potentialAction\":[{\"@type\":\"ReadAction\",\"target\":[\"https:\\\/\\\/bglilienfeld.ac.at\\\/cms_wordpress\\\/2022\\\/06\\\/22\\\/schulchor-in-grafenegg\\\/\"]}]},{\"@type\":\"ImageObject\",\"inLanguage\":\"de-AT\",\"@id\":\"https:\\\/\\\/bglilienfeld.ac.at\\\/cms_wordpress\\\/2022\\\/06\\\/22\\\/schulchor-in-grafenegg\\\/#primaryimage\",\"url\":\"https:\\\/\\\/bglilienfeld.ac.at\\\/cms_wordpress\\\/wp-content\\\/uploads\\\/2022\\\/06\\\/33-Grafenegg-34.jpg\",\"contentUrl\":\"https:\\\/\\\/bglilienfeld.ac.at\\\/cms_wordpress\\\/wp-content\\\/uploads\\\/2022\\\/06\\\/33-Grafenegg-34.jpg\",\"width\":400,\"height\":400},{\"@type\":\"BreadcrumbList\",\"@id\":\"https:\\\/\\\/bglilienfeld.ac.at\\\/cms_wordpress\\\/2022\\\/06\\\/22\\\/schulchor-in-grafenegg\\\/#breadcrumb\",\"itemListElement\":[{\"@type\":\"ListItem\",\"position\":1,\"name\":\"Startseite\",\"item\":\"https:\\\/\\\/bglilienfeld.ac.at\\\/cms_wordpress\\\/\"},{\"@type\":\"ListItem\",\"position\":2,\"name\":\"Schulchor in Grafenegg\"}]},{\"@type\":\"WebSite\",\"@id\":\"https:\\\/\\\/bglilienfeld.ac.at\\\/cms_wordpress\\\/#website\",\"url\":\"https:\\\/\\\/bglilienfeld.ac.at\\\/cms_wordpress\\\/\",\"name\":\"BG BRG Lilienfeld\",\"description\":\"Der sinnvollste Zeitvertreib bis zum Wochenende\",\"potentialAction\":[{\"@type\":\"SearchAction\",\"target\":{\"@type\":\"EntryPoint\",\"urlTemplate\":\"https:\\\/\\\/bglilienfeld.ac.at\\\/cms_wordpress\\\/?s={search_term_string}\"},\"query-input\":{\"@type\":\"PropertyValueSpecification\",\"valueRequired\":true,\"valueName\":\"search_term_string\"}}],\"inLanguage\":\"de-AT\"},{\"@type\":\"Person\",\"@id\":\"https:\\\/\\\/bglilienfeld.ac.at\\\/cms_wordpress\\\/#\\\/schema\\\/person\\\/1fc3b0a4d15763b2861caab628f949d2\",\"name\":\"Administrator\",\"image\":{\"@type\":\"ImageObject\",\"inLanguage\":\"de-AT\",\"@id\":\"https:\\\/\\\/secure.gravatar.com\\\/avatar\\\/34b16fabf25b85f6dfca598572b49f1550123dcf6257a2b930d87eaa672d255c?s=96&d=mm&r=g\",\"url\":\"https:\\\/\\\/secure.gravatar.com\\\/avatar\\\/34b16fabf25b85f6dfca598572b49f1550123dcf6257a2b930d87eaa672d255c?s=96&d=mm&r=g\",\"contentUrl\":\"https:\\\/\\\/secure.gravatar.com\\\/avatar\\\/34b16fabf25b85f6dfca598572b49f1550123dcf6257a2b930d87eaa672d255c?s=96&d=mm&r=g\",\"caption\":\"Administrator\"},\"url\":\"https:\\\/\\\/bglilienfeld.ac.at\\\/cms_wordpress\\\/author\\\/administrator\\\/\"}]}<\/script>\n<!-- \/ Yoast SEO plugin. -->","yoast_head_json":{"title":"Schulchor in Grafenegg - BG BRG Lilienfeld","robots":{"index":"index","follow":"follow","max-snippet":"max-snippet:-1","max-image-preview":"max-image-preview:large","max-video-preview":"max-video-preview:-1"},"canonical":"https:\/\/bglilienfeld.ac.at\/cms_wordpress\/2022\/06\/22\/schulchor-in-grafenegg\/","og_locale":"de_DE","og_type":"article","og_title":"Schulchor in Grafenegg - BG BRG Lilienfeld","og_description":"Am Montag, dem 13.Juni, durfte der Schulchor an dem nieder\u00f6sterreichweiten Schulch\u00f6retreffen \u201eCHORISSIMO\u201c in Grafenegg teilnehmen, welches heuer unter dem Motto \u201e100 Jahre N\u00d6\u201c stand. Die Vorfreude darauf, in dem sch\u00f6nen Auditorium ein Konzert mitzugestalten, war bei den 18 S\u00e4ngerinnen und S\u00e4ngern gro\u00df! Nach dem morgendlichen Einsingen im Kaisersaal fuhren wir per Bus, dankenswerterweise mitfinanziert durch den Elternverein, nach Grafenegg und &hellip; Continue reading \"Schulchor in Grafenegg\"","og_url":"https:\/\/bglilienfeld.ac.at\/cms_wordpress\/2022\/06\/22\/schulchor-in-grafenegg\/","og_site_name":"BG BRG Lilienfeld","article_publisher":"https:\/\/facebook.com\/martin.komar.9081","article_published_time":"2022-06-22T17:33:55+00:00","article_modified_time":"2022-06-22T17:33:57+00:00","og_image":[{"width":400,"height":400,"url":"https:\/\/bglilienfeld.ac.at\/cms_wordpress\/wp-content\/uploads\/2022\/06\/33-Grafenegg-34.jpg","type":"image\/jpeg"}],"author":"Administrator","twitter_card":"summary_large_image","twitter_misc":{"Verfasst von":"Administrator","Gesch\u00e4tzte Lesezeit":"1 Minute"},"schema":{"@context":"https:\/\/schema.org","@graph":[{"@type":"Article","@id":"https:\/\/bglilienfeld.ac.at\/cms_wordpress\/2022\/06\/22\/schulchor-in-grafenegg\/#article","isPartOf":{"@id":"https:\/\/bglilienfeld.ac.at\/cms_wordpress\/2022\/06\/22\/schulchor-in-grafenegg\/"},"author":{"name":"Administrator","@id":"https:\/\/bglilienfeld.ac.at\/cms_wordpress\/#\/schema\/person\/1fc3b0a4d15763b2861caab628f949d2"},"headline":"Schulchor in Grafenegg","datePublished":"2022-06-22T17:33:55+00:00","dateModified":"2022-06-22T17:33:57+00:00","mainEntityOfPage":{"@id":"https:\/\/bglilienfeld.ac.at\/cms_wordpress\/2022\/06\/22\/schulchor-in-grafenegg\/"},"wordCount":165,"image":{"@id":"https:\/\/bglilienfeld.ac.at\/cms_wordpress\/2022\/06\/22\/schulchor-in-grafenegg\/#primaryimage"},"thumbnailUrl":"https:\/\/bglilienfeld.ac.at\/cms_wordpress\/wp-content\/uploads\/2022\/06\/33-Grafenegg-34.jpg","articleSection":["Exkursionen und Projektwochen","Kunst und Kultur"],"inLanguage":"de-AT"},{"@type":"WebPage","@id":"https:\/\/bglilienfeld.ac.at\/cms_wordpress\/2022\/06\/22\/schulchor-in-grafenegg\/","url":"https:\/\/bglilienfeld.ac.at\/cms_wordpress\/2022\/06\/22\/schulchor-in-grafenegg\/","name":"Schulchor in Grafenegg - BG BRG Lilienfeld","isPartOf":{"@id":"https:\/\/bglilienfeld.ac.at\/cms_wordpress\/#website"},"primaryImageOfPage":{"@id":"https:\/\/bglilienfeld.ac.at\/cms_wordpress\/2022\/06\/22\/schulchor-in-grafenegg\/#primaryimage"},"image":{"@id":"https:\/\/bglilienfeld.ac.at\/cms_wordpress\/2022\/06\/22\/schulchor-in-grafenegg\/#primaryimage"},"thumbnailUrl":"https:\/\/bglilienfeld.ac.at\/cms_wordpress\/wp-content\/uploads\/2022\/06\/33-Grafenegg-34.jpg","datePublished":"2022-06-22T17:33:55+00:00","dateModified":"2022-06-22T17:33:57+00:00","author":{"@id":"https:\/\/bglilienfeld.ac.at\/cms_wordpress\/#\/schema\/person\/1fc3b0a4d15763b2861caab628f949d2"},"breadcrumb":{"@id":"https:\/\/bglilienfeld.ac.at\/cms_wordpress\/2022\/06\/22\/schulchor-in-grafenegg\/#breadcrumb"},"inLanguage":"de-AT","potentialAction":[{"@type":"ReadAction","target":["https:\/\/bglilienfeld.ac.at\/cms_wordpress\/2022\/06\/22\/schulchor-in-grafenegg\/"]}]},{"@type":"ImageObject","inLanguage":"de-AT","@id":"https:\/\/bglilienfeld.ac.at\/cms_wordpress\/2022\/06\/22\/schulchor-in-grafenegg\/#primaryimage","url":"https:\/\/bglilienfeld.ac.at\/cms_wordpress\/wp-content\/uploads\/2022\/06\/33-Grafenegg-34.jpg","contentUrl":"https:\/\/bglilienfeld.ac.at\/cms_wordpress\/wp-content\/uploads\/2022\/06\/33-Grafenegg-34.jpg","width":400,"height":400},{"@type":"BreadcrumbList","@id":"https:\/\/bglilienfeld.ac.at\/cms_wordpress\/2022\/06\/22\/schulchor-in-grafenegg\/#breadcrumb","itemListElement":[{"@type":"ListItem","position":1,"name":"Startseite","item":"https:\/\/bglilienfeld.ac.at\/cms_wordpress\/"},{"@type":"ListItem","position":2,"name":"Schulchor in Grafenegg"}]},{"@type":"WebSite","@id":"https:\/\/bglilienfeld.ac.at\/cms_wordpress\/#website","url":"https:\/\/bglilienfeld.ac.at\/cms_wordpress\/","name":"BG BRG Lilienfeld","description":"Der sinnvollste Zeitvertreib bis zum Wochenende","potentialAction":[{"@type":"SearchAction","target":{"@type":"EntryPoint","urlTemplate":"https:\/\/bglilienfeld.ac.at\/cms_wordpress\/?s={search_term_string}"},"query-input":{"@type":"PropertyValueSpecification","valueRequired":true,"valueName":"search_term_string"}}],"inLanguage":"de-AT"},{"@type":"Person","@id":"https:\/\/bglilienfeld.ac.at\/cms_wordpress\/#\/schema\/person\/1fc3b0a4d15763b2861caab628f949d2","name":"Administrator","image":{"@type":"ImageObject","inLanguage":"de-AT","@id":"https:\/\/secure.gravatar.com\/avatar\/34b16fabf25b85f6dfca598572b49f1550123dcf6257a2b930d87eaa672d255c?s=96&d=mm&r=g","url":"https:\/\/secure.gravatar.com\/avatar\/34b16fabf25b85f6dfca598572b49f1550123dcf6257a2b930d87eaa672d255c?s=96&d=mm&r=g","contentUrl":"https:\/\/secure.gravatar.com\/avatar\/34b16fabf25b85f6dfca598572b49f1550123dcf6257a2b930d87eaa672d255c?s=96&d=mm&r=g","caption":"Administrator"},"url":"https:\/\/bglilienfeld.ac.at\/cms_wordpress\/author\/administrator\/"}]}},"_links":{"self":[{"href":"https:\/\/bglilienfeld.ac.at\/cms_wordpress\/wp-json\/wp\/v2\/posts\/2308","targetHints":{"allow":["GET"]}}],"collection":[{"href":"https:\/\/bglilienfeld.ac.at\/cms_wordpress\/wp-json\/wp\/v2\/posts"}],"about":[{"href":"https:\/\/bglilienfeld.ac.at\/cms_wordpress\/wp-json\/wp\/v2\/types\/post"}],"author":[{"embeddable":true,"href":"https:\/\/bglilienfeld.ac.at\/cms_wordpress\/wp-json\/wp\/v2\/users\/1"}],"replies":[{"embeddable":true,"href":"https:\/\/bglilienfeld.ac.at\/cms_wordpress\/wp-json\/wp\/v2\/comments?post=2308"}],"version-history":[{"count":1,"href":"https:\/\/bglilienfeld.ac.at\/cms_wordpress\/wp-json\/wp\/v2\/posts\/2308\/revisions"}],"predecessor-version":[{"id":2319,"href":"https:\/\/bglilienfeld.ac.at\/cms_wordpress\/wp-json\/wp\/v2\/posts\/2308\/revisions\/2319"}],"wp:featuredmedia":[{"embeddable":true,"href":"https:\/\/bglilienfeld.ac.at\/cms_wordpress\/wp-json\/wp\/v2\/media\/2318"}],"wp:attachment":[{"href":"https:\/\/bglilienfeld.ac.at\/cms_wordpress\/wp-json\/wp\/v2\/media?parent=2308"}],"wp:term":[{"taxonomy":"category","embeddable":true,"href":"https:\/\/bglilienfeld.ac.at\/cms_wordpress\/wp-json\/wp\/v2\/categories?post=2308"},{"taxonomy":"post_tag","embeddable":true,"href":"https:\/\/bglilienfeld.ac.at\/cms_wordpress\/wp-json\/wp\/v2\/tags?post=2308"}],"curies":[{"name":"wp","href":"https:\/\/api.w.org\/{rel}","templated":true}]}}