{"id":2671,"date":"2022-11-03T14:12:01","date_gmt":"2022-11-03T13:12:01","guid":{"rendered":"https:\/\/bglilienfeld.ac.at\/cms_wordpress\/?p=2671"},"modified":"2022-11-10T13:40:45","modified_gmt":"2022-11-10T12:40:45","slug":"einmal-europa-und-zurueck","status":"publish","type":"post","link":"https:\/\/bglilienfeld.ac.at\/cms_wordpress\/2022\/11\/03\/einmal-europa-und-zurueck\/","title":{"rendered":"Einmal Europa und zur\u00fcck"},"content":{"rendered":"\n<p>Am 13. Oktober 2022 fand in Wien die eTwinning-Preisverleihung f\u00fcr das Schuljahr 2021\/22 statt, bei der auch eine Delegation aus Lilienfeld die Auszeichnung f\u00fcr das Projekt \u201cLet\u2019s talk about European cultures\u201c entgegennehmen durfte.<\/p>\n\n\n\n<p>Im vorangegangenen Jahr tauschten sich die Sch\u00fclerinnen und Sch\u00fcler des Wahlpflichtfachs \u201eFit4Politics\u201c intensiv mit Jugendlichen aus Frankreich, Griechenland und der Tschechischen Republik \u00fcber kulturelle und gesellschaftliche Themen aus, indem sie gemeinsam unter anderem einen virtuellen Adventskalender und die Planung einer Reise gestalteten.<\/p>\n\n\n\n<p>F\u00fcr das Engagement, das die Sch\u00fclerinnen und Sch\u00fcler dabei zeigten, wurden sie mit dem \u201eNational Quality Label\u201c ausgezeichnet, welches transnationale Projekte pr\u00e4miert, die mithilfe der von der EU initiierten Plattform \u201eeTwinning\u201c durchgef\u00fchrt werden. Um das Siegel und einen Seminar-Gutschein im Wert von 400 Euro entgegenzunehmen, machten sich die Teilnehmerinnen und Teilnehmer der Aktion zusammen mit Mag. Philipp Bichler am 13. Oktober auf den Weg nach Wien, da Dr. Christina Scheuch, die das Projekt letztes Jahr geleitet hatte, verletzungsbedingt verhindert war.<\/p>\n\n\n\n<p>Nach der Verleihung wurde gemeinsam gegessen und die Hochspannungsvorf\u00fchrung im Technischen Museum besucht, wonach es f\u00fcr die Sch\u00fclerinnen und Sch\u00fcler nach Hause ging.<\/p>\n\n\n\n<figure class=\"wp-block-image size-full\"><img decoding=\"async\" width=\"546\" height=\"728\" data-src=\"https:\/\/bglilienfeld.ac.at\/cms_wordpress\/wp-content\/uploads\/2022\/11\/eTwinning-Preisverleihung-2022.jpg\" alt=\"\" class=\"wp-image-2672 lazyload\" data-srcset=\"https:\/\/bglilienfeld.ac.at\/cms_wordpress\/wp-content\/uploads\/2022\/11\/eTwinning-Preisverleihung-2022.jpg 546w, https:\/\/bglilienfeld.ac.at\/cms_wordpress\/wp-content\/uploads\/2022\/11\/eTwinning-Preisverleihung-2022-225x300.jpg 225w\" data-sizes=\"(max-width: 546px) 85vw, 546px\" src=\"data:image\/svg+xml;base64,PHN2ZyB3aWR0aD0iMSIgaGVpZ2h0PSIxIiB4bWxucz0iaHR0cDovL3d3dy53My5vcmcvMjAwMC9zdmciPjwvc3ZnPg==\" style=\"--smush-placeholder-width: 546px; --smush-placeholder-aspect-ratio: 546\/728;\" \/><\/figure>\n","protected":false},"excerpt":{"rendered":"<p>Am 13. Oktober 2022 fand in Wien die eTwinning-Preisverleihung f\u00fcr das Schuljahr 2021\/22 statt, bei der auch eine Delegation aus Lilienfeld die Auszeichnung f\u00fcr das Projekt \u201cLet\u2019s talk about European cultures\u201c entgegennehmen durfte. Im vorangegangenen Jahr tauschten sich die Sch\u00fclerinnen und Sch\u00fcler des Wahlpflichtfachs \u201eFit4Politics\u201c intensiv mit Jugendlichen aus Frankreich, Griechenland und der Tschechischen Republik \u00fcber kulturelle und gesellschaftliche Themen &hellip; <a href=\"https:\/\/bglilienfeld.ac.at\/cms_wordpress\/2022\/11\/03\/einmal-europa-und-zurueck\/\" class=\"more-link\">Continue reading<span class=\"screen-reader-text\"> &#8222;Einmal Europa und zur\u00fcck&#8220;<\/span><\/a><\/p>\n","protected":false},"author":1,"featured_media":2224,"comment_status":"closed","ping_status":"closed","sticky":true,"template":"","format":"standard","meta":{"ngg_post_thumbnail":0,"footnotes":""},"categories":[11],"tags":[],"class_list":["post-2671","post","type-post","status-publish","format-standard","has-post-thumbnail","hentry","category-sprachen"],"yoast_head":"<!-- This site is optimized with the Yoast SEO plugin v27.5 - https:\/\/yoast.com\/product\/yoast-seo-wordpress\/ -->\n<title>Einmal Europa und zur\u00fcck - BG BRG Lilienfeld<\/title>\n<meta name=\"robots\" content=\"index, follow, max-snippet:-1, max-image-preview:large, max-video-preview:-1\" \/>\n<link rel=\"canonical\" href=\"https:\/\/bglilienfeld.ac.at\/cms_wordpress\/2022\/11\/03\/einmal-europa-und-zurueck\/\" \/>\n<meta property=\"og:locale\" content=\"de_DE\" \/>\n<meta property=\"og:type\" content=\"article\" \/>\n<meta property=\"og:title\" content=\"Einmal Europa und zur\u00fcck - BG BRG Lilienfeld\" \/>\n<meta property=\"og:description\" content=\"Am 13. Oktober 2022 fand in Wien die eTwinning-Preisverleihung f\u00fcr das Schuljahr 2021\/22 statt, bei der auch eine Delegation aus Lilienfeld die Auszeichnung f\u00fcr das Projekt \u201cLet\u2019s talk about European cultures\u201c entgegennehmen durfte. Im vorangegangenen Jahr tauschten sich die Sch\u00fclerinnen und Sch\u00fcler des Wahlpflichtfachs \u201eFit4Politics\u201c intensiv mit Jugendlichen aus Frankreich, Griechenland und der Tschechischen Republik \u00fcber kulturelle und gesellschaftliche Themen &hellip; Continue reading &quot;Einmal Europa und zur\u00fcck&quot;\" \/>\n<meta property=\"og:url\" content=\"https:\/\/bglilienfeld.ac.at\/cms_wordpress\/2022\/11\/03\/einmal-europa-und-zurueck\/\" \/>\n<meta property=\"og:site_name\" content=\"BG BRG Lilienfeld\" \/>\n<meta property=\"article:publisher\" content=\"https:\/\/facebook.com\/martin.komar.9081\" \/>\n<meta property=\"article:published_time\" content=\"2022-11-03T13:12:01+00:00\" \/>\n<meta property=\"article:modified_time\" content=\"2022-11-10T12:40:45+00:00\" \/>\n<meta property=\"og:image\" content=\"https:\/\/bglilienfeld.ac.at\/cms_wordpress\/wp-content\/uploads\/2022\/05\/Flag_of_Europe.png\" \/>\n\t<meta property=\"og:image:width\" content=\"400\" \/>\n\t<meta property=\"og:image:height\" content=\"400\" \/>\n\t<meta property=\"og:image:type\" content=\"image\/png\" \/>\n<meta name=\"author\" content=\"Administrator\" \/>\n<meta name=\"twitter:card\" content=\"summary_large_image\" \/>\n<meta name=\"twitter:label1\" content=\"Verfasst von\" \/>\n\t<meta name=\"twitter:data1\" content=\"Administrator\" \/>\n\t<meta name=\"twitter:label2\" content=\"Gesch\u00e4tzte Lesezeit\" \/>\n\t<meta name=\"twitter:data2\" content=\"1 Minute\" \/>\n<script type=\"application\/ld+json\" class=\"yoast-schema-graph\">{\"@context\":\"https:\\\/\\\/schema.org\",\"@graph\":[{\"@type\":\"Article\",\"@id\":\"https:\\\/\\\/bglilienfeld.ac.at\\\/cms_wordpress\\\/2022\\\/11\\\/03\\\/einmal-europa-und-zurueck\\\/#article\",\"isPartOf\":{\"@id\":\"https:\\\/\\\/bglilienfeld.ac.at\\\/cms_wordpress\\\/2022\\\/11\\\/03\\\/einmal-europa-und-zurueck\\\/\"},\"author\":{\"name\":\"Administrator\",\"@id\":\"https:\\\/\\\/bglilienfeld.ac.at\\\/cms_wordpress\\\/#\\\/schema\\\/person\\\/1fc3b0a4d15763b2861caab628f949d2\"},\"headline\":\"Einmal Europa und zur\u00fcck\",\"datePublished\":\"2022-11-03T13:12:01+00:00\",\"dateModified\":\"2022-11-10T12:40:45+00:00\",\"mainEntityOfPage\":{\"@id\":\"https:\\\/\\\/bglilienfeld.ac.at\\\/cms_wordpress\\\/2022\\\/11\\\/03\\\/einmal-europa-und-zurueck\\\/\"},\"wordCount\":193,\"image\":{\"@id\":\"https:\\\/\\\/bglilienfeld.ac.at\\\/cms_wordpress\\\/2022\\\/11\\\/03\\\/einmal-europa-und-zurueck\\\/#primaryimage\"},\"thumbnailUrl\":\"https:\\\/\\\/bglilienfeld.ac.at\\\/cms_wordpress\\\/wp-content\\\/uploads\\\/2022\\\/05\\\/Flag_of_Europe.png\",\"articleSection\":[\"Sprachen\"],\"inLanguage\":\"de-AT\"},{\"@type\":\"WebPage\",\"@id\":\"https:\\\/\\\/bglilienfeld.ac.at\\\/cms_wordpress\\\/2022\\\/11\\\/03\\\/einmal-europa-und-zurueck\\\/\",\"url\":\"https:\\\/\\\/bglilienfeld.ac.at\\\/cms_wordpress\\\/2022\\\/11\\\/03\\\/einmal-europa-und-zurueck\\\/\",\"name\":\"Einmal Europa und zur\u00fcck - BG BRG Lilienfeld\",\"isPartOf\":{\"@id\":\"https:\\\/\\\/bglilienfeld.ac.at\\\/cms_wordpress\\\/#website\"},\"primaryImageOfPage\":{\"@id\":\"https:\\\/\\\/bglilienfeld.ac.at\\\/cms_wordpress\\\/2022\\\/11\\\/03\\\/einmal-europa-und-zurueck\\\/#primaryimage\"},\"image\":{\"@id\":\"https:\\\/\\\/bglilienfeld.ac.at\\\/cms_wordpress\\\/2022\\\/11\\\/03\\\/einmal-europa-und-zurueck\\\/#primaryimage\"},\"thumbnailUrl\":\"https:\\\/\\\/bglilienfeld.ac.at\\\/cms_wordpress\\\/wp-content\\\/uploads\\\/2022\\\/05\\\/Flag_of_Europe.png\",\"datePublished\":\"2022-11-03T13:12:01+00:00\",\"dateModified\":\"2022-11-10T12:40:45+00:00\",\"author\":{\"@id\":\"https:\\\/\\\/bglilienfeld.ac.at\\\/cms_wordpress\\\/#\\\/schema\\\/person\\\/1fc3b0a4d15763b2861caab628f949d2\"},\"breadcrumb\":{\"@id\":\"https:\\\/\\\/bglilienfeld.ac.at\\\/cms_wordpress\\\/2022\\\/11\\\/03\\\/einmal-europa-und-zurueck\\\/#breadcrumb\"},\"inLanguage\":\"de-AT\",\"potentialAction\":[{\"@type\":\"ReadAction\",\"target\":[\"https:\\\/\\\/bglilienfeld.ac.at\\\/cms_wordpress\\\/2022\\\/11\\\/03\\\/einmal-europa-und-zurueck\\\/\"]}]},{\"@type\":\"ImageObject\",\"inLanguage\":\"de-AT\",\"@id\":\"https:\\\/\\\/bglilienfeld.ac.at\\\/cms_wordpress\\\/2022\\\/11\\\/03\\\/einmal-europa-und-zurueck\\\/#primaryimage\",\"url\":\"https:\\\/\\\/bglilienfeld.ac.at\\\/cms_wordpress\\\/wp-content\\\/uploads\\\/2022\\\/05\\\/Flag_of_Europe.png\",\"contentUrl\":\"https:\\\/\\\/bglilienfeld.ac.at\\\/cms_wordpress\\\/wp-content\\\/uploads\\\/2022\\\/05\\\/Flag_of_Europe.png\",\"width\":400,\"height\":400},{\"@type\":\"BreadcrumbList\",\"@id\":\"https:\\\/\\\/bglilienfeld.ac.at\\\/cms_wordpress\\\/2022\\\/11\\\/03\\\/einmal-europa-und-zurueck\\\/#breadcrumb\",\"itemListElement\":[{\"@type\":\"ListItem\",\"position\":1,\"name\":\"Startseite\",\"item\":\"https:\\\/\\\/bglilienfeld.ac.at\\\/cms_wordpress\\\/\"},{\"@type\":\"ListItem\",\"position\":2,\"name\":\"Einmal Europa und zur\u00fcck\"}]},{\"@type\":\"WebSite\",\"@id\":\"https:\\\/\\\/bglilienfeld.ac.at\\\/cms_wordpress\\\/#website\",\"url\":\"https:\\\/\\\/bglilienfeld.ac.at\\\/cms_wordpress\\\/\",\"name\":\"BG BRG Lilienfeld\",\"description\":\"Der sinnvollste Zeitvertreib bis zum Wochenende\",\"potentialAction\":[{\"@type\":\"SearchAction\",\"target\":{\"@type\":\"EntryPoint\",\"urlTemplate\":\"https:\\\/\\\/bglilienfeld.ac.at\\\/cms_wordpress\\\/?s={search_term_string}\"},\"query-input\":{\"@type\":\"PropertyValueSpecification\",\"valueRequired\":true,\"valueName\":\"search_term_string\"}}],\"inLanguage\":\"de-AT\"},{\"@type\":\"Person\",\"@id\":\"https:\\\/\\\/bglilienfeld.ac.at\\\/cms_wordpress\\\/#\\\/schema\\\/person\\\/1fc3b0a4d15763b2861caab628f949d2\",\"name\":\"Administrator\",\"image\":{\"@type\":\"ImageObject\",\"inLanguage\":\"de-AT\",\"@id\":\"https:\\\/\\\/secure.gravatar.com\\\/avatar\\\/34b16fabf25b85f6dfca598572b49f1550123dcf6257a2b930d87eaa672d255c?s=96&d=mm&r=g\",\"url\":\"https:\\\/\\\/secure.gravatar.com\\\/avatar\\\/34b16fabf25b85f6dfca598572b49f1550123dcf6257a2b930d87eaa672d255c?s=96&d=mm&r=g\",\"contentUrl\":\"https:\\\/\\\/secure.gravatar.com\\\/avatar\\\/34b16fabf25b85f6dfca598572b49f1550123dcf6257a2b930d87eaa672d255c?s=96&d=mm&r=g\",\"caption\":\"Administrator\"},\"url\":\"https:\\\/\\\/bglilienfeld.ac.at\\\/cms_wordpress\\\/author\\\/administrator\\\/\"}]}<\/script>\n<!-- \/ Yoast SEO plugin. -->","yoast_head_json":{"title":"Einmal Europa und zur\u00fcck - BG BRG Lilienfeld","robots":{"index":"index","follow":"follow","max-snippet":"max-snippet:-1","max-image-preview":"max-image-preview:large","max-video-preview":"max-video-preview:-1"},"canonical":"https:\/\/bglilienfeld.ac.at\/cms_wordpress\/2022\/11\/03\/einmal-europa-und-zurueck\/","og_locale":"de_DE","og_type":"article","og_title":"Einmal Europa und zur\u00fcck - BG BRG Lilienfeld","og_description":"Am 13. Oktober 2022 fand in Wien die eTwinning-Preisverleihung f\u00fcr das Schuljahr 2021\/22 statt, bei der auch eine Delegation aus Lilienfeld die Auszeichnung f\u00fcr das Projekt \u201cLet\u2019s talk about European cultures\u201c entgegennehmen durfte. Im vorangegangenen Jahr tauschten sich die Sch\u00fclerinnen und Sch\u00fcler des Wahlpflichtfachs \u201eFit4Politics\u201c intensiv mit Jugendlichen aus Frankreich, Griechenland und der Tschechischen Republik \u00fcber kulturelle und gesellschaftliche Themen &hellip; Continue reading \"Einmal Europa und zur\u00fcck\"","og_url":"https:\/\/bglilienfeld.ac.at\/cms_wordpress\/2022\/11\/03\/einmal-europa-und-zurueck\/","og_site_name":"BG BRG Lilienfeld","article_publisher":"https:\/\/facebook.com\/martin.komar.9081","article_published_time":"2022-11-03T13:12:01+00:00","article_modified_time":"2022-11-10T12:40:45+00:00","og_image":[{"width":400,"height":400,"url":"https:\/\/bglilienfeld.ac.at\/cms_wordpress\/wp-content\/uploads\/2022\/05\/Flag_of_Europe.png","type":"image\/png"}],"author":"Administrator","twitter_card":"summary_large_image","twitter_misc":{"Verfasst von":"Administrator","Gesch\u00e4tzte Lesezeit":"1 Minute"},"schema":{"@context":"https:\/\/schema.org","@graph":[{"@type":"Article","@id":"https:\/\/bglilienfeld.ac.at\/cms_wordpress\/2022\/11\/03\/einmal-europa-und-zurueck\/#article","isPartOf":{"@id":"https:\/\/bglilienfeld.ac.at\/cms_wordpress\/2022\/11\/03\/einmal-europa-und-zurueck\/"},"author":{"name":"Administrator","@id":"https:\/\/bglilienfeld.ac.at\/cms_wordpress\/#\/schema\/person\/1fc3b0a4d15763b2861caab628f949d2"},"headline":"Einmal Europa und zur\u00fcck","datePublished":"2022-11-03T13:12:01+00:00","dateModified":"2022-11-10T12:40:45+00:00","mainEntityOfPage":{"@id":"https:\/\/bglilienfeld.ac.at\/cms_wordpress\/2022\/11\/03\/einmal-europa-und-zurueck\/"},"wordCount":193,"image":{"@id":"https:\/\/bglilienfeld.ac.at\/cms_wordpress\/2022\/11\/03\/einmal-europa-und-zurueck\/#primaryimage"},"thumbnailUrl":"https:\/\/bglilienfeld.ac.at\/cms_wordpress\/wp-content\/uploads\/2022\/05\/Flag_of_Europe.png","articleSection":["Sprachen"],"inLanguage":"de-AT"},{"@type":"WebPage","@id":"https:\/\/bglilienfeld.ac.at\/cms_wordpress\/2022\/11\/03\/einmal-europa-und-zurueck\/","url":"https:\/\/bglilienfeld.ac.at\/cms_wordpress\/2022\/11\/03\/einmal-europa-und-zurueck\/","name":"Einmal Europa und zur\u00fcck - BG BRG Lilienfeld","isPartOf":{"@id":"https:\/\/bglilienfeld.ac.at\/cms_wordpress\/#website"},"primaryImageOfPage":{"@id":"https:\/\/bglilienfeld.ac.at\/cms_wordpress\/2022\/11\/03\/einmal-europa-und-zurueck\/#primaryimage"},"image":{"@id":"https:\/\/bglilienfeld.ac.at\/cms_wordpress\/2022\/11\/03\/einmal-europa-und-zurueck\/#primaryimage"},"thumbnailUrl":"https:\/\/bglilienfeld.ac.at\/cms_wordpress\/wp-content\/uploads\/2022\/05\/Flag_of_Europe.png","datePublished":"2022-11-03T13:12:01+00:00","dateModified":"2022-11-10T12:40:45+00:00","author":{"@id":"https:\/\/bglilienfeld.ac.at\/cms_wordpress\/#\/schema\/person\/1fc3b0a4d15763b2861caab628f949d2"},"breadcrumb":{"@id":"https:\/\/bglilienfeld.ac.at\/cms_wordpress\/2022\/11\/03\/einmal-europa-und-zurueck\/#breadcrumb"},"inLanguage":"de-AT","potentialAction":[{"@type":"ReadAction","target":["https:\/\/bglilienfeld.ac.at\/cms_wordpress\/2022\/11\/03\/einmal-europa-und-zurueck\/"]}]},{"@type":"ImageObject","inLanguage":"de-AT","@id":"https:\/\/bglilienfeld.ac.at\/cms_wordpress\/2022\/11\/03\/einmal-europa-und-zurueck\/#primaryimage","url":"https:\/\/bglilienfeld.ac.at\/cms_wordpress\/wp-content\/uploads\/2022\/05\/Flag_of_Europe.png","contentUrl":"https:\/\/bglilienfeld.ac.at\/cms_wordpress\/wp-content\/uploads\/2022\/05\/Flag_of_Europe.png","width":400,"height":400},{"@type":"BreadcrumbList","@id":"https:\/\/bglilienfeld.ac.at\/cms_wordpress\/2022\/11\/03\/einmal-europa-und-zurueck\/#breadcrumb","itemListElement":[{"@type":"ListItem","position":1,"name":"Startseite","item":"https:\/\/bglilienfeld.ac.at\/cms_wordpress\/"},{"@type":"ListItem","position":2,"name":"Einmal Europa und zur\u00fcck"}]},{"@type":"WebSite","@id":"https:\/\/bglilienfeld.ac.at\/cms_wordpress\/#website","url":"https:\/\/bglilienfeld.ac.at\/cms_wordpress\/","name":"BG BRG Lilienfeld","description":"Der sinnvollste Zeitvertreib bis zum Wochenende","potentialAction":[{"@type":"SearchAction","target":{"@type":"EntryPoint","urlTemplate":"https:\/\/bglilienfeld.ac.at\/cms_wordpress\/?s={search_term_string}"},"query-input":{"@type":"PropertyValueSpecification","valueRequired":true,"valueName":"search_term_string"}}],"inLanguage":"de-AT"},{"@type":"Person","@id":"https:\/\/bglilienfeld.ac.at\/cms_wordpress\/#\/schema\/person\/1fc3b0a4d15763b2861caab628f949d2","name":"Administrator","image":{"@type":"ImageObject","inLanguage":"de-AT","@id":"https:\/\/secure.gravatar.com\/avatar\/34b16fabf25b85f6dfca598572b49f1550123dcf6257a2b930d87eaa672d255c?s=96&d=mm&r=g","url":"https:\/\/secure.gravatar.com\/avatar\/34b16fabf25b85f6dfca598572b49f1550123dcf6257a2b930d87eaa672d255c?s=96&d=mm&r=g","contentUrl":"https:\/\/secure.gravatar.com\/avatar\/34b16fabf25b85f6dfca598572b49f1550123dcf6257a2b930d87eaa672d255c?s=96&d=mm&r=g","caption":"Administrator"},"url":"https:\/\/bglilienfeld.ac.at\/cms_wordpress\/author\/administrator\/"}]}},"_links":{"self":[{"href":"https:\/\/bglilienfeld.ac.at\/cms_wordpress\/wp-json\/wp\/v2\/posts\/2671","targetHints":{"allow":["GET"]}}],"collection":[{"href":"https:\/\/bglilienfeld.ac.at\/cms_wordpress\/wp-json\/wp\/v2\/posts"}],"about":[{"href":"https:\/\/bglilienfeld.ac.at\/cms_wordpress\/wp-json\/wp\/v2\/types\/post"}],"author":[{"embeddable":true,"href":"https:\/\/bglilienfeld.ac.at\/cms_wordpress\/wp-json\/wp\/v2\/users\/1"}],"replies":[{"embeddable":true,"href":"https:\/\/bglilienfeld.ac.at\/cms_wordpress\/wp-json\/wp\/v2\/comments?post=2671"}],"version-history":[{"count":1,"href":"https:\/\/bglilienfeld.ac.at\/cms_wordpress\/wp-json\/wp\/v2\/posts\/2671\/revisions"}],"predecessor-version":[{"id":2673,"href":"https:\/\/bglilienfeld.ac.at\/cms_wordpress\/wp-json\/wp\/v2\/posts\/2671\/revisions\/2673"}],"wp:featuredmedia":[{"embeddable":true,"href":"https:\/\/bglilienfeld.ac.at\/cms_wordpress\/wp-json\/wp\/v2\/media\/2224"}],"wp:attachment":[{"href":"https:\/\/bglilienfeld.ac.at\/cms_wordpress\/wp-json\/wp\/v2\/media?parent=2671"}],"wp:term":[{"taxonomy":"category","embeddable":true,"href":"https:\/\/bglilienfeld.ac.at\/cms_wordpress\/wp-json\/wp\/v2\/categories?post=2671"},{"taxonomy":"post_tag","embeddable":true,"href":"https:\/\/bglilienfeld.ac.at\/cms_wordpress\/wp-json\/wp\/v2\/tags?post=2671"}],"curies":[{"name":"wp","href":"https:\/\/api.w.org\/{rel}","templated":true}]}}