{"id":2926,"date":"2023-02-13T18:27:36","date_gmt":"2023-02-13T17:27:36","guid":{"rendered":"https:\/\/bglilienfeld.ac.at\/cms_wordpress\/?p=2926"},"modified":"2023-05-08T07:54:01","modified_gmt":"2023-05-08T05:54:01","slug":"bienvenue-en-autriche-erasmus-projekt-im-gymnasium-lilienfeld","status":"publish","type":"post","link":"https:\/\/bglilienfeld.ac.at\/cms_wordpress\/2023\/02\/13\/bienvenue-en-autriche-erasmus-projekt-im-gymnasium-lilienfeld\/","title":{"rendered":"Bienvenue en Autriche! Erasmus+-Projekt im Gymnasium Lilienfeld"},"content":{"rendered":"\n<p>Vom 28. J\u00e4nner bis zum 03. Februar 2023 hatte das BG\/BRG Lilienfeld die M\u00f6glichkeit, eine franz\u00f6sische Schulklasse zu begr\u00fc\u00dfen, um zusammen an einem von Erasmus+ gef\u00f6rderten Projekt zu arbeiten. Das Programm f\u00fcr die Woche war dabei f\u00fcr G\u00e4ste wie Einheimische nicht nur ausgesprochen vielf\u00e4ltig, sondern auch sehr bereichernd.<\/p>\n\n\n\n<p>Am Samstag, dem 28. J\u00e4nner, kamen 28 Sch\u00fclerinnen und Sch\u00fcler des Gymnasiums \u201eRobert de Luzarches\u201c in Amiens in Begleitung zweier Lehrerinnen und eines Lehrers am Flughafen Wien an. Nach einigen Komplikationen, wegen derer der geplante Besuch in der Hauptstadt leider ausfiel, machten sie sich auf den Weg nach St. P\u00f6lten, wo sie am Nachmittag von ihren Gastfamilien mit einem anfangs noch etwas z\u00f6gerlichem \u201eHello\u201c oder \u201eBonjour\u201c empfangen wurden. &nbsp;<br>Am darauffolgenden Tag nahm dann der Gro\u00dfteil der Jugendlichen an einem optionalen Ausflug nach Linz teil, wodurch die Interaktion zwischen den Sch\u00fclerinnen und Sch\u00fclern richtig Fahrt aufnahm. In der ober\u00f6sterreichischen Landeshauptstadt gab es sowohl eine franz\u00f6sische als auch eine deutsche F\u00fchrung durch die Limoni-Stollen, ein Tunnelsystem aus dem Zweiten Weltkrieg. Zudem bestand f\u00fcr die Jugendlichen die M\u00f6glichkeit, das \u201eArs Electronica\u201c zu entdecken. &nbsp;<br>Am Montag konnten die franz\u00f6sischen G\u00e4ste das \u00f6sterreichische Schulsystem und im Besonderen das Gymnasium Lilienfeld n\u00e4her kennenlernen, indem sie von den \u00f6sterreichischen Sch\u00fclerinnen und Sch\u00fclern durch die Schule gef\u00fchrt wurden und dem Unterricht beiwohnten. Danach zeigte ihnen Abt Pius Maurer pers\u00f6nlich das Stift.&nbsp; Nach diesen Programmpunkten und einem Besuch bei B\u00fcrgermeister Wolfgang Labenbacher begann am Nachmittag die Arbeit an dem gemeinsamen Projekt: Sieben binationale Gruppen erarbeiteten gemeinsam kulturelle Unterschiede zwischen Frankreich und \u00d6sterreich und besch\u00e4ftigten sich dabei beispielsweise mit Themen wie Sport, Klischees oder Essen. &nbsp;<br>Der n\u00e4chste Ausflug am Dienstag f\u00fchrte die Sch\u00fclerinnen und Sch\u00fcler nach St. P\u00f6lten, wo die Altstadt, der Klangturm und das Landesmuseum besichtigt wurden. Um den Kopf nach den vorhergegangenen, ereignisreichen Tagen freizubekommen, verbrachten die Jugendlichen den Nachmittag schlie\u00dflich am Eislaufplatz. &nbsp;<br>Auch am darauffolgenden Wien-Tag standen erneut einige interessante Punkte auf der Tagesordnung: In der Ausstellung \u201eHands up\u201c bekamen die Sch\u00fclerinnen und Sch\u00fcler die M\u00f6glichkeit, die Welt aus der Perspektive einer tauben Person zu erleben. Das Erlernen einiger Begriffe in Geb\u00e4rdensprache und eine F\u00fchrung von einem tauben Guide stellten bereits am Vormittag ein besonders eindrucksvolles Erlebnis dar. Danach ging es Richtung Stephansplatz, um den historischen Stadtkern zu erkunden. Damit die franz\u00f6sischen G\u00e4ste nicht mit leeren H\u00e4nden nach Hause fahren mussten, wurde ihnen&nbsp; anschlie\u00dfend noch etwas Zeit einger\u00e4umt, um sich das eine oder andere Souvenir am Naschmarkt zu besorgen. &nbsp;<br>Aufregend gestaltete sich auch der Donnerstag mit einer R\u00e4tselrally durch Lilienfeld. Dabei konnten die Sch\u00fclerinnen und Sch\u00fcler aus Frankreich das ihnen unbekannte Lilienfeld entdecken, bevor in der 6. Stunde den 4. Klassen das Projekt, das am Montag ausgearbeitet worden war, auf Englisch pr\u00e4sentiert wurde. Im Anschluss ging es dann mit dem Zug direkt nach St. P\u00f6lten, wo der letzte Programmpunkt des Austauschs anstand: ein Besuch im \u201eCinema Paradiso\u201c.<\/p>\n\n\n\n<p>&nbsp;&nbsp;Das letzte Aufeinandertreffen erfolgte schlie\u00dflich am Freitagmorgen vor Beginn der ersten Stunde im Kaisersaal. Unter Tr\u00e4nen und mit dem Versprechen, in Kontakt zu bleiben, verabschiedeten sich dort die ausl\u00e4ndischen G\u00e4ste von ihren Gastgebern, von denen sich manche allerdings mit dem Satz \u201eOn va se revoir en mai\u201c tr\u00f6sten konnten. Denn im Zuge der Sprachwochen der 7. Klassen werden einige \u00f6sterreichische Sch\u00fclerinnen und Sch\u00fcler die franz\u00f6sische Partnerschule im Mai besuchen.&nbsp;<\/p>\n\n\n\n<p>An dieser Stelle geht ein besonderer Dank an Dr. Christina Scheuch sowie Sch\u00fclerinnen und Sch\u00fcler und deren Eltern f\u00fcr ihr Engagement. Dieses Projekt war f\u00fcr alle eine wertvolle Bereicherung.&nbsp;<\/p>\n\n\n\n<p><em>Bienvenue \u00e0 Lilienfeld: Erasmus+-Projekt am Gymnasium<\/em><\/p>\n\n\n\n<p>Vom 28. J\u00e4nner bis zum 03. Februar besuchte eine franz\u00f6sische Schulklasse das BG\/BRG Lilienfeld. Im Zuge des Erasmus+-Austauschs bekamen die Sch\u00fclerinnen und Sch\u00fcler aus Frankreich die M\u00f6glichkeit, mit \u00f6sterreichischen Altersgenossen ein Projekt auszuarbeiten und \u00d6sterreich kennenzulernen.<\/p>\n\n\n\n<p>Zu diesem Zweck wurden viele Ausfl\u00fcge organisiert, um \u00d6sterreichs Geschichte und Kultur zu entdecken. Beispielsweise besichtigen die Jugendlichen in Linz die Limoni-Stollen, ein Tunnelsystem aus dem Zweiten Weltkrieg, und die Wiener Innenstadt. Zudem wurden die franz\u00f6sischen Sch\u00fclerinnen und Sch\u00fcler&nbsp; von Abt Pius Maurer pers\u00f6nlich durch das Stift Lilienfeld gef\u00fchrt. Aber auch f\u00fcr sportliche Abwechslung war mit einem Abstecher am Eislaufplatz gesorgt.<br>Zus\u00e4tzlich zu den vielen spannenden Programmpunkten wurden einige Stunden dazu genutzt, in binationalen Gruppen an einem Projekt \u00fcber kulturelle Unterschiede zwischen Frankreich und \u00d6sterreich zu arbeiten. Dieses wurde anschlie\u00dfend den Sch\u00fclerinnen und Sch\u00fclern des BG\/BRG Lilienfelds pr\u00e4sentiert.<\/p>\n\n\n\n<p>Nach einer denkbar ereignisreichen Woche fiel es deshalb auch allen Beteiligten besonders schwer, am 3. Februar Abschied zu nehmen. Nur manche \u00f6sterreichische Jugendliche konnten sich damit tr\u00f6sten, im Rahmen der Sprachwoche des Gymnasiums ihre neugewonnenen Freunde in Frankreich im Mai wiederzusehen.<\/p>\n\n\n\nngg_shortcode_0_placeholder\n","protected":false},"excerpt":{"rendered":"<p>Vom 28. J\u00e4nner bis zum 03. Februar 2023 hatte das BG\/BRG Lilienfeld die M\u00f6glichkeit, eine franz\u00f6sische Schulklasse zu begr\u00fc\u00dfen, um zusammen an einem von Erasmus+ gef\u00f6rderten Projekt zu arbeiten. Das Programm f\u00fcr die Woche war dabei f\u00fcr G\u00e4ste wie Einheimische nicht nur ausgesprochen vielf\u00e4ltig, sondern auch sehr bereichernd. Am Samstag, dem 28. J\u00e4nner, kamen 28 Sch\u00fclerinnen und Sch\u00fcler des Gymnasiums &hellip; <a href=\"https:\/\/bglilienfeld.ac.at\/cms_wordpress\/2023\/02\/13\/bienvenue-en-autriche-erasmus-projekt-im-gymnasium-lilienfeld\/\" class=\"more-link\">Continue reading<span class=\"screen-reader-text\"> &#8222;Bienvenue en Autriche! Erasmus+-Projekt im Gymnasium Lilienfeld&#8220;<\/span><\/a><\/p>\n","protected":false},"author":1,"featured_media":2943,"comment_status":"closed","ping_status":"closed","sticky":false,"template":"","format":"standard","meta":{"ngg_post_thumbnail":0,"footnotes":""},"categories":[11],"tags":[],"class_list":["post-2926","post","type-post","status-publish","format-standard","has-post-thumbnail","hentry","category-sprachen"],"yoast_head":"<!-- This site is optimized with the Yoast SEO plugin v27.5 - https:\/\/yoast.com\/product\/yoast-seo-wordpress\/ -->\n<title>Bienvenue en Autriche! Erasmus+-Projekt im Gymnasium Lilienfeld - BG BRG Lilienfeld<\/title>\n<meta name=\"robots\" content=\"index, follow, max-snippet:-1, max-image-preview:large, max-video-preview:-1\" \/>\n<link rel=\"canonical\" href=\"https:\/\/bglilienfeld.ac.at\/cms_wordpress\/2023\/02\/13\/bienvenue-en-autriche-erasmus-projekt-im-gymnasium-lilienfeld\/\" \/>\n<meta property=\"og:locale\" content=\"de_DE\" \/>\n<meta property=\"og:type\" content=\"article\" \/>\n<meta property=\"og:title\" content=\"Bienvenue en Autriche! Erasmus+-Projekt im Gymnasium Lilienfeld - BG BRG Lilienfeld\" \/>\n<meta property=\"og:description\" content=\"Vom 28. J\u00e4nner bis zum 03. Februar 2023 hatte das BG\/BRG Lilienfeld die M\u00f6glichkeit, eine franz\u00f6sische Schulklasse zu begr\u00fc\u00dfen, um zusammen an einem von Erasmus+ gef\u00f6rderten Projekt zu arbeiten. Das Programm f\u00fcr die Woche war dabei f\u00fcr G\u00e4ste wie Einheimische nicht nur ausgesprochen vielf\u00e4ltig, sondern auch sehr bereichernd. Am Samstag, dem 28. J\u00e4nner, kamen 28 Sch\u00fclerinnen und Sch\u00fcler des Gymnasiums &hellip; Continue reading &quot;Bienvenue en Autriche! Erasmus+-Projekt im Gymnasium Lilienfeld&quot;\" \/>\n<meta property=\"og:url\" content=\"https:\/\/bglilienfeld.ac.at\/cms_wordpress\/2023\/02\/13\/bienvenue-en-autriche-erasmus-projekt-im-gymnasium-lilienfeld\/\" \/>\n<meta property=\"og:site_name\" content=\"BG BRG Lilienfeld\" \/>\n<meta property=\"article:publisher\" content=\"https:\/\/facebook.com\/martin.komar.9081\" \/>\n<meta property=\"article:published_time\" content=\"2023-02-13T17:27:36+00:00\" \/>\n<meta property=\"article:modified_time\" content=\"2023-05-08T05:54:01+00:00\" \/>\n<meta property=\"og:image\" content=\"https:\/\/bglilienfeld.ac.at\/cms_wordpress\/wp-content\/uploads\/2023\/02\/Erasmus-2023-Vorschau.jpg\" \/>\n\t<meta property=\"og:image:width\" content=\"400\" \/>\n\t<meta property=\"og:image:height\" content=\"400\" \/>\n\t<meta property=\"og:image:type\" content=\"image\/jpeg\" \/>\n<meta name=\"author\" content=\"Administrator\" \/>\n<meta name=\"twitter:card\" content=\"summary_large_image\" \/>\n<meta name=\"twitter:label1\" content=\"Verfasst von\" \/>\n\t<meta name=\"twitter:data1\" content=\"Administrator\" \/>\n\t<meta name=\"twitter:label2\" content=\"Gesch\u00e4tzte Lesezeit\" \/>\n\t<meta name=\"twitter:data2\" content=\"5 Minuten\" \/>\n<script type=\"application\/ld+json\" class=\"yoast-schema-graph\">{\"@context\":\"https:\\\/\\\/schema.org\",\"@graph\":[{\"@type\":\"Article\",\"@id\":\"https:\\\/\\\/bglilienfeld.ac.at\\\/cms_wordpress\\\/2023\\\/02\\\/13\\\/bienvenue-en-autriche-erasmus-projekt-im-gymnasium-lilienfeld\\\/#article\",\"isPartOf\":{\"@id\":\"https:\\\/\\\/bglilienfeld.ac.at\\\/cms_wordpress\\\/2023\\\/02\\\/13\\\/bienvenue-en-autriche-erasmus-projekt-im-gymnasium-lilienfeld\\\/\"},\"author\":{\"name\":\"Administrator\",\"@id\":\"https:\\\/\\\/bglilienfeld.ac.at\\\/cms_wordpress\\\/#\\\/schema\\\/person\\\/1fc3b0a4d15763b2861caab628f949d2\"},\"headline\":\"Bienvenue en Autriche! Erasmus+-Projekt im Gymnasium Lilienfeld\",\"datePublished\":\"2023-02-13T17:27:36+00:00\",\"dateModified\":\"2023-05-08T05:54:01+00:00\",\"mainEntityOfPage\":{\"@id\":\"https:\\\/\\\/bglilienfeld.ac.at\\\/cms_wordpress\\\/2023\\\/02\\\/13\\\/bienvenue-en-autriche-erasmus-projekt-im-gymnasium-lilienfeld\\\/\"},\"wordCount\":851,\"image\":{\"@id\":\"https:\\\/\\\/bglilienfeld.ac.at\\\/cms_wordpress\\\/2023\\\/02\\\/13\\\/bienvenue-en-autriche-erasmus-projekt-im-gymnasium-lilienfeld\\\/#primaryimage\"},\"thumbnailUrl\":\"https:\\\/\\\/bglilienfeld.ac.at\\\/cms_wordpress\\\/wp-content\\\/uploads\\\/2023\\\/02\\\/Erasmus-2023-Vorschau.jpg\",\"articleSection\":[\"Sprachen\"],\"inLanguage\":\"de-AT\"},{\"@type\":\"WebPage\",\"@id\":\"https:\\\/\\\/bglilienfeld.ac.at\\\/cms_wordpress\\\/2023\\\/02\\\/13\\\/bienvenue-en-autriche-erasmus-projekt-im-gymnasium-lilienfeld\\\/\",\"url\":\"https:\\\/\\\/bglilienfeld.ac.at\\\/cms_wordpress\\\/2023\\\/02\\\/13\\\/bienvenue-en-autriche-erasmus-projekt-im-gymnasium-lilienfeld\\\/\",\"name\":\"Bienvenue en Autriche! Erasmus+-Projekt im Gymnasium Lilienfeld - BG BRG Lilienfeld\",\"isPartOf\":{\"@id\":\"https:\\\/\\\/bglilienfeld.ac.at\\\/cms_wordpress\\\/#website\"},\"primaryImageOfPage\":{\"@id\":\"https:\\\/\\\/bglilienfeld.ac.at\\\/cms_wordpress\\\/2023\\\/02\\\/13\\\/bienvenue-en-autriche-erasmus-projekt-im-gymnasium-lilienfeld\\\/#primaryimage\"},\"image\":{\"@id\":\"https:\\\/\\\/bglilienfeld.ac.at\\\/cms_wordpress\\\/2023\\\/02\\\/13\\\/bienvenue-en-autriche-erasmus-projekt-im-gymnasium-lilienfeld\\\/#primaryimage\"},\"thumbnailUrl\":\"https:\\\/\\\/bglilienfeld.ac.at\\\/cms_wordpress\\\/wp-content\\\/uploads\\\/2023\\\/02\\\/Erasmus-2023-Vorschau.jpg\",\"datePublished\":\"2023-02-13T17:27:36+00:00\",\"dateModified\":\"2023-05-08T05:54:01+00:00\",\"author\":{\"@id\":\"https:\\\/\\\/bglilienfeld.ac.at\\\/cms_wordpress\\\/#\\\/schema\\\/person\\\/1fc3b0a4d15763b2861caab628f949d2\"},\"breadcrumb\":{\"@id\":\"https:\\\/\\\/bglilienfeld.ac.at\\\/cms_wordpress\\\/2023\\\/02\\\/13\\\/bienvenue-en-autriche-erasmus-projekt-im-gymnasium-lilienfeld\\\/#breadcrumb\"},\"inLanguage\":\"de-AT\",\"potentialAction\":[{\"@type\":\"ReadAction\",\"target\":[\"https:\\\/\\\/bglilienfeld.ac.at\\\/cms_wordpress\\\/2023\\\/02\\\/13\\\/bienvenue-en-autriche-erasmus-projekt-im-gymnasium-lilienfeld\\\/\"]}]},{\"@type\":\"ImageObject\",\"inLanguage\":\"de-AT\",\"@id\":\"https:\\\/\\\/bglilienfeld.ac.at\\\/cms_wordpress\\\/2023\\\/02\\\/13\\\/bienvenue-en-autriche-erasmus-projekt-im-gymnasium-lilienfeld\\\/#primaryimage\",\"url\":\"https:\\\/\\\/bglilienfeld.ac.at\\\/cms_wordpress\\\/wp-content\\\/uploads\\\/2023\\\/02\\\/Erasmus-2023-Vorschau.jpg\",\"contentUrl\":\"https:\\\/\\\/bglilienfeld.ac.at\\\/cms_wordpress\\\/wp-content\\\/uploads\\\/2023\\\/02\\\/Erasmus-2023-Vorschau.jpg\",\"width\":400,\"height\":400},{\"@type\":\"BreadcrumbList\",\"@id\":\"https:\\\/\\\/bglilienfeld.ac.at\\\/cms_wordpress\\\/2023\\\/02\\\/13\\\/bienvenue-en-autriche-erasmus-projekt-im-gymnasium-lilienfeld\\\/#breadcrumb\",\"itemListElement\":[{\"@type\":\"ListItem\",\"position\":1,\"name\":\"Startseite\",\"item\":\"https:\\\/\\\/bglilienfeld.ac.at\\\/cms_wordpress\\\/\"},{\"@type\":\"ListItem\",\"position\":2,\"name\":\"Bienvenue en Autriche! Erasmus+-Projekt im Gymnasium Lilienfeld\"}]},{\"@type\":\"WebSite\",\"@id\":\"https:\\\/\\\/bglilienfeld.ac.at\\\/cms_wordpress\\\/#website\",\"url\":\"https:\\\/\\\/bglilienfeld.ac.at\\\/cms_wordpress\\\/\",\"name\":\"BG BRG Lilienfeld\",\"description\":\"Der sinnvollste Zeitvertreib bis zum Wochenende\",\"potentialAction\":[{\"@type\":\"SearchAction\",\"target\":{\"@type\":\"EntryPoint\",\"urlTemplate\":\"https:\\\/\\\/bglilienfeld.ac.at\\\/cms_wordpress\\\/?s={search_term_string}\"},\"query-input\":{\"@type\":\"PropertyValueSpecification\",\"valueRequired\":true,\"valueName\":\"search_term_string\"}}],\"inLanguage\":\"de-AT\"},{\"@type\":\"Person\",\"@id\":\"https:\\\/\\\/bglilienfeld.ac.at\\\/cms_wordpress\\\/#\\\/schema\\\/person\\\/1fc3b0a4d15763b2861caab628f949d2\",\"name\":\"Administrator\",\"image\":{\"@type\":\"ImageObject\",\"inLanguage\":\"de-AT\",\"@id\":\"https:\\\/\\\/secure.gravatar.com\\\/avatar\\\/34b16fabf25b85f6dfca598572b49f1550123dcf6257a2b930d87eaa672d255c?s=96&d=mm&r=g\",\"url\":\"https:\\\/\\\/secure.gravatar.com\\\/avatar\\\/34b16fabf25b85f6dfca598572b49f1550123dcf6257a2b930d87eaa672d255c?s=96&d=mm&r=g\",\"contentUrl\":\"https:\\\/\\\/secure.gravatar.com\\\/avatar\\\/34b16fabf25b85f6dfca598572b49f1550123dcf6257a2b930d87eaa672d255c?s=96&d=mm&r=g\",\"caption\":\"Administrator\"},\"url\":\"https:\\\/\\\/bglilienfeld.ac.at\\\/cms_wordpress\\\/author\\\/administrator\\\/\"}]}<\/script>\n<!-- \/ Yoast SEO plugin. -->","yoast_head_json":{"title":"Bienvenue en Autriche! Erasmus+-Projekt im Gymnasium Lilienfeld - BG BRG Lilienfeld","robots":{"index":"index","follow":"follow","max-snippet":"max-snippet:-1","max-image-preview":"max-image-preview:large","max-video-preview":"max-video-preview:-1"},"canonical":"https:\/\/bglilienfeld.ac.at\/cms_wordpress\/2023\/02\/13\/bienvenue-en-autriche-erasmus-projekt-im-gymnasium-lilienfeld\/","og_locale":"de_DE","og_type":"article","og_title":"Bienvenue en Autriche! Erasmus+-Projekt im Gymnasium Lilienfeld - BG BRG Lilienfeld","og_description":"Vom 28. J\u00e4nner bis zum 03. Februar 2023 hatte das BG\/BRG Lilienfeld die M\u00f6glichkeit, eine franz\u00f6sische Schulklasse zu begr\u00fc\u00dfen, um zusammen an einem von Erasmus+ gef\u00f6rderten Projekt zu arbeiten. Das Programm f\u00fcr die Woche war dabei f\u00fcr G\u00e4ste wie Einheimische nicht nur ausgesprochen vielf\u00e4ltig, sondern auch sehr bereichernd. Am Samstag, dem 28. J\u00e4nner, kamen 28 Sch\u00fclerinnen und Sch\u00fcler des Gymnasiums &hellip; Continue reading \"Bienvenue en Autriche! Erasmus+-Projekt im Gymnasium Lilienfeld\"","og_url":"https:\/\/bglilienfeld.ac.at\/cms_wordpress\/2023\/02\/13\/bienvenue-en-autriche-erasmus-projekt-im-gymnasium-lilienfeld\/","og_site_name":"BG BRG Lilienfeld","article_publisher":"https:\/\/facebook.com\/martin.komar.9081","article_published_time":"2023-02-13T17:27:36+00:00","article_modified_time":"2023-05-08T05:54:01+00:00","og_image":[{"width":400,"height":400,"url":"https:\/\/bglilienfeld.ac.at\/cms_wordpress\/wp-content\/uploads\/2023\/02\/Erasmus-2023-Vorschau.jpg","type":"image\/jpeg"}],"author":"Administrator","twitter_card":"summary_large_image","twitter_misc":{"Verfasst von":"Administrator","Gesch\u00e4tzte Lesezeit":"5 Minuten"},"schema":{"@context":"https:\/\/schema.org","@graph":[{"@type":"Article","@id":"https:\/\/bglilienfeld.ac.at\/cms_wordpress\/2023\/02\/13\/bienvenue-en-autriche-erasmus-projekt-im-gymnasium-lilienfeld\/#article","isPartOf":{"@id":"https:\/\/bglilienfeld.ac.at\/cms_wordpress\/2023\/02\/13\/bienvenue-en-autriche-erasmus-projekt-im-gymnasium-lilienfeld\/"},"author":{"name":"Administrator","@id":"https:\/\/bglilienfeld.ac.at\/cms_wordpress\/#\/schema\/person\/1fc3b0a4d15763b2861caab628f949d2"},"headline":"Bienvenue en Autriche! Erasmus+-Projekt im Gymnasium Lilienfeld","datePublished":"2023-02-13T17:27:36+00:00","dateModified":"2023-05-08T05:54:01+00:00","mainEntityOfPage":{"@id":"https:\/\/bglilienfeld.ac.at\/cms_wordpress\/2023\/02\/13\/bienvenue-en-autriche-erasmus-projekt-im-gymnasium-lilienfeld\/"},"wordCount":851,"image":{"@id":"https:\/\/bglilienfeld.ac.at\/cms_wordpress\/2023\/02\/13\/bienvenue-en-autriche-erasmus-projekt-im-gymnasium-lilienfeld\/#primaryimage"},"thumbnailUrl":"https:\/\/bglilienfeld.ac.at\/cms_wordpress\/wp-content\/uploads\/2023\/02\/Erasmus-2023-Vorschau.jpg","articleSection":["Sprachen"],"inLanguage":"de-AT"},{"@type":"WebPage","@id":"https:\/\/bglilienfeld.ac.at\/cms_wordpress\/2023\/02\/13\/bienvenue-en-autriche-erasmus-projekt-im-gymnasium-lilienfeld\/","url":"https:\/\/bglilienfeld.ac.at\/cms_wordpress\/2023\/02\/13\/bienvenue-en-autriche-erasmus-projekt-im-gymnasium-lilienfeld\/","name":"Bienvenue en Autriche! Erasmus+-Projekt im Gymnasium Lilienfeld - BG BRG Lilienfeld","isPartOf":{"@id":"https:\/\/bglilienfeld.ac.at\/cms_wordpress\/#website"},"primaryImageOfPage":{"@id":"https:\/\/bglilienfeld.ac.at\/cms_wordpress\/2023\/02\/13\/bienvenue-en-autriche-erasmus-projekt-im-gymnasium-lilienfeld\/#primaryimage"},"image":{"@id":"https:\/\/bglilienfeld.ac.at\/cms_wordpress\/2023\/02\/13\/bienvenue-en-autriche-erasmus-projekt-im-gymnasium-lilienfeld\/#primaryimage"},"thumbnailUrl":"https:\/\/bglilienfeld.ac.at\/cms_wordpress\/wp-content\/uploads\/2023\/02\/Erasmus-2023-Vorschau.jpg","datePublished":"2023-02-13T17:27:36+00:00","dateModified":"2023-05-08T05:54:01+00:00","author":{"@id":"https:\/\/bglilienfeld.ac.at\/cms_wordpress\/#\/schema\/person\/1fc3b0a4d15763b2861caab628f949d2"},"breadcrumb":{"@id":"https:\/\/bglilienfeld.ac.at\/cms_wordpress\/2023\/02\/13\/bienvenue-en-autriche-erasmus-projekt-im-gymnasium-lilienfeld\/#breadcrumb"},"inLanguage":"de-AT","potentialAction":[{"@type":"ReadAction","target":["https:\/\/bglilienfeld.ac.at\/cms_wordpress\/2023\/02\/13\/bienvenue-en-autriche-erasmus-projekt-im-gymnasium-lilienfeld\/"]}]},{"@type":"ImageObject","inLanguage":"de-AT","@id":"https:\/\/bglilienfeld.ac.at\/cms_wordpress\/2023\/02\/13\/bienvenue-en-autriche-erasmus-projekt-im-gymnasium-lilienfeld\/#primaryimage","url":"https:\/\/bglilienfeld.ac.at\/cms_wordpress\/wp-content\/uploads\/2023\/02\/Erasmus-2023-Vorschau.jpg","contentUrl":"https:\/\/bglilienfeld.ac.at\/cms_wordpress\/wp-content\/uploads\/2023\/02\/Erasmus-2023-Vorschau.jpg","width":400,"height":400},{"@type":"BreadcrumbList","@id":"https:\/\/bglilienfeld.ac.at\/cms_wordpress\/2023\/02\/13\/bienvenue-en-autriche-erasmus-projekt-im-gymnasium-lilienfeld\/#breadcrumb","itemListElement":[{"@type":"ListItem","position":1,"name":"Startseite","item":"https:\/\/bglilienfeld.ac.at\/cms_wordpress\/"},{"@type":"ListItem","position":2,"name":"Bienvenue en Autriche! Erasmus+-Projekt im Gymnasium Lilienfeld"}]},{"@type":"WebSite","@id":"https:\/\/bglilienfeld.ac.at\/cms_wordpress\/#website","url":"https:\/\/bglilienfeld.ac.at\/cms_wordpress\/","name":"BG BRG Lilienfeld","description":"Der sinnvollste Zeitvertreib bis zum Wochenende","potentialAction":[{"@type":"SearchAction","target":{"@type":"EntryPoint","urlTemplate":"https:\/\/bglilienfeld.ac.at\/cms_wordpress\/?s={search_term_string}"},"query-input":{"@type":"PropertyValueSpecification","valueRequired":true,"valueName":"search_term_string"}}],"inLanguage":"de-AT"},{"@type":"Person","@id":"https:\/\/bglilienfeld.ac.at\/cms_wordpress\/#\/schema\/person\/1fc3b0a4d15763b2861caab628f949d2","name":"Administrator","image":{"@type":"ImageObject","inLanguage":"de-AT","@id":"https:\/\/secure.gravatar.com\/avatar\/34b16fabf25b85f6dfca598572b49f1550123dcf6257a2b930d87eaa672d255c?s=96&d=mm&r=g","url":"https:\/\/secure.gravatar.com\/avatar\/34b16fabf25b85f6dfca598572b49f1550123dcf6257a2b930d87eaa672d255c?s=96&d=mm&r=g","contentUrl":"https:\/\/secure.gravatar.com\/avatar\/34b16fabf25b85f6dfca598572b49f1550123dcf6257a2b930d87eaa672d255c?s=96&d=mm&r=g","caption":"Administrator"},"url":"https:\/\/bglilienfeld.ac.at\/cms_wordpress\/author\/administrator\/"}]}},"_links":{"self":[{"href":"https:\/\/bglilienfeld.ac.at\/cms_wordpress\/wp-json\/wp\/v2\/posts\/2926","targetHints":{"allow":["GET"]}}],"collection":[{"href":"https:\/\/bglilienfeld.ac.at\/cms_wordpress\/wp-json\/wp\/v2\/posts"}],"about":[{"href":"https:\/\/bglilienfeld.ac.at\/cms_wordpress\/wp-json\/wp\/v2\/types\/post"}],"author":[{"embeddable":true,"href":"https:\/\/bglilienfeld.ac.at\/cms_wordpress\/wp-json\/wp\/v2\/users\/1"}],"replies":[{"embeddable":true,"href":"https:\/\/bglilienfeld.ac.at\/cms_wordpress\/wp-json\/wp\/v2\/comments?post=2926"}],"version-history":[{"count":1,"href":"https:\/\/bglilienfeld.ac.at\/cms_wordpress\/wp-json\/wp\/v2\/posts\/2926\/revisions"}],"predecessor-version":[{"id":2944,"href":"https:\/\/bglilienfeld.ac.at\/cms_wordpress\/wp-json\/wp\/v2\/posts\/2926\/revisions\/2944"}],"wp:featuredmedia":[{"embeddable":true,"href":"https:\/\/bglilienfeld.ac.at\/cms_wordpress\/wp-json\/wp\/v2\/media\/2943"}],"wp:attachment":[{"href":"https:\/\/bglilienfeld.ac.at\/cms_wordpress\/wp-json\/wp\/v2\/media?parent=2926"}],"wp:term":[{"taxonomy":"category","embeddable":true,"href":"https:\/\/bglilienfeld.ac.at\/cms_wordpress\/wp-json\/wp\/v2\/categories?post=2926"},{"taxonomy":"post_tag","embeddable":true,"href":"https:\/\/bglilienfeld.ac.at\/cms_wordpress\/wp-json\/wp\/v2\/tags?post=2926"}],"curies":[{"name":"wp","href":"https:\/\/api.w.org\/{rel}","templated":true}]}}