{"id":3178,"date":"2023-07-06T13:09:12","date_gmt":"2023-07-06T11:09:12","guid":{"rendered":"https:\/\/bglilienfeld.ac.at\/cms_wordpress\/?p=3178"},"modified":"2023-07-06T13:09:14","modified_gmt":"2023-07-06T11:09:14","slug":"erfolg-des-schulchors-beim-bundesjugendsingen","status":"publish","type":"post","link":"https:\/\/bglilienfeld.ac.at\/cms_wordpress\/2023\/07\/06\/erfolg-des-schulchors-beim-bundesjugendsingen\/","title":{"rendered":"Erfolg des Schulchors beim Bundesjugendsingen"},"content":{"rendered":"\n<p>Der Schulchor des Gymnasiums Lilienfeld wurde als einer von 5 Ch\u00f6ren aus Nieder\u00f6sterreich nominiert, unser Bundesland beim diesj\u00e4hrigen Bundesjugendsingen zu vertreten, welches von 26.-29. Juni in Klagenfurt stattfand. Dieses Ch\u00f6retreffen mit freiwilligem Wertungssingen konnte pandemiebedingt erstmals seit 6 Jahren ausgetragen werden und versammelte 1200 singbegeisterte Jugendliche aus ganz \u00d6sterreich. Es gilt damit als das gr\u00f6\u00dfte Jugendchorfestival Europas. So verbrachten die 17 Lilienfelder S\u00e4ngerinnen und S\u00e4nger mit ihrer Leiterin Mag. Agnes Schaffhauser und Begleitperson Mag. Marion Tiefenbacher &#8211; Lindenthal vier aufregende Tage in K\u00e4rnten, pr\u00e4sentierten sich bei Konzerten und offenen Singen und nahmen am freiwilligen Wettbewerb teil, in dem 28 Ch\u00f6re unterschiedlichster Schulformen einer Fachjury vorsangen. Die gr\u00f6\u00dfte Herausforderung bestand in der Pr\u00e4sentation einer v\u00f6llig unbekannten Neukomposition, f\u00fcr die jeder Chor 2 Stunden Vorbereitungszeit hatte, bevor diese, sowie ein zehnmin\u00fctiges Wahlprogramm, \u00f6ffentlich dargeboten werden musste. Au\u00dferdem war der Schulchor mutig genug, an der \u201e5-Minuten-Challenge\u201c teilzunehmen, bei der man innerhalb dieser enorm kurzen Zeitspanne vor Publikum ein neues St\u00fcck einstudieren sollte. Die Jury honorierte den ambitionierten, freudvollen Auftritt unseres noch eher unerfahrenen Schulchors, der sich beispielsweise mit der Singschule der Oper Graz oder der Jugendkantorei Salzburgs messen musste, mit dem Pr\u00e4dikat \u201emit sehr gutem Erfolg teilgenommen\u201c und lobte dessen Begeisterung und Freude auf der B\u00fchne.<\/p>\n\n\n\n<p>F\u00fcr die Jugendlichen waren die 4 gemeinsamen Tage ein unvergessliches Erlebnis, bei dem neue Freundschaften entstanden, die Chorgemeinschaft gest\u00e4rkt wurde und tolle Erfahrungen gemacht wurden.<\/p>\n\n\n\nngg_shortcode_0_placeholder\n","protected":false},"excerpt":{"rendered":"<p>Der Schulchor des Gymnasiums Lilienfeld wurde als einer von 5 Ch\u00f6ren aus Nieder\u00f6sterreich nominiert, unser Bundesland beim diesj\u00e4hrigen Bundesjugendsingen zu vertreten, welches von 26.-29. Juni in Klagenfurt stattfand. Dieses Ch\u00f6retreffen mit freiwilligem Wertungssingen konnte pandemiebedingt erstmals seit 6 Jahren ausgetragen werden und versammelte 1200 singbegeisterte Jugendliche aus ganz \u00d6sterreich. Es gilt damit als das gr\u00f6\u00dfte Jugendchorfestival Europas. So verbrachten die &hellip; <a href=\"https:\/\/bglilienfeld.ac.at\/cms_wordpress\/2023\/07\/06\/erfolg-des-schulchors-beim-bundesjugendsingen\/\" class=\"more-link\">Continue reading<span class=\"screen-reader-text\"> &#8222;Erfolg des Schulchors beim Bundesjugendsingen&#8220;<\/span><\/a><\/p>\n","protected":false},"author":1,"featured_media":3187,"comment_status":"closed","ping_status":"closed","sticky":false,"template":"","format":"standard","meta":{"ngg_post_thumbnail":0,"footnotes":""},"categories":[8],"tags":[],"class_list":["post-3178","post","type-post","status-publish","format-standard","has-post-thumbnail","hentry","category-kunst-und-kultur"],"yoast_head":"<!-- This site is optimized with the Yoast SEO plugin v27.5 - https:\/\/yoast.com\/product\/yoast-seo-wordpress\/ -->\n<title>Erfolg des Schulchors beim Bundesjugendsingen - BG BRG Lilienfeld<\/title>\n<meta name=\"robots\" content=\"index, follow, max-snippet:-1, max-image-preview:large, max-video-preview:-1\" \/>\n<link rel=\"canonical\" href=\"https:\/\/bglilienfeld.ac.at\/cms_wordpress\/2023\/07\/06\/erfolg-des-schulchors-beim-bundesjugendsingen\/\" \/>\n<meta property=\"og:locale\" content=\"de_DE\" \/>\n<meta property=\"og:type\" content=\"article\" \/>\n<meta property=\"og:title\" content=\"Erfolg des Schulchors beim Bundesjugendsingen - BG BRG Lilienfeld\" \/>\n<meta property=\"og:description\" content=\"Der Schulchor des Gymnasiums Lilienfeld wurde als einer von 5 Ch\u00f6ren aus Nieder\u00f6sterreich nominiert, unser Bundesland beim diesj\u00e4hrigen Bundesjugendsingen zu vertreten, welches von 26.-29. Juni in Klagenfurt stattfand. Dieses Ch\u00f6retreffen mit freiwilligem Wertungssingen konnte pandemiebedingt erstmals seit 6 Jahren ausgetragen werden und versammelte 1200 singbegeisterte Jugendliche aus ganz \u00d6sterreich. Es gilt damit als das gr\u00f6\u00dfte Jugendchorfestival Europas. So verbrachten die &hellip; Continue reading &quot;Erfolg des Schulchors beim Bundesjugendsingen&quot;\" \/>\n<meta property=\"og:url\" content=\"https:\/\/bglilienfeld.ac.at\/cms_wordpress\/2023\/07\/06\/erfolg-des-schulchors-beim-bundesjugendsingen\/\" \/>\n<meta property=\"og:site_name\" content=\"BG BRG Lilienfeld\" \/>\n<meta property=\"article:publisher\" content=\"https:\/\/facebook.com\/martin.komar.9081\" \/>\n<meta property=\"article:published_time\" content=\"2023-07-06T11:09:12+00:00\" \/>\n<meta property=\"article:modified_time\" content=\"2023-07-06T11:09:14+00:00\" \/>\n<meta property=\"og:image\" content=\"https:\/\/bglilienfeld.ac.at\/cms_wordpress\/wp-content\/uploads\/2023\/07\/Bundesjugendsingen-1-Vorschau.jpg\" \/>\n\t<meta property=\"og:image:width\" content=\"400\" \/>\n\t<meta property=\"og:image:height\" content=\"400\" \/>\n\t<meta property=\"og:image:type\" content=\"image\/jpeg\" \/>\n<meta name=\"author\" content=\"Administrator\" \/>\n<meta name=\"twitter:card\" content=\"summary_large_image\" \/>\n<meta name=\"twitter:label1\" content=\"Verfasst von\" \/>\n\t<meta name=\"twitter:data1\" content=\"Administrator\" \/>\n\t<meta name=\"twitter:label2\" content=\"Gesch\u00e4tzte Lesezeit\" \/>\n\t<meta name=\"twitter:data2\" content=\"2 Minuten\" \/>\n<script type=\"application\/ld+json\" class=\"yoast-schema-graph\">{\"@context\":\"https:\\\/\\\/schema.org\",\"@graph\":[{\"@type\":\"Article\",\"@id\":\"https:\\\/\\\/bglilienfeld.ac.at\\\/cms_wordpress\\\/2023\\\/07\\\/06\\\/erfolg-des-schulchors-beim-bundesjugendsingen\\\/#article\",\"isPartOf\":{\"@id\":\"https:\\\/\\\/bglilienfeld.ac.at\\\/cms_wordpress\\\/2023\\\/07\\\/06\\\/erfolg-des-schulchors-beim-bundesjugendsingen\\\/\"},\"author\":{\"name\":\"Administrator\",\"@id\":\"https:\\\/\\\/bglilienfeld.ac.at\\\/cms_wordpress\\\/#\\\/schema\\\/person\\\/1fc3b0a4d15763b2861caab628f949d2\"},\"headline\":\"Erfolg des Schulchors beim Bundesjugendsingen\",\"datePublished\":\"2023-07-06T11:09:12+00:00\",\"dateModified\":\"2023-07-06T11:09:14+00:00\",\"mainEntityOfPage\":{\"@id\":\"https:\\\/\\\/bglilienfeld.ac.at\\\/cms_wordpress\\\/2023\\\/07\\\/06\\\/erfolg-des-schulchors-beim-bundesjugendsingen\\\/\"},\"wordCount\":256,\"image\":{\"@id\":\"https:\\\/\\\/bglilienfeld.ac.at\\\/cms_wordpress\\\/2023\\\/07\\\/06\\\/erfolg-des-schulchors-beim-bundesjugendsingen\\\/#primaryimage\"},\"thumbnailUrl\":\"https:\\\/\\\/bglilienfeld.ac.at\\\/cms_wordpress\\\/wp-content\\\/uploads\\\/2023\\\/07\\\/Bundesjugendsingen-1-Vorschau.jpg\",\"articleSection\":[\"Kunst und Kultur\"],\"inLanguage\":\"de-AT\"},{\"@type\":\"WebPage\",\"@id\":\"https:\\\/\\\/bglilienfeld.ac.at\\\/cms_wordpress\\\/2023\\\/07\\\/06\\\/erfolg-des-schulchors-beim-bundesjugendsingen\\\/\",\"url\":\"https:\\\/\\\/bglilienfeld.ac.at\\\/cms_wordpress\\\/2023\\\/07\\\/06\\\/erfolg-des-schulchors-beim-bundesjugendsingen\\\/\",\"name\":\"Erfolg des Schulchors beim Bundesjugendsingen - BG BRG Lilienfeld\",\"isPartOf\":{\"@id\":\"https:\\\/\\\/bglilienfeld.ac.at\\\/cms_wordpress\\\/#website\"},\"primaryImageOfPage\":{\"@id\":\"https:\\\/\\\/bglilienfeld.ac.at\\\/cms_wordpress\\\/2023\\\/07\\\/06\\\/erfolg-des-schulchors-beim-bundesjugendsingen\\\/#primaryimage\"},\"image\":{\"@id\":\"https:\\\/\\\/bglilienfeld.ac.at\\\/cms_wordpress\\\/2023\\\/07\\\/06\\\/erfolg-des-schulchors-beim-bundesjugendsingen\\\/#primaryimage\"},\"thumbnailUrl\":\"https:\\\/\\\/bglilienfeld.ac.at\\\/cms_wordpress\\\/wp-content\\\/uploads\\\/2023\\\/07\\\/Bundesjugendsingen-1-Vorschau.jpg\",\"datePublished\":\"2023-07-06T11:09:12+00:00\",\"dateModified\":\"2023-07-06T11:09:14+00:00\",\"author\":{\"@id\":\"https:\\\/\\\/bglilienfeld.ac.at\\\/cms_wordpress\\\/#\\\/schema\\\/person\\\/1fc3b0a4d15763b2861caab628f949d2\"},\"breadcrumb\":{\"@id\":\"https:\\\/\\\/bglilienfeld.ac.at\\\/cms_wordpress\\\/2023\\\/07\\\/06\\\/erfolg-des-schulchors-beim-bundesjugendsingen\\\/#breadcrumb\"},\"inLanguage\":\"de-AT\",\"potentialAction\":[{\"@type\":\"ReadAction\",\"target\":[\"https:\\\/\\\/bglilienfeld.ac.at\\\/cms_wordpress\\\/2023\\\/07\\\/06\\\/erfolg-des-schulchors-beim-bundesjugendsingen\\\/\"]}]},{\"@type\":\"ImageObject\",\"inLanguage\":\"de-AT\",\"@id\":\"https:\\\/\\\/bglilienfeld.ac.at\\\/cms_wordpress\\\/2023\\\/07\\\/06\\\/erfolg-des-schulchors-beim-bundesjugendsingen\\\/#primaryimage\",\"url\":\"https:\\\/\\\/bglilienfeld.ac.at\\\/cms_wordpress\\\/wp-content\\\/uploads\\\/2023\\\/07\\\/Bundesjugendsingen-1-Vorschau.jpg\",\"contentUrl\":\"https:\\\/\\\/bglilienfeld.ac.at\\\/cms_wordpress\\\/wp-content\\\/uploads\\\/2023\\\/07\\\/Bundesjugendsingen-1-Vorschau.jpg\",\"width\":400,\"height\":400},{\"@type\":\"BreadcrumbList\",\"@id\":\"https:\\\/\\\/bglilienfeld.ac.at\\\/cms_wordpress\\\/2023\\\/07\\\/06\\\/erfolg-des-schulchors-beim-bundesjugendsingen\\\/#breadcrumb\",\"itemListElement\":[{\"@type\":\"ListItem\",\"position\":1,\"name\":\"Startseite\",\"item\":\"https:\\\/\\\/bglilienfeld.ac.at\\\/cms_wordpress\\\/\"},{\"@type\":\"ListItem\",\"position\":2,\"name\":\"Erfolg des Schulchors beim Bundesjugendsingen\"}]},{\"@type\":\"WebSite\",\"@id\":\"https:\\\/\\\/bglilienfeld.ac.at\\\/cms_wordpress\\\/#website\",\"url\":\"https:\\\/\\\/bglilienfeld.ac.at\\\/cms_wordpress\\\/\",\"name\":\"BG BRG Lilienfeld\",\"description\":\"Der sinnvollste Zeitvertreib bis zum Wochenende\",\"potentialAction\":[{\"@type\":\"SearchAction\",\"target\":{\"@type\":\"EntryPoint\",\"urlTemplate\":\"https:\\\/\\\/bglilienfeld.ac.at\\\/cms_wordpress\\\/?s={search_term_string}\"},\"query-input\":{\"@type\":\"PropertyValueSpecification\",\"valueRequired\":true,\"valueName\":\"search_term_string\"}}],\"inLanguage\":\"de-AT\"},{\"@type\":\"Person\",\"@id\":\"https:\\\/\\\/bglilienfeld.ac.at\\\/cms_wordpress\\\/#\\\/schema\\\/person\\\/1fc3b0a4d15763b2861caab628f949d2\",\"name\":\"Administrator\",\"image\":{\"@type\":\"ImageObject\",\"inLanguage\":\"de-AT\",\"@id\":\"https:\\\/\\\/secure.gravatar.com\\\/avatar\\\/34b16fabf25b85f6dfca598572b49f1550123dcf6257a2b930d87eaa672d255c?s=96&d=mm&r=g\",\"url\":\"https:\\\/\\\/secure.gravatar.com\\\/avatar\\\/34b16fabf25b85f6dfca598572b49f1550123dcf6257a2b930d87eaa672d255c?s=96&d=mm&r=g\",\"contentUrl\":\"https:\\\/\\\/secure.gravatar.com\\\/avatar\\\/34b16fabf25b85f6dfca598572b49f1550123dcf6257a2b930d87eaa672d255c?s=96&d=mm&r=g\",\"caption\":\"Administrator\"},\"url\":\"https:\\\/\\\/bglilienfeld.ac.at\\\/cms_wordpress\\\/author\\\/administrator\\\/\"}]}<\/script>\n<!-- \/ Yoast SEO plugin. -->","yoast_head_json":{"title":"Erfolg des Schulchors beim Bundesjugendsingen - BG BRG Lilienfeld","robots":{"index":"index","follow":"follow","max-snippet":"max-snippet:-1","max-image-preview":"max-image-preview:large","max-video-preview":"max-video-preview:-1"},"canonical":"https:\/\/bglilienfeld.ac.at\/cms_wordpress\/2023\/07\/06\/erfolg-des-schulchors-beim-bundesjugendsingen\/","og_locale":"de_DE","og_type":"article","og_title":"Erfolg des Schulchors beim Bundesjugendsingen - BG BRG Lilienfeld","og_description":"Der Schulchor des Gymnasiums Lilienfeld wurde als einer von 5 Ch\u00f6ren aus Nieder\u00f6sterreich nominiert, unser Bundesland beim diesj\u00e4hrigen Bundesjugendsingen zu vertreten, welches von 26.-29. Juni in Klagenfurt stattfand. Dieses Ch\u00f6retreffen mit freiwilligem Wertungssingen konnte pandemiebedingt erstmals seit 6 Jahren ausgetragen werden und versammelte 1200 singbegeisterte Jugendliche aus ganz \u00d6sterreich. Es gilt damit als das gr\u00f6\u00dfte Jugendchorfestival Europas. So verbrachten die &hellip; Continue reading \"Erfolg des Schulchors beim Bundesjugendsingen\"","og_url":"https:\/\/bglilienfeld.ac.at\/cms_wordpress\/2023\/07\/06\/erfolg-des-schulchors-beim-bundesjugendsingen\/","og_site_name":"BG BRG Lilienfeld","article_publisher":"https:\/\/facebook.com\/martin.komar.9081","article_published_time":"2023-07-06T11:09:12+00:00","article_modified_time":"2023-07-06T11:09:14+00:00","og_image":[{"width":400,"height":400,"url":"https:\/\/bglilienfeld.ac.at\/cms_wordpress\/wp-content\/uploads\/2023\/07\/Bundesjugendsingen-1-Vorschau.jpg","type":"image\/jpeg"}],"author":"Administrator","twitter_card":"summary_large_image","twitter_misc":{"Verfasst von":"Administrator","Gesch\u00e4tzte Lesezeit":"2 Minuten"},"schema":{"@context":"https:\/\/schema.org","@graph":[{"@type":"Article","@id":"https:\/\/bglilienfeld.ac.at\/cms_wordpress\/2023\/07\/06\/erfolg-des-schulchors-beim-bundesjugendsingen\/#article","isPartOf":{"@id":"https:\/\/bglilienfeld.ac.at\/cms_wordpress\/2023\/07\/06\/erfolg-des-schulchors-beim-bundesjugendsingen\/"},"author":{"name":"Administrator","@id":"https:\/\/bglilienfeld.ac.at\/cms_wordpress\/#\/schema\/person\/1fc3b0a4d15763b2861caab628f949d2"},"headline":"Erfolg des Schulchors beim Bundesjugendsingen","datePublished":"2023-07-06T11:09:12+00:00","dateModified":"2023-07-06T11:09:14+00:00","mainEntityOfPage":{"@id":"https:\/\/bglilienfeld.ac.at\/cms_wordpress\/2023\/07\/06\/erfolg-des-schulchors-beim-bundesjugendsingen\/"},"wordCount":256,"image":{"@id":"https:\/\/bglilienfeld.ac.at\/cms_wordpress\/2023\/07\/06\/erfolg-des-schulchors-beim-bundesjugendsingen\/#primaryimage"},"thumbnailUrl":"https:\/\/bglilienfeld.ac.at\/cms_wordpress\/wp-content\/uploads\/2023\/07\/Bundesjugendsingen-1-Vorschau.jpg","articleSection":["Kunst und Kultur"],"inLanguage":"de-AT"},{"@type":"WebPage","@id":"https:\/\/bglilienfeld.ac.at\/cms_wordpress\/2023\/07\/06\/erfolg-des-schulchors-beim-bundesjugendsingen\/","url":"https:\/\/bglilienfeld.ac.at\/cms_wordpress\/2023\/07\/06\/erfolg-des-schulchors-beim-bundesjugendsingen\/","name":"Erfolg des Schulchors beim Bundesjugendsingen - BG BRG Lilienfeld","isPartOf":{"@id":"https:\/\/bglilienfeld.ac.at\/cms_wordpress\/#website"},"primaryImageOfPage":{"@id":"https:\/\/bglilienfeld.ac.at\/cms_wordpress\/2023\/07\/06\/erfolg-des-schulchors-beim-bundesjugendsingen\/#primaryimage"},"image":{"@id":"https:\/\/bglilienfeld.ac.at\/cms_wordpress\/2023\/07\/06\/erfolg-des-schulchors-beim-bundesjugendsingen\/#primaryimage"},"thumbnailUrl":"https:\/\/bglilienfeld.ac.at\/cms_wordpress\/wp-content\/uploads\/2023\/07\/Bundesjugendsingen-1-Vorschau.jpg","datePublished":"2023-07-06T11:09:12+00:00","dateModified":"2023-07-06T11:09:14+00:00","author":{"@id":"https:\/\/bglilienfeld.ac.at\/cms_wordpress\/#\/schema\/person\/1fc3b0a4d15763b2861caab628f949d2"},"breadcrumb":{"@id":"https:\/\/bglilienfeld.ac.at\/cms_wordpress\/2023\/07\/06\/erfolg-des-schulchors-beim-bundesjugendsingen\/#breadcrumb"},"inLanguage":"de-AT","potentialAction":[{"@type":"ReadAction","target":["https:\/\/bglilienfeld.ac.at\/cms_wordpress\/2023\/07\/06\/erfolg-des-schulchors-beim-bundesjugendsingen\/"]}]},{"@type":"ImageObject","inLanguage":"de-AT","@id":"https:\/\/bglilienfeld.ac.at\/cms_wordpress\/2023\/07\/06\/erfolg-des-schulchors-beim-bundesjugendsingen\/#primaryimage","url":"https:\/\/bglilienfeld.ac.at\/cms_wordpress\/wp-content\/uploads\/2023\/07\/Bundesjugendsingen-1-Vorschau.jpg","contentUrl":"https:\/\/bglilienfeld.ac.at\/cms_wordpress\/wp-content\/uploads\/2023\/07\/Bundesjugendsingen-1-Vorschau.jpg","width":400,"height":400},{"@type":"BreadcrumbList","@id":"https:\/\/bglilienfeld.ac.at\/cms_wordpress\/2023\/07\/06\/erfolg-des-schulchors-beim-bundesjugendsingen\/#breadcrumb","itemListElement":[{"@type":"ListItem","position":1,"name":"Startseite","item":"https:\/\/bglilienfeld.ac.at\/cms_wordpress\/"},{"@type":"ListItem","position":2,"name":"Erfolg des Schulchors beim Bundesjugendsingen"}]},{"@type":"WebSite","@id":"https:\/\/bglilienfeld.ac.at\/cms_wordpress\/#website","url":"https:\/\/bglilienfeld.ac.at\/cms_wordpress\/","name":"BG BRG Lilienfeld","description":"Der sinnvollste Zeitvertreib bis zum Wochenende","potentialAction":[{"@type":"SearchAction","target":{"@type":"EntryPoint","urlTemplate":"https:\/\/bglilienfeld.ac.at\/cms_wordpress\/?s={search_term_string}"},"query-input":{"@type":"PropertyValueSpecification","valueRequired":true,"valueName":"search_term_string"}}],"inLanguage":"de-AT"},{"@type":"Person","@id":"https:\/\/bglilienfeld.ac.at\/cms_wordpress\/#\/schema\/person\/1fc3b0a4d15763b2861caab628f949d2","name":"Administrator","image":{"@type":"ImageObject","inLanguage":"de-AT","@id":"https:\/\/secure.gravatar.com\/avatar\/34b16fabf25b85f6dfca598572b49f1550123dcf6257a2b930d87eaa672d255c?s=96&d=mm&r=g","url":"https:\/\/secure.gravatar.com\/avatar\/34b16fabf25b85f6dfca598572b49f1550123dcf6257a2b930d87eaa672d255c?s=96&d=mm&r=g","contentUrl":"https:\/\/secure.gravatar.com\/avatar\/34b16fabf25b85f6dfca598572b49f1550123dcf6257a2b930d87eaa672d255c?s=96&d=mm&r=g","caption":"Administrator"},"url":"https:\/\/bglilienfeld.ac.at\/cms_wordpress\/author\/administrator\/"}]}},"_links":{"self":[{"href":"https:\/\/bglilienfeld.ac.at\/cms_wordpress\/wp-json\/wp\/v2\/posts\/3178","targetHints":{"allow":["GET"]}}],"collection":[{"href":"https:\/\/bglilienfeld.ac.at\/cms_wordpress\/wp-json\/wp\/v2\/posts"}],"about":[{"href":"https:\/\/bglilienfeld.ac.at\/cms_wordpress\/wp-json\/wp\/v2\/types\/post"}],"author":[{"embeddable":true,"href":"https:\/\/bglilienfeld.ac.at\/cms_wordpress\/wp-json\/wp\/v2\/users\/1"}],"replies":[{"embeddable":true,"href":"https:\/\/bglilienfeld.ac.at\/cms_wordpress\/wp-json\/wp\/v2\/comments?post=3178"}],"version-history":[{"count":1,"href":"https:\/\/bglilienfeld.ac.at\/cms_wordpress\/wp-json\/wp\/v2\/posts\/3178\/revisions"}],"predecessor-version":[{"id":3188,"href":"https:\/\/bglilienfeld.ac.at\/cms_wordpress\/wp-json\/wp\/v2\/posts\/3178\/revisions\/3188"}],"wp:featuredmedia":[{"embeddable":true,"href":"https:\/\/bglilienfeld.ac.at\/cms_wordpress\/wp-json\/wp\/v2\/media\/3187"}],"wp:attachment":[{"href":"https:\/\/bglilienfeld.ac.at\/cms_wordpress\/wp-json\/wp\/v2\/media?parent=3178"}],"wp:term":[{"taxonomy":"category","embeddable":true,"href":"https:\/\/bglilienfeld.ac.at\/cms_wordpress\/wp-json\/wp\/v2\/categories?post=3178"},{"taxonomy":"post_tag","embeddable":true,"href":"https:\/\/bglilienfeld.ac.at\/cms_wordpress\/wp-json\/wp\/v2\/tags?post=3178"}],"curies":[{"name":"wp","href":"https:\/\/api.w.org\/{rel}","templated":true}]}}