{"id":3330,"date":"2023-10-04T15:56:02","date_gmt":"2023-10-04T13:56:02","guid":{"rendered":"https:\/\/bglilienfeld.ac.at\/cms_wordpress\/?p=3330"},"modified":"2023-10-04T15:57:17","modified_gmt":"2023-10-04T13:57:17","slug":"monet-rabelais-und-macarons-erasmus-dautriche-en-france","status":"publish","type":"post","link":"https:\/\/bglilienfeld.ac.at\/cms_wordpress\/2023\/10\/04\/monet-rabelais-und-macarons-erasmus-dautriche-en-france\/","title":{"rendered":"Monet, Rabelais und Macarons: Erasmus+ d\u2018Autriche en France"},"content":{"rendered":"\n<p>Dieses Jahr war der Schulstart f\u00fcr mich, Franziska Wallner, Sch\u00fclerin der 8a, etwas anders. Denn schon am 7. September begann ein Erasmus+ finanzierter Austausch mit dem Lyc\u00e9e Robert de Luzarches in Amiens, der es mir erm\u00f6glichte, innerhalb von knapp drei Wochen Frankreich in all seinen Formen kennenzulernen.<\/p>\n\n\n\n<p>So lebte ich bei einer franz\u00f6sischen Gastfamilie, die mich auf das herzlichste bei sich zu Hause willkommen hie\u00df und der sehr daran gelegen war, mir ihre Kultur n\u00e4her zu bringen. Darum wurde jede freie Minute dazu genutzt, ein Museum zu besuchen, ans Meer zu fahren, die Altstadt von Amiens zu erkunden oder landestypische Gerichte zu kochen und verkosten. Dies war aber so gut wie nur am Wochenende m\u00f6glich, da meine Austauschpartnerin und ich von Montag bis Freitag kaum Freizeit hatten. Denn unter all den vielen Unterschieden zwischen dem \u00f6sterreichischen und dem franz\u00f6sischen Schulsystem ist der gr\u00f6\u00dfte vermutlich der in Frankreich \u00fcbliche Nachmittagsunterricht. Dadurch kamen wir an den meisten Tagen um acht Uhr morgens in die Schule, verlie\u00dfen sie aber erst zehn Stunden sp\u00e4ter. Danach galt es Haus\u00fcbung zu machen und f\u00fcr Wiederholungen zu dem franz\u00f6sischen Humanisten Fran\u00e7ois Rabelais oder der Berechnung der Molmasse zu lernen. Trotzdem lie\u00dfen wir es uns nicht nehmen, uns am sp\u00e4ten Abend mit Filmen und Gesellschaftsspielen die Zeit auf angenehmere Art zu vertreiben.<\/p>\n\n\n\n<p>Nach fast drei Wochen hie\u00df es dann, nachdem alle \u00f6sterreichischen S\u00fc\u00dfigkeiten in der Schule verteilt und Souvenirs gekauft worden waren, Abschiednehmen, in der Hoffnung, sich bald wiederzusehen. On ne sait jamais.<\/p>\n\n\n\n<p>An dieser Stelle m\u00f6chte ich mich sehr herzlich bei Frau Prof. Wallisch-Z\u00f6chling und Frau Prof. Scheuch f\u00fcr ihre Unterst\u00fctzung und die Organisation danken!<\/p>\n\n\n\n<figure class=\"wp-block-image size-full\"><img decoding=\"async\" width=\"686\" height=\"395\" data-src=\"https:\/\/bglilienfeld.ac.at\/cms_wordpress\/wp-content\/uploads\/2023\/10\/Erasmus-September-2023.jpg\" alt=\"\" class=\"wp-image-3332 lazyload\" data-srcset=\"https:\/\/bglilienfeld.ac.at\/cms_wordpress\/wp-content\/uploads\/2023\/10\/Erasmus-September-2023.jpg 686w, https:\/\/bglilienfeld.ac.at\/cms_wordpress\/wp-content\/uploads\/2023\/10\/Erasmus-September-2023-300x173.jpg 300w\" data-sizes=\"(max-width: 709px) 85vw, (max-width: 909px) 67vw, (max-width: 984px) 61vw, (max-width: 1362px) 45vw, 600px\" src=\"data:image\/svg+xml;base64,PHN2ZyB3aWR0aD0iMSIgaGVpZ2h0PSIxIiB4bWxucz0iaHR0cDovL3d3dy53My5vcmcvMjAwMC9zdmciPjwvc3ZnPg==\" style=\"--smush-placeholder-width: 686px; --smush-placeholder-aspect-ratio: 686\/395;\" \/><\/figure>\n\n\n\n<p><\/p>\n\n\n\n<p><\/p>\n\n\n\n<p><\/p>\n","protected":false},"excerpt":{"rendered":"<p>Dieses Jahr war der Schulstart f\u00fcr mich, Franziska Wallner, Sch\u00fclerin der 8a, etwas anders. Denn schon am 7. September begann ein Erasmus+ finanzierter Austausch mit dem Lyc\u00e9e Robert de Luzarches in Amiens, der es mir erm\u00f6glichte, innerhalb von knapp drei Wochen Frankreich in all seinen Formen kennenzulernen. So lebte ich bei einer franz\u00f6sischen Gastfamilie, die mich auf das herzlichste bei &hellip; <a href=\"https:\/\/bglilienfeld.ac.at\/cms_wordpress\/2023\/10\/04\/monet-rabelais-und-macarons-erasmus-dautriche-en-france\/\" class=\"more-link\">Continue reading<span class=\"screen-reader-text\"> &#8222;Monet, Rabelais und Macarons: Erasmus+ d\u2018Autriche en France&#8220;<\/span><\/a><\/p>\n","protected":false},"author":1,"featured_media":2224,"comment_status":"closed","ping_status":"closed","sticky":false,"template":"","format":"standard","meta":{"ngg_post_thumbnail":0,"footnotes":""},"categories":[10],"tags":[],"class_list":["post-3330","post","type-post","status-publish","format-standard","has-post-thumbnail","hentry","category-exkursionen"],"yoast_head":"<!-- This site is optimized with the Yoast SEO plugin v27.5 - https:\/\/yoast.com\/product\/yoast-seo-wordpress\/ -->\n<title>Monet, Rabelais und Macarons: Erasmus+ d\u2018Autriche en France - BG BRG Lilienfeld<\/title>\n<meta name=\"robots\" content=\"index, follow, max-snippet:-1, max-image-preview:large, max-video-preview:-1\" \/>\n<link rel=\"canonical\" href=\"https:\/\/bglilienfeld.ac.at\/cms_wordpress\/2023\/10\/04\/monet-rabelais-und-macarons-erasmus-dautriche-en-france\/\" \/>\n<meta property=\"og:locale\" content=\"de_DE\" \/>\n<meta property=\"og:type\" content=\"article\" \/>\n<meta property=\"og:title\" content=\"Monet, Rabelais und Macarons: Erasmus+ d\u2018Autriche en France - BG BRG Lilienfeld\" \/>\n<meta property=\"og:description\" content=\"Dieses Jahr war der Schulstart f\u00fcr mich, Franziska Wallner, Sch\u00fclerin der 8a, etwas anders. Denn schon am 7. September begann ein Erasmus+ finanzierter Austausch mit dem Lyc\u00e9e Robert de Luzarches in Amiens, der es mir erm\u00f6glichte, innerhalb von knapp drei Wochen Frankreich in all seinen Formen kennenzulernen. So lebte ich bei einer franz\u00f6sischen Gastfamilie, die mich auf das herzlichste bei &hellip; Continue reading &quot;Monet, Rabelais und Macarons: Erasmus+ d\u2018Autriche en France&quot;\" \/>\n<meta property=\"og:url\" content=\"https:\/\/bglilienfeld.ac.at\/cms_wordpress\/2023\/10\/04\/monet-rabelais-und-macarons-erasmus-dautriche-en-france\/\" \/>\n<meta property=\"og:site_name\" content=\"BG BRG Lilienfeld\" \/>\n<meta property=\"article:publisher\" content=\"https:\/\/facebook.com\/martin.komar.9081\" \/>\n<meta property=\"article:published_time\" content=\"2023-10-04T13:56:02+00:00\" \/>\n<meta property=\"article:modified_time\" content=\"2023-10-04T13:57:17+00:00\" \/>\n<meta property=\"og:image\" content=\"https:\/\/bglilienfeld.ac.at\/cms_wordpress\/wp-content\/uploads\/2022\/05\/Flag_of_Europe.png\" \/>\n\t<meta property=\"og:image:width\" content=\"400\" \/>\n\t<meta property=\"og:image:height\" content=\"400\" \/>\n\t<meta property=\"og:image:type\" content=\"image\/png\" \/>\n<meta name=\"author\" content=\"Administrator\" \/>\n<meta name=\"twitter:card\" content=\"summary_large_image\" \/>\n<meta name=\"twitter:label1\" content=\"Verfasst von\" \/>\n\t<meta name=\"twitter:data1\" content=\"Administrator\" \/>\n\t<meta name=\"twitter:label2\" content=\"Gesch\u00e4tzte Lesezeit\" \/>\n\t<meta name=\"twitter:data2\" content=\"2 Minuten\" \/>\n<script type=\"application\/ld+json\" class=\"yoast-schema-graph\">{\"@context\":\"https:\\\/\\\/schema.org\",\"@graph\":[{\"@type\":\"Article\",\"@id\":\"https:\\\/\\\/bglilienfeld.ac.at\\\/cms_wordpress\\\/2023\\\/10\\\/04\\\/monet-rabelais-und-macarons-erasmus-dautriche-en-france\\\/#article\",\"isPartOf\":{\"@id\":\"https:\\\/\\\/bglilienfeld.ac.at\\\/cms_wordpress\\\/2023\\\/10\\\/04\\\/monet-rabelais-und-macarons-erasmus-dautriche-en-france\\\/\"},\"author\":{\"name\":\"Administrator\",\"@id\":\"https:\\\/\\\/bglilienfeld.ac.at\\\/cms_wordpress\\\/#\\\/schema\\\/person\\\/1fc3b0a4d15763b2861caab628f949d2\"},\"headline\":\"Monet, Rabelais und Macarons: Erasmus+ d\u2018Autriche en France\",\"datePublished\":\"2023-10-04T13:56:02+00:00\",\"dateModified\":\"2023-10-04T13:57:17+00:00\",\"mainEntityOfPage\":{\"@id\":\"https:\\\/\\\/bglilienfeld.ac.at\\\/cms_wordpress\\\/2023\\\/10\\\/04\\\/monet-rabelais-und-macarons-erasmus-dautriche-en-france\\\/\"},\"wordCount\":298,\"image\":{\"@id\":\"https:\\\/\\\/bglilienfeld.ac.at\\\/cms_wordpress\\\/2023\\\/10\\\/04\\\/monet-rabelais-und-macarons-erasmus-dautriche-en-france\\\/#primaryimage\"},\"thumbnailUrl\":\"https:\\\/\\\/bglilienfeld.ac.at\\\/cms_wordpress\\\/wp-content\\\/uploads\\\/2022\\\/05\\\/Flag_of_Europe.png\",\"articleSection\":[\"Exkursionen und Projektwochen\"],\"inLanguage\":\"de-AT\"},{\"@type\":\"WebPage\",\"@id\":\"https:\\\/\\\/bglilienfeld.ac.at\\\/cms_wordpress\\\/2023\\\/10\\\/04\\\/monet-rabelais-und-macarons-erasmus-dautriche-en-france\\\/\",\"url\":\"https:\\\/\\\/bglilienfeld.ac.at\\\/cms_wordpress\\\/2023\\\/10\\\/04\\\/monet-rabelais-und-macarons-erasmus-dautriche-en-france\\\/\",\"name\":\"Monet, Rabelais und Macarons: Erasmus+ d\u2018Autriche en France - BG BRG Lilienfeld\",\"isPartOf\":{\"@id\":\"https:\\\/\\\/bglilienfeld.ac.at\\\/cms_wordpress\\\/#website\"},\"primaryImageOfPage\":{\"@id\":\"https:\\\/\\\/bglilienfeld.ac.at\\\/cms_wordpress\\\/2023\\\/10\\\/04\\\/monet-rabelais-und-macarons-erasmus-dautriche-en-france\\\/#primaryimage\"},\"image\":{\"@id\":\"https:\\\/\\\/bglilienfeld.ac.at\\\/cms_wordpress\\\/2023\\\/10\\\/04\\\/monet-rabelais-und-macarons-erasmus-dautriche-en-france\\\/#primaryimage\"},\"thumbnailUrl\":\"https:\\\/\\\/bglilienfeld.ac.at\\\/cms_wordpress\\\/wp-content\\\/uploads\\\/2022\\\/05\\\/Flag_of_Europe.png\",\"datePublished\":\"2023-10-04T13:56:02+00:00\",\"dateModified\":\"2023-10-04T13:57:17+00:00\",\"author\":{\"@id\":\"https:\\\/\\\/bglilienfeld.ac.at\\\/cms_wordpress\\\/#\\\/schema\\\/person\\\/1fc3b0a4d15763b2861caab628f949d2\"},\"breadcrumb\":{\"@id\":\"https:\\\/\\\/bglilienfeld.ac.at\\\/cms_wordpress\\\/2023\\\/10\\\/04\\\/monet-rabelais-und-macarons-erasmus-dautriche-en-france\\\/#breadcrumb\"},\"inLanguage\":\"de-AT\",\"potentialAction\":[{\"@type\":\"ReadAction\",\"target\":[\"https:\\\/\\\/bglilienfeld.ac.at\\\/cms_wordpress\\\/2023\\\/10\\\/04\\\/monet-rabelais-und-macarons-erasmus-dautriche-en-france\\\/\"]}]},{\"@type\":\"ImageObject\",\"inLanguage\":\"de-AT\",\"@id\":\"https:\\\/\\\/bglilienfeld.ac.at\\\/cms_wordpress\\\/2023\\\/10\\\/04\\\/monet-rabelais-und-macarons-erasmus-dautriche-en-france\\\/#primaryimage\",\"url\":\"https:\\\/\\\/bglilienfeld.ac.at\\\/cms_wordpress\\\/wp-content\\\/uploads\\\/2022\\\/05\\\/Flag_of_Europe.png\",\"contentUrl\":\"https:\\\/\\\/bglilienfeld.ac.at\\\/cms_wordpress\\\/wp-content\\\/uploads\\\/2022\\\/05\\\/Flag_of_Europe.png\",\"width\":400,\"height\":400},{\"@type\":\"BreadcrumbList\",\"@id\":\"https:\\\/\\\/bglilienfeld.ac.at\\\/cms_wordpress\\\/2023\\\/10\\\/04\\\/monet-rabelais-und-macarons-erasmus-dautriche-en-france\\\/#breadcrumb\",\"itemListElement\":[{\"@type\":\"ListItem\",\"position\":1,\"name\":\"Startseite\",\"item\":\"https:\\\/\\\/bglilienfeld.ac.at\\\/cms_wordpress\\\/\"},{\"@type\":\"ListItem\",\"position\":2,\"name\":\"Monet, Rabelais und Macarons: Erasmus+ d\u2018Autriche en France\"}]},{\"@type\":\"WebSite\",\"@id\":\"https:\\\/\\\/bglilienfeld.ac.at\\\/cms_wordpress\\\/#website\",\"url\":\"https:\\\/\\\/bglilienfeld.ac.at\\\/cms_wordpress\\\/\",\"name\":\"BG BRG Lilienfeld\",\"description\":\"Der sinnvollste Zeitvertreib bis zum Wochenende\",\"potentialAction\":[{\"@type\":\"SearchAction\",\"target\":{\"@type\":\"EntryPoint\",\"urlTemplate\":\"https:\\\/\\\/bglilienfeld.ac.at\\\/cms_wordpress\\\/?s={search_term_string}\"},\"query-input\":{\"@type\":\"PropertyValueSpecification\",\"valueRequired\":true,\"valueName\":\"search_term_string\"}}],\"inLanguage\":\"de-AT\"},{\"@type\":\"Person\",\"@id\":\"https:\\\/\\\/bglilienfeld.ac.at\\\/cms_wordpress\\\/#\\\/schema\\\/person\\\/1fc3b0a4d15763b2861caab628f949d2\",\"name\":\"Administrator\",\"image\":{\"@type\":\"ImageObject\",\"inLanguage\":\"de-AT\",\"@id\":\"https:\\\/\\\/secure.gravatar.com\\\/avatar\\\/34b16fabf25b85f6dfca598572b49f1550123dcf6257a2b930d87eaa672d255c?s=96&d=mm&r=g\",\"url\":\"https:\\\/\\\/secure.gravatar.com\\\/avatar\\\/34b16fabf25b85f6dfca598572b49f1550123dcf6257a2b930d87eaa672d255c?s=96&d=mm&r=g\",\"contentUrl\":\"https:\\\/\\\/secure.gravatar.com\\\/avatar\\\/34b16fabf25b85f6dfca598572b49f1550123dcf6257a2b930d87eaa672d255c?s=96&d=mm&r=g\",\"caption\":\"Administrator\"},\"url\":\"https:\\\/\\\/bglilienfeld.ac.at\\\/cms_wordpress\\\/author\\\/administrator\\\/\"}]}<\/script>\n<!-- \/ Yoast SEO plugin. -->","yoast_head_json":{"title":"Monet, Rabelais und Macarons: Erasmus+ d\u2018Autriche en France - BG BRG Lilienfeld","robots":{"index":"index","follow":"follow","max-snippet":"max-snippet:-1","max-image-preview":"max-image-preview:large","max-video-preview":"max-video-preview:-1"},"canonical":"https:\/\/bglilienfeld.ac.at\/cms_wordpress\/2023\/10\/04\/monet-rabelais-und-macarons-erasmus-dautriche-en-france\/","og_locale":"de_DE","og_type":"article","og_title":"Monet, Rabelais und Macarons: Erasmus+ d\u2018Autriche en France - BG BRG Lilienfeld","og_description":"Dieses Jahr war der Schulstart f\u00fcr mich, Franziska Wallner, Sch\u00fclerin der 8a, etwas anders. Denn schon am 7. September begann ein Erasmus+ finanzierter Austausch mit dem Lyc\u00e9e Robert de Luzarches in Amiens, der es mir erm\u00f6glichte, innerhalb von knapp drei Wochen Frankreich in all seinen Formen kennenzulernen. So lebte ich bei einer franz\u00f6sischen Gastfamilie, die mich auf das herzlichste bei &hellip; Continue reading \"Monet, Rabelais und Macarons: Erasmus+ d\u2018Autriche en France\"","og_url":"https:\/\/bglilienfeld.ac.at\/cms_wordpress\/2023\/10\/04\/monet-rabelais-und-macarons-erasmus-dautriche-en-france\/","og_site_name":"BG BRG Lilienfeld","article_publisher":"https:\/\/facebook.com\/martin.komar.9081","article_published_time":"2023-10-04T13:56:02+00:00","article_modified_time":"2023-10-04T13:57:17+00:00","og_image":[{"width":400,"height":400,"url":"https:\/\/bglilienfeld.ac.at\/cms_wordpress\/wp-content\/uploads\/2022\/05\/Flag_of_Europe.png","type":"image\/png"}],"author":"Administrator","twitter_card":"summary_large_image","twitter_misc":{"Verfasst von":"Administrator","Gesch\u00e4tzte Lesezeit":"2 Minuten"},"schema":{"@context":"https:\/\/schema.org","@graph":[{"@type":"Article","@id":"https:\/\/bglilienfeld.ac.at\/cms_wordpress\/2023\/10\/04\/monet-rabelais-und-macarons-erasmus-dautriche-en-france\/#article","isPartOf":{"@id":"https:\/\/bglilienfeld.ac.at\/cms_wordpress\/2023\/10\/04\/monet-rabelais-und-macarons-erasmus-dautriche-en-france\/"},"author":{"name":"Administrator","@id":"https:\/\/bglilienfeld.ac.at\/cms_wordpress\/#\/schema\/person\/1fc3b0a4d15763b2861caab628f949d2"},"headline":"Monet, Rabelais und Macarons: Erasmus+ d\u2018Autriche en France","datePublished":"2023-10-04T13:56:02+00:00","dateModified":"2023-10-04T13:57:17+00:00","mainEntityOfPage":{"@id":"https:\/\/bglilienfeld.ac.at\/cms_wordpress\/2023\/10\/04\/monet-rabelais-und-macarons-erasmus-dautriche-en-france\/"},"wordCount":298,"image":{"@id":"https:\/\/bglilienfeld.ac.at\/cms_wordpress\/2023\/10\/04\/monet-rabelais-und-macarons-erasmus-dautriche-en-france\/#primaryimage"},"thumbnailUrl":"https:\/\/bglilienfeld.ac.at\/cms_wordpress\/wp-content\/uploads\/2022\/05\/Flag_of_Europe.png","articleSection":["Exkursionen und Projektwochen"],"inLanguage":"de-AT"},{"@type":"WebPage","@id":"https:\/\/bglilienfeld.ac.at\/cms_wordpress\/2023\/10\/04\/monet-rabelais-und-macarons-erasmus-dautriche-en-france\/","url":"https:\/\/bglilienfeld.ac.at\/cms_wordpress\/2023\/10\/04\/monet-rabelais-und-macarons-erasmus-dautriche-en-france\/","name":"Monet, Rabelais und Macarons: Erasmus+ d\u2018Autriche en France - BG BRG Lilienfeld","isPartOf":{"@id":"https:\/\/bglilienfeld.ac.at\/cms_wordpress\/#website"},"primaryImageOfPage":{"@id":"https:\/\/bglilienfeld.ac.at\/cms_wordpress\/2023\/10\/04\/monet-rabelais-und-macarons-erasmus-dautriche-en-france\/#primaryimage"},"image":{"@id":"https:\/\/bglilienfeld.ac.at\/cms_wordpress\/2023\/10\/04\/monet-rabelais-und-macarons-erasmus-dautriche-en-france\/#primaryimage"},"thumbnailUrl":"https:\/\/bglilienfeld.ac.at\/cms_wordpress\/wp-content\/uploads\/2022\/05\/Flag_of_Europe.png","datePublished":"2023-10-04T13:56:02+00:00","dateModified":"2023-10-04T13:57:17+00:00","author":{"@id":"https:\/\/bglilienfeld.ac.at\/cms_wordpress\/#\/schema\/person\/1fc3b0a4d15763b2861caab628f949d2"},"breadcrumb":{"@id":"https:\/\/bglilienfeld.ac.at\/cms_wordpress\/2023\/10\/04\/monet-rabelais-und-macarons-erasmus-dautriche-en-france\/#breadcrumb"},"inLanguage":"de-AT","potentialAction":[{"@type":"ReadAction","target":["https:\/\/bglilienfeld.ac.at\/cms_wordpress\/2023\/10\/04\/monet-rabelais-und-macarons-erasmus-dautriche-en-france\/"]}]},{"@type":"ImageObject","inLanguage":"de-AT","@id":"https:\/\/bglilienfeld.ac.at\/cms_wordpress\/2023\/10\/04\/monet-rabelais-und-macarons-erasmus-dautriche-en-france\/#primaryimage","url":"https:\/\/bglilienfeld.ac.at\/cms_wordpress\/wp-content\/uploads\/2022\/05\/Flag_of_Europe.png","contentUrl":"https:\/\/bglilienfeld.ac.at\/cms_wordpress\/wp-content\/uploads\/2022\/05\/Flag_of_Europe.png","width":400,"height":400},{"@type":"BreadcrumbList","@id":"https:\/\/bglilienfeld.ac.at\/cms_wordpress\/2023\/10\/04\/monet-rabelais-und-macarons-erasmus-dautriche-en-france\/#breadcrumb","itemListElement":[{"@type":"ListItem","position":1,"name":"Startseite","item":"https:\/\/bglilienfeld.ac.at\/cms_wordpress\/"},{"@type":"ListItem","position":2,"name":"Monet, Rabelais und Macarons: Erasmus+ d\u2018Autriche en France"}]},{"@type":"WebSite","@id":"https:\/\/bglilienfeld.ac.at\/cms_wordpress\/#website","url":"https:\/\/bglilienfeld.ac.at\/cms_wordpress\/","name":"BG BRG Lilienfeld","description":"Der sinnvollste Zeitvertreib bis zum Wochenende","potentialAction":[{"@type":"SearchAction","target":{"@type":"EntryPoint","urlTemplate":"https:\/\/bglilienfeld.ac.at\/cms_wordpress\/?s={search_term_string}"},"query-input":{"@type":"PropertyValueSpecification","valueRequired":true,"valueName":"search_term_string"}}],"inLanguage":"de-AT"},{"@type":"Person","@id":"https:\/\/bglilienfeld.ac.at\/cms_wordpress\/#\/schema\/person\/1fc3b0a4d15763b2861caab628f949d2","name":"Administrator","image":{"@type":"ImageObject","inLanguage":"de-AT","@id":"https:\/\/secure.gravatar.com\/avatar\/34b16fabf25b85f6dfca598572b49f1550123dcf6257a2b930d87eaa672d255c?s=96&d=mm&r=g","url":"https:\/\/secure.gravatar.com\/avatar\/34b16fabf25b85f6dfca598572b49f1550123dcf6257a2b930d87eaa672d255c?s=96&d=mm&r=g","contentUrl":"https:\/\/secure.gravatar.com\/avatar\/34b16fabf25b85f6dfca598572b49f1550123dcf6257a2b930d87eaa672d255c?s=96&d=mm&r=g","caption":"Administrator"},"url":"https:\/\/bglilienfeld.ac.at\/cms_wordpress\/author\/administrator\/"}]}},"_links":{"self":[{"href":"https:\/\/bglilienfeld.ac.at\/cms_wordpress\/wp-json\/wp\/v2\/posts\/3330","targetHints":{"allow":["GET"]}}],"collection":[{"href":"https:\/\/bglilienfeld.ac.at\/cms_wordpress\/wp-json\/wp\/v2\/posts"}],"about":[{"href":"https:\/\/bglilienfeld.ac.at\/cms_wordpress\/wp-json\/wp\/v2\/types\/post"}],"author":[{"embeddable":true,"href":"https:\/\/bglilienfeld.ac.at\/cms_wordpress\/wp-json\/wp\/v2\/users\/1"}],"replies":[{"embeddable":true,"href":"https:\/\/bglilienfeld.ac.at\/cms_wordpress\/wp-json\/wp\/v2\/comments?post=3330"}],"version-history":[{"count":2,"href":"https:\/\/bglilienfeld.ac.at\/cms_wordpress\/wp-json\/wp\/v2\/posts\/3330\/revisions"}],"predecessor-version":[{"id":3334,"href":"https:\/\/bglilienfeld.ac.at\/cms_wordpress\/wp-json\/wp\/v2\/posts\/3330\/revisions\/3334"}],"wp:featuredmedia":[{"embeddable":true,"href":"https:\/\/bglilienfeld.ac.at\/cms_wordpress\/wp-json\/wp\/v2\/media\/2224"}],"wp:attachment":[{"href":"https:\/\/bglilienfeld.ac.at\/cms_wordpress\/wp-json\/wp\/v2\/media?parent=3330"}],"wp:term":[{"taxonomy":"category","embeddable":true,"href":"https:\/\/bglilienfeld.ac.at\/cms_wordpress\/wp-json\/wp\/v2\/categories?post=3330"},{"taxonomy":"post_tag","embeddable":true,"href":"https:\/\/bglilienfeld.ac.at\/cms_wordpress\/wp-json\/wp\/v2\/tags?post=3330"}],"curies":[{"name":"wp","href":"https:\/\/api.w.org\/{rel}","templated":true}]}}