{"id":3733,"date":"2024-08-29T08:24:46","date_gmt":"2024-08-29T06:24:46","guid":{"rendered":"https:\/\/bglilienfeld.ac.at\/cms_wordpress\/?p=3733"},"modified":"2024-08-29T08:24:49","modified_gmt":"2024-08-29T06:24:49","slug":"guetesiegel-werkstatt-schule-technik-und-design","status":"publish","type":"post","link":"https:\/\/bglilienfeld.ac.at\/cms_wordpress\/2024\/08\/29\/guetesiegel-werkstatt-schule-technik-und-design\/","title":{"rendered":"G\u00fctesiegel Werkstatt Schule Technik und Design"},"content":{"rendered":"\n<p>Feierlich wird verk\u00fcndet, dass dem Gymnasium Lilienfeld das\u00a0G\u00fctesiegel Werkstatt Schule Technik und Design\u00a0durch die Bildungsdirektion Nieder\u00f6sterreich, Karl Fritthum und die Bildungslandesr\u00e4tin Christiane Teschl-Hofmeister verliehen wurde.\u00a0<\/p>\n\n\n\n<p>Die Auszeichnung wurde am 16.5.2024&nbsp;in der HTL St. P\u00f6lten durch Mag. Dr. Maria Ettel und stellvertretend f\u00fcr die Direktion, Mag. Sylvia Pfeffer-Redl, entgegengenommen.<\/p>\n\n\n\n<p>Unsere Technik und Design Projekte wurden eingereicht, durch eine professionelle Jury begutachtet und wir haben die Zusage erteilt bekommen.<\/p>\n\n\n\n<p>Gro\u00dfer Dank an die Kolleginnen und Kollegen der Technik und Designabteilung sowie der Kreativabteilung f\u00fcr die Teamarbeit, an die Direktion, das Sekretariat, den Elternverein sowie die Administration f\u00fcr die Erm\u00f6glichung dieses Vorhabens und die stete Kooperation!&nbsp;Vielen Dank auch an die Sch\u00fclerinnen und Sch\u00fcler, die Eltern und Erziehungsberechtigten f\u00fcr das Annehmen und das freudvolle Umsetzen unserer gemeinsamen Arbeit!<\/p>\n\n\n\n<figure class=\"wp-block-image size-large\"><img decoding=\"async\" width=\"1024\" height=\"683\" data-src=\"https:\/\/bglilienfeld.ac.at\/cms_wordpress\/wp-content\/uploads\/2024\/08\/Guetesiegel-Werkstatt-Schule-1024x683.jpg\" alt=\"\" class=\"wp-image-3735 lazyload\" data-srcset=\"https:\/\/bglilienfeld.ac.at\/cms_wordpress\/wp-content\/uploads\/2024\/08\/Guetesiegel-Werkstatt-Schule-1024x683.jpg 1024w, https:\/\/bglilienfeld.ac.at\/cms_wordpress\/wp-content\/uploads\/2024\/08\/Guetesiegel-Werkstatt-Schule-300x200.jpg 300w, https:\/\/bglilienfeld.ac.at\/cms_wordpress\/wp-content\/uploads\/2024\/08\/Guetesiegel-Werkstatt-Schule-768x512.jpg 768w, https:\/\/bglilienfeld.ac.at\/cms_wordpress\/wp-content\/uploads\/2024\/08\/Guetesiegel-Werkstatt-Schule-1536x1024.jpg 1536w, https:\/\/bglilienfeld.ac.at\/cms_wordpress\/wp-content\/uploads\/2024\/08\/Guetesiegel-Werkstatt-Schule-1200x800.jpg 1200w, https:\/\/bglilienfeld.ac.at\/cms_wordpress\/wp-content\/uploads\/2024\/08\/Guetesiegel-Werkstatt-Schule.jpg 1920w\" data-sizes=\"(max-width: 709px) 85vw, (max-width: 909px) 67vw, (max-width: 1362px) 62vw, 840px\" src=\"data:image\/svg+xml;base64,PHN2ZyB3aWR0aD0iMSIgaGVpZ2h0PSIxIiB4bWxucz0iaHR0cDovL3d3dy53My5vcmcvMjAwMC9zdmciPjwvc3ZnPg==\" style=\"--smush-placeholder-width: 1024px; --smush-placeholder-aspect-ratio: 1024\/683;\" \/><\/figure>\n","protected":false},"excerpt":{"rendered":"<p>Feierlich wird verk\u00fcndet, dass dem Gymnasium Lilienfeld das\u00a0G\u00fctesiegel Werkstatt Schule Technik und Design\u00a0durch die Bildungsdirektion Nieder\u00f6sterreich, Karl Fritthum und die Bildungslandesr\u00e4tin Christiane Teschl-Hofmeister verliehen wurde.\u00a0 Die Auszeichnung wurde am 16.5.2024&nbsp;in der HTL St. P\u00f6lten durch Mag. Dr. Maria Ettel und stellvertretend f\u00fcr die Direktion, Mag. Sylvia Pfeffer-Redl, entgegengenommen. Unsere Technik und Design Projekte wurden eingereicht, durch eine professionelle Jury begutachtet &hellip; <a href=\"https:\/\/bglilienfeld.ac.at\/cms_wordpress\/2024\/08\/29\/guetesiegel-werkstatt-schule-technik-und-design\/\" class=\"more-link\">Continue reading<span class=\"screen-reader-text\"> &#8222;G\u00fctesiegel Werkstatt Schule Technik und Design&#8220;<\/span><\/a><\/p>\n","protected":false},"author":1,"featured_media":3734,"comment_status":"closed","ping_status":"closed","sticky":false,"template":"","format":"standard","meta":{"ngg_post_thumbnail":0,"footnotes":""},"categories":[8],"tags":[],"class_list":["post-3733","post","type-post","status-publish","format-standard","has-post-thumbnail","hentry","category-kunst-und-kultur"],"yoast_head":"<!-- This site is optimized with the Yoast SEO plugin v27.5 - https:\/\/yoast.com\/product\/yoast-seo-wordpress\/ -->\n<title>G\u00fctesiegel Werkstatt Schule Technik und Design - BG BRG Lilienfeld<\/title>\n<meta name=\"robots\" content=\"index, follow, max-snippet:-1, max-image-preview:large, max-video-preview:-1\" \/>\n<link rel=\"canonical\" href=\"https:\/\/bglilienfeld.ac.at\/cms_wordpress\/2024\/08\/29\/guetesiegel-werkstatt-schule-technik-und-design\/\" \/>\n<meta property=\"og:locale\" content=\"de_DE\" \/>\n<meta property=\"og:type\" content=\"article\" \/>\n<meta property=\"og:title\" content=\"G\u00fctesiegel Werkstatt Schule Technik und Design - BG BRG Lilienfeld\" \/>\n<meta property=\"og:description\" content=\"Feierlich wird verk\u00fcndet, dass dem Gymnasium Lilienfeld das\u00a0G\u00fctesiegel Werkstatt Schule Technik und Design\u00a0durch die Bildungsdirektion Nieder\u00f6sterreich, Karl Fritthum und die Bildungslandesr\u00e4tin Christiane Teschl-Hofmeister verliehen wurde.\u00a0 Die Auszeichnung wurde am 16.5.2024&nbsp;in der HTL St. P\u00f6lten durch Mag. Dr. Maria Ettel und stellvertretend f\u00fcr die Direktion, Mag. Sylvia Pfeffer-Redl, entgegengenommen. Unsere Technik und Design Projekte wurden eingereicht, durch eine professionelle Jury begutachtet &hellip; Continue reading &quot;G\u00fctesiegel Werkstatt Schule Technik und Design&quot;\" \/>\n<meta property=\"og:url\" content=\"https:\/\/bglilienfeld.ac.at\/cms_wordpress\/2024\/08\/29\/guetesiegel-werkstatt-schule-technik-und-design\/\" \/>\n<meta property=\"og:site_name\" content=\"BG BRG Lilienfeld\" \/>\n<meta property=\"article:publisher\" content=\"https:\/\/facebook.com\/martin.komar.9081\" \/>\n<meta property=\"article:published_time\" content=\"2024-08-29T06:24:46+00:00\" \/>\n<meta property=\"article:modified_time\" content=\"2024-08-29T06:24:49+00:00\" \/>\n<meta property=\"og:image\" content=\"https:\/\/bglilienfeld.ac.at\/cms_wordpress\/wp-content\/uploads\/2024\/08\/Guetesiegel-Werkstatt-Schule-Vorschau.jpg\" \/>\n\t<meta property=\"og:image:width\" content=\"400\" \/>\n\t<meta property=\"og:image:height\" content=\"400\" \/>\n\t<meta property=\"og:image:type\" content=\"image\/jpeg\" \/>\n<meta name=\"author\" content=\"Administrator\" \/>\n<meta name=\"twitter:card\" content=\"summary_large_image\" \/>\n<meta name=\"twitter:label1\" content=\"Verfasst von\" \/>\n\t<meta name=\"twitter:data1\" content=\"Administrator\" \/>\n\t<meta name=\"twitter:label2\" content=\"Gesch\u00e4tzte Lesezeit\" \/>\n\t<meta name=\"twitter:data2\" content=\"2 Minuten\" \/>\n<script type=\"application\/ld+json\" class=\"yoast-schema-graph\">{\"@context\":\"https:\\\/\\\/schema.org\",\"@graph\":[{\"@type\":\"Article\",\"@id\":\"https:\\\/\\\/bglilienfeld.ac.at\\\/cms_wordpress\\\/2024\\\/08\\\/29\\\/guetesiegel-werkstatt-schule-technik-und-design\\\/#article\",\"isPartOf\":{\"@id\":\"https:\\\/\\\/bglilienfeld.ac.at\\\/cms_wordpress\\\/2024\\\/08\\\/29\\\/guetesiegel-werkstatt-schule-technik-und-design\\\/\"},\"author\":{\"name\":\"Administrator\",\"@id\":\"https:\\\/\\\/bglilienfeld.ac.at\\\/cms_wordpress\\\/#\\\/schema\\\/person\\\/1fc3b0a4d15763b2861caab628f949d2\"},\"headline\":\"G\u00fctesiegel Werkstatt Schule Technik und Design\",\"datePublished\":\"2024-08-29T06:24:46+00:00\",\"dateModified\":\"2024-08-29T06:24:49+00:00\",\"mainEntityOfPage\":{\"@id\":\"https:\\\/\\\/bglilienfeld.ac.at\\\/cms_wordpress\\\/2024\\\/08\\\/29\\\/guetesiegel-werkstatt-schule-technik-und-design\\\/\"},\"wordCount\":149,\"image\":{\"@id\":\"https:\\\/\\\/bglilienfeld.ac.at\\\/cms_wordpress\\\/2024\\\/08\\\/29\\\/guetesiegel-werkstatt-schule-technik-und-design\\\/#primaryimage\"},\"thumbnailUrl\":\"https:\\\/\\\/bglilienfeld.ac.at\\\/cms_wordpress\\\/wp-content\\\/uploads\\\/2024\\\/08\\\/Guetesiegel-Werkstatt-Schule-Vorschau.jpg\",\"articleSection\":[\"Kunst und Kultur\"],\"inLanguage\":\"de-AT\"},{\"@type\":\"WebPage\",\"@id\":\"https:\\\/\\\/bglilienfeld.ac.at\\\/cms_wordpress\\\/2024\\\/08\\\/29\\\/guetesiegel-werkstatt-schule-technik-und-design\\\/\",\"url\":\"https:\\\/\\\/bglilienfeld.ac.at\\\/cms_wordpress\\\/2024\\\/08\\\/29\\\/guetesiegel-werkstatt-schule-technik-und-design\\\/\",\"name\":\"G\u00fctesiegel Werkstatt Schule Technik und Design - BG BRG Lilienfeld\",\"isPartOf\":{\"@id\":\"https:\\\/\\\/bglilienfeld.ac.at\\\/cms_wordpress\\\/#website\"},\"primaryImageOfPage\":{\"@id\":\"https:\\\/\\\/bglilienfeld.ac.at\\\/cms_wordpress\\\/2024\\\/08\\\/29\\\/guetesiegel-werkstatt-schule-technik-und-design\\\/#primaryimage\"},\"image\":{\"@id\":\"https:\\\/\\\/bglilienfeld.ac.at\\\/cms_wordpress\\\/2024\\\/08\\\/29\\\/guetesiegel-werkstatt-schule-technik-und-design\\\/#primaryimage\"},\"thumbnailUrl\":\"https:\\\/\\\/bglilienfeld.ac.at\\\/cms_wordpress\\\/wp-content\\\/uploads\\\/2024\\\/08\\\/Guetesiegel-Werkstatt-Schule-Vorschau.jpg\",\"datePublished\":\"2024-08-29T06:24:46+00:00\",\"dateModified\":\"2024-08-29T06:24:49+00:00\",\"author\":{\"@id\":\"https:\\\/\\\/bglilienfeld.ac.at\\\/cms_wordpress\\\/#\\\/schema\\\/person\\\/1fc3b0a4d15763b2861caab628f949d2\"},\"breadcrumb\":{\"@id\":\"https:\\\/\\\/bglilienfeld.ac.at\\\/cms_wordpress\\\/2024\\\/08\\\/29\\\/guetesiegel-werkstatt-schule-technik-und-design\\\/#breadcrumb\"},\"inLanguage\":\"de-AT\",\"potentialAction\":[{\"@type\":\"ReadAction\",\"target\":[\"https:\\\/\\\/bglilienfeld.ac.at\\\/cms_wordpress\\\/2024\\\/08\\\/29\\\/guetesiegel-werkstatt-schule-technik-und-design\\\/\"]}]},{\"@type\":\"ImageObject\",\"inLanguage\":\"de-AT\",\"@id\":\"https:\\\/\\\/bglilienfeld.ac.at\\\/cms_wordpress\\\/2024\\\/08\\\/29\\\/guetesiegel-werkstatt-schule-technik-und-design\\\/#primaryimage\",\"url\":\"https:\\\/\\\/bglilienfeld.ac.at\\\/cms_wordpress\\\/wp-content\\\/uploads\\\/2024\\\/08\\\/Guetesiegel-Werkstatt-Schule-Vorschau.jpg\",\"contentUrl\":\"https:\\\/\\\/bglilienfeld.ac.at\\\/cms_wordpress\\\/wp-content\\\/uploads\\\/2024\\\/08\\\/Guetesiegel-Werkstatt-Schule-Vorschau.jpg\",\"width\":400,\"height\":400},{\"@type\":\"BreadcrumbList\",\"@id\":\"https:\\\/\\\/bglilienfeld.ac.at\\\/cms_wordpress\\\/2024\\\/08\\\/29\\\/guetesiegel-werkstatt-schule-technik-und-design\\\/#breadcrumb\",\"itemListElement\":[{\"@type\":\"ListItem\",\"position\":1,\"name\":\"Startseite\",\"item\":\"https:\\\/\\\/bglilienfeld.ac.at\\\/cms_wordpress\\\/\"},{\"@type\":\"ListItem\",\"position\":2,\"name\":\"G\u00fctesiegel Werkstatt Schule Technik und Design\"}]},{\"@type\":\"WebSite\",\"@id\":\"https:\\\/\\\/bglilienfeld.ac.at\\\/cms_wordpress\\\/#website\",\"url\":\"https:\\\/\\\/bglilienfeld.ac.at\\\/cms_wordpress\\\/\",\"name\":\"BG BRG Lilienfeld\",\"description\":\"Der sinnvollste Zeitvertreib bis zum Wochenende\",\"potentialAction\":[{\"@type\":\"SearchAction\",\"target\":{\"@type\":\"EntryPoint\",\"urlTemplate\":\"https:\\\/\\\/bglilienfeld.ac.at\\\/cms_wordpress\\\/?s={search_term_string}\"},\"query-input\":{\"@type\":\"PropertyValueSpecification\",\"valueRequired\":true,\"valueName\":\"search_term_string\"}}],\"inLanguage\":\"de-AT\"},{\"@type\":\"Person\",\"@id\":\"https:\\\/\\\/bglilienfeld.ac.at\\\/cms_wordpress\\\/#\\\/schema\\\/person\\\/1fc3b0a4d15763b2861caab628f949d2\",\"name\":\"Administrator\",\"image\":{\"@type\":\"ImageObject\",\"inLanguage\":\"de-AT\",\"@id\":\"https:\\\/\\\/secure.gravatar.com\\\/avatar\\\/34b16fabf25b85f6dfca598572b49f1550123dcf6257a2b930d87eaa672d255c?s=96&d=mm&r=g\",\"url\":\"https:\\\/\\\/secure.gravatar.com\\\/avatar\\\/34b16fabf25b85f6dfca598572b49f1550123dcf6257a2b930d87eaa672d255c?s=96&d=mm&r=g\",\"contentUrl\":\"https:\\\/\\\/secure.gravatar.com\\\/avatar\\\/34b16fabf25b85f6dfca598572b49f1550123dcf6257a2b930d87eaa672d255c?s=96&d=mm&r=g\",\"caption\":\"Administrator\"},\"url\":\"https:\\\/\\\/bglilienfeld.ac.at\\\/cms_wordpress\\\/author\\\/administrator\\\/\"}]}<\/script>\n<!-- \/ Yoast SEO plugin. -->","yoast_head_json":{"title":"G\u00fctesiegel Werkstatt Schule Technik und Design - BG BRG Lilienfeld","robots":{"index":"index","follow":"follow","max-snippet":"max-snippet:-1","max-image-preview":"max-image-preview:large","max-video-preview":"max-video-preview:-1"},"canonical":"https:\/\/bglilienfeld.ac.at\/cms_wordpress\/2024\/08\/29\/guetesiegel-werkstatt-schule-technik-und-design\/","og_locale":"de_DE","og_type":"article","og_title":"G\u00fctesiegel Werkstatt Schule Technik und Design - BG BRG Lilienfeld","og_description":"Feierlich wird verk\u00fcndet, dass dem Gymnasium Lilienfeld das\u00a0G\u00fctesiegel Werkstatt Schule Technik und Design\u00a0durch die Bildungsdirektion Nieder\u00f6sterreich, Karl Fritthum und die Bildungslandesr\u00e4tin Christiane Teschl-Hofmeister verliehen wurde.\u00a0 Die Auszeichnung wurde am 16.5.2024&nbsp;in der HTL St. P\u00f6lten durch Mag. Dr. Maria Ettel und stellvertretend f\u00fcr die Direktion, Mag. Sylvia Pfeffer-Redl, entgegengenommen. Unsere Technik und Design Projekte wurden eingereicht, durch eine professionelle Jury begutachtet &hellip; Continue reading \"G\u00fctesiegel Werkstatt Schule Technik und Design\"","og_url":"https:\/\/bglilienfeld.ac.at\/cms_wordpress\/2024\/08\/29\/guetesiegel-werkstatt-schule-technik-und-design\/","og_site_name":"BG BRG Lilienfeld","article_publisher":"https:\/\/facebook.com\/martin.komar.9081","article_published_time":"2024-08-29T06:24:46+00:00","article_modified_time":"2024-08-29T06:24:49+00:00","og_image":[{"width":400,"height":400,"url":"https:\/\/bglilienfeld.ac.at\/cms_wordpress\/wp-content\/uploads\/2024\/08\/Guetesiegel-Werkstatt-Schule-Vorschau.jpg","type":"image\/jpeg"}],"author":"Administrator","twitter_card":"summary_large_image","twitter_misc":{"Verfasst von":"Administrator","Gesch\u00e4tzte Lesezeit":"2 Minuten"},"schema":{"@context":"https:\/\/schema.org","@graph":[{"@type":"Article","@id":"https:\/\/bglilienfeld.ac.at\/cms_wordpress\/2024\/08\/29\/guetesiegel-werkstatt-schule-technik-und-design\/#article","isPartOf":{"@id":"https:\/\/bglilienfeld.ac.at\/cms_wordpress\/2024\/08\/29\/guetesiegel-werkstatt-schule-technik-und-design\/"},"author":{"name":"Administrator","@id":"https:\/\/bglilienfeld.ac.at\/cms_wordpress\/#\/schema\/person\/1fc3b0a4d15763b2861caab628f949d2"},"headline":"G\u00fctesiegel Werkstatt Schule Technik und Design","datePublished":"2024-08-29T06:24:46+00:00","dateModified":"2024-08-29T06:24:49+00:00","mainEntityOfPage":{"@id":"https:\/\/bglilienfeld.ac.at\/cms_wordpress\/2024\/08\/29\/guetesiegel-werkstatt-schule-technik-und-design\/"},"wordCount":149,"image":{"@id":"https:\/\/bglilienfeld.ac.at\/cms_wordpress\/2024\/08\/29\/guetesiegel-werkstatt-schule-technik-und-design\/#primaryimage"},"thumbnailUrl":"https:\/\/bglilienfeld.ac.at\/cms_wordpress\/wp-content\/uploads\/2024\/08\/Guetesiegel-Werkstatt-Schule-Vorschau.jpg","articleSection":["Kunst und Kultur"],"inLanguage":"de-AT"},{"@type":"WebPage","@id":"https:\/\/bglilienfeld.ac.at\/cms_wordpress\/2024\/08\/29\/guetesiegel-werkstatt-schule-technik-und-design\/","url":"https:\/\/bglilienfeld.ac.at\/cms_wordpress\/2024\/08\/29\/guetesiegel-werkstatt-schule-technik-und-design\/","name":"G\u00fctesiegel Werkstatt Schule Technik und Design - BG BRG Lilienfeld","isPartOf":{"@id":"https:\/\/bglilienfeld.ac.at\/cms_wordpress\/#website"},"primaryImageOfPage":{"@id":"https:\/\/bglilienfeld.ac.at\/cms_wordpress\/2024\/08\/29\/guetesiegel-werkstatt-schule-technik-und-design\/#primaryimage"},"image":{"@id":"https:\/\/bglilienfeld.ac.at\/cms_wordpress\/2024\/08\/29\/guetesiegel-werkstatt-schule-technik-und-design\/#primaryimage"},"thumbnailUrl":"https:\/\/bglilienfeld.ac.at\/cms_wordpress\/wp-content\/uploads\/2024\/08\/Guetesiegel-Werkstatt-Schule-Vorschau.jpg","datePublished":"2024-08-29T06:24:46+00:00","dateModified":"2024-08-29T06:24:49+00:00","author":{"@id":"https:\/\/bglilienfeld.ac.at\/cms_wordpress\/#\/schema\/person\/1fc3b0a4d15763b2861caab628f949d2"},"breadcrumb":{"@id":"https:\/\/bglilienfeld.ac.at\/cms_wordpress\/2024\/08\/29\/guetesiegel-werkstatt-schule-technik-und-design\/#breadcrumb"},"inLanguage":"de-AT","potentialAction":[{"@type":"ReadAction","target":["https:\/\/bglilienfeld.ac.at\/cms_wordpress\/2024\/08\/29\/guetesiegel-werkstatt-schule-technik-und-design\/"]}]},{"@type":"ImageObject","inLanguage":"de-AT","@id":"https:\/\/bglilienfeld.ac.at\/cms_wordpress\/2024\/08\/29\/guetesiegel-werkstatt-schule-technik-und-design\/#primaryimage","url":"https:\/\/bglilienfeld.ac.at\/cms_wordpress\/wp-content\/uploads\/2024\/08\/Guetesiegel-Werkstatt-Schule-Vorschau.jpg","contentUrl":"https:\/\/bglilienfeld.ac.at\/cms_wordpress\/wp-content\/uploads\/2024\/08\/Guetesiegel-Werkstatt-Schule-Vorschau.jpg","width":400,"height":400},{"@type":"BreadcrumbList","@id":"https:\/\/bglilienfeld.ac.at\/cms_wordpress\/2024\/08\/29\/guetesiegel-werkstatt-schule-technik-und-design\/#breadcrumb","itemListElement":[{"@type":"ListItem","position":1,"name":"Startseite","item":"https:\/\/bglilienfeld.ac.at\/cms_wordpress\/"},{"@type":"ListItem","position":2,"name":"G\u00fctesiegel Werkstatt Schule Technik und Design"}]},{"@type":"WebSite","@id":"https:\/\/bglilienfeld.ac.at\/cms_wordpress\/#website","url":"https:\/\/bglilienfeld.ac.at\/cms_wordpress\/","name":"BG BRG Lilienfeld","description":"Der sinnvollste Zeitvertreib bis zum Wochenende","potentialAction":[{"@type":"SearchAction","target":{"@type":"EntryPoint","urlTemplate":"https:\/\/bglilienfeld.ac.at\/cms_wordpress\/?s={search_term_string}"},"query-input":{"@type":"PropertyValueSpecification","valueRequired":true,"valueName":"search_term_string"}}],"inLanguage":"de-AT"},{"@type":"Person","@id":"https:\/\/bglilienfeld.ac.at\/cms_wordpress\/#\/schema\/person\/1fc3b0a4d15763b2861caab628f949d2","name":"Administrator","image":{"@type":"ImageObject","inLanguage":"de-AT","@id":"https:\/\/secure.gravatar.com\/avatar\/34b16fabf25b85f6dfca598572b49f1550123dcf6257a2b930d87eaa672d255c?s=96&d=mm&r=g","url":"https:\/\/secure.gravatar.com\/avatar\/34b16fabf25b85f6dfca598572b49f1550123dcf6257a2b930d87eaa672d255c?s=96&d=mm&r=g","contentUrl":"https:\/\/secure.gravatar.com\/avatar\/34b16fabf25b85f6dfca598572b49f1550123dcf6257a2b930d87eaa672d255c?s=96&d=mm&r=g","caption":"Administrator"},"url":"https:\/\/bglilienfeld.ac.at\/cms_wordpress\/author\/administrator\/"}]}},"_links":{"self":[{"href":"https:\/\/bglilienfeld.ac.at\/cms_wordpress\/wp-json\/wp\/v2\/posts\/3733","targetHints":{"allow":["GET"]}}],"collection":[{"href":"https:\/\/bglilienfeld.ac.at\/cms_wordpress\/wp-json\/wp\/v2\/posts"}],"about":[{"href":"https:\/\/bglilienfeld.ac.at\/cms_wordpress\/wp-json\/wp\/v2\/types\/post"}],"author":[{"embeddable":true,"href":"https:\/\/bglilienfeld.ac.at\/cms_wordpress\/wp-json\/wp\/v2\/users\/1"}],"replies":[{"embeddable":true,"href":"https:\/\/bglilienfeld.ac.at\/cms_wordpress\/wp-json\/wp\/v2\/comments?post=3733"}],"version-history":[{"count":1,"href":"https:\/\/bglilienfeld.ac.at\/cms_wordpress\/wp-json\/wp\/v2\/posts\/3733\/revisions"}],"predecessor-version":[{"id":3736,"href":"https:\/\/bglilienfeld.ac.at\/cms_wordpress\/wp-json\/wp\/v2\/posts\/3733\/revisions\/3736"}],"wp:featuredmedia":[{"embeddable":true,"href":"https:\/\/bglilienfeld.ac.at\/cms_wordpress\/wp-json\/wp\/v2\/media\/3734"}],"wp:attachment":[{"href":"https:\/\/bglilienfeld.ac.at\/cms_wordpress\/wp-json\/wp\/v2\/media?parent=3733"}],"wp:term":[{"taxonomy":"category","embeddable":true,"href":"https:\/\/bglilienfeld.ac.at\/cms_wordpress\/wp-json\/wp\/v2\/categories?post=3733"},{"taxonomy":"post_tag","embeddable":true,"href":"https:\/\/bglilienfeld.ac.at\/cms_wordpress\/wp-json\/wp\/v2\/tags?post=3733"}],"curies":[{"name":"wp","href":"https:\/\/api.w.org\/{rel}","templated":true}]}}