{"id":4285,"date":"2025-10-29T14:42:26","date_gmt":"2025-10-29T13:42:26","guid":{"rendered":"https:\/\/bglilienfeld.ac.at\/cms_wordpress\/?p=4285"},"modified":"2025-10-29T14:51:45","modified_gmt":"2025-10-29T13:51:45","slug":"z-n-t-und-der-lehrer-in-unserem-kaisersaal","status":"publish","type":"post","link":"https:\/\/bglilienfeld.ac.at\/cms_wordpress\/2025\/10\/29\/z-n-t-und-der-lehrer-in-unserem-kaisersaal\/","title":{"rendered":"Z., N., T. und der Lehrer in unserem Kaisersaal"},"content":{"rendered":"\n<p>Am Mittwoch, dem 8.10.2025 war die Neue Trib\u00fcne Wien bei uns im Kaisersaal zu Gast. Der gesamten Oberstufe wurde der Roman \u201eJugend ohne Gott\u201c von \u00d6d\u00f6n von Horv\u00e1th (1901-1938) in einer dramaturgischen Version pr\u00e4sentiert. Den Fokus auf die Komponente Krimi und die Aufkl\u00e4rung des Mordfalls legend, inszenierten drei Schauspieler und eine Schauspielerin in 60 Minuten eines der bekanntesten, in vielen Schulen zum Lekt\u00fcrekanon geh\u00f6renden deutschsprachigen Werke in spannender, kurzweiliger Manier. Im Anschluss konnten wir die Schauspielerin und die Schauspieler alles rund um ihren Beruf fragen bzw. wurde die Inszenierung mit der Theatervermittlung nachbesprochen und reflektiert. Abschlie\u00dfend lud die Crew alle Sch\u00fclerinnen und Sch\u00fcler, die wollten, sogar zu einem gemeinsamen Foto ein.<\/p>\n\n\n\n<figure class=\"wp-block-image size-full\"><img decoding=\"async\" width=\"681\" height=\"415\" data-src=\"https:\/\/bglilienfeld.ac.at\/cms_wordpress\/wp-content\/uploads\/2025\/10\/image.png\" alt=\"\" class=\"wp-image-4286 lazyload\" data-srcset=\"https:\/\/bglilienfeld.ac.at\/cms_wordpress\/wp-content\/uploads\/2025\/10\/image.png 681w, https:\/\/bglilienfeld.ac.at\/cms_wordpress\/wp-content\/uploads\/2025\/10\/image-300x183.png 300w\" data-sizes=\"(max-width: 709px) 85vw, (max-width: 909px) 67vw, (max-width: 984px) 61vw, (max-width: 1362px) 45vw, 600px\" src=\"data:image\/svg+xml;base64,PHN2ZyB3aWR0aD0iMSIgaGVpZ2h0PSIxIiB4bWxucz0iaHR0cDovL3d3dy53My5vcmcvMjAwMC9zdmciPjwvc3ZnPg==\" style=\"--smush-placeholder-width: 681px; --smush-placeholder-aspect-ratio: 681\/415;\" \/><\/figure>\n\n\n\n<figure class=\"wp-block-image size-full\"><img decoding=\"async\" width=\"632\" height=\"396\" data-src=\"https:\/\/bglilienfeld.ac.at\/cms_wordpress\/wp-content\/uploads\/2025\/10\/image-1.png\" alt=\"\" class=\"wp-image-4287 lazyload\" data-srcset=\"https:\/\/bglilienfeld.ac.at\/cms_wordpress\/wp-content\/uploads\/2025\/10\/image-1.png 632w, https:\/\/bglilienfeld.ac.at\/cms_wordpress\/wp-content\/uploads\/2025\/10\/image-1-300x188.png 300w\" data-sizes=\"(max-width: 709px) 85vw, (max-width: 909px) 67vw, (max-width: 984px) 61vw, (max-width: 1362px) 45vw, 600px\" src=\"data:image\/svg+xml;base64,PHN2ZyB3aWR0aD0iMSIgaGVpZ2h0PSIxIiB4bWxucz0iaHR0cDovL3d3dy53My5vcmcvMjAwMC9zdmciPjwvc3ZnPg==\" style=\"--smush-placeholder-width: 632px; --smush-placeholder-aspect-ratio: 632\/396;\" \/><\/figure>\n\n\n\n<p><strong><em>Worum geht\u2019s in \u201eJugend ohne Gott\u201c?<\/em><\/strong><\/p>\n\n\n\n<p><strong>Handlung<\/strong>: Der Roman spielt in der Zeit des Nationalsozialismus und erz\u00e4hlt die Geschichte eines jungen Lehrers, der beim Korrigieren von Texten auf rassistische Ansichten eines Sch\u00fclers st\u00f6\u00dft und in der Folge mit Entsetzen die moralische K\u00e4lte der Gesellschaft feststellen muss. W\u00e4hrend eines milit\u00e4rischen Zeltlagers geschieht ein Mord an einem Sch\u00fcler, wof\u00fcr sich der Lehrer mitschuldig f\u00fchlt und daher beginnt, eigene Ermittlungen anzustellen. Im Verlauf des Gerichtsprozesses, der auf den Mord folgt, wird er mit seiner eigenen Passivit\u00e4t und der Verantwortung konfrontiert, die er f\u00fcr die Geschehnisse tr\u00e4gt. Schlie\u00dflich gesteht er, dass er das Tagebuch eines Sch\u00fclers heimlich gelesen hat, was zu seiner Entlassung f\u00fchrt.<\/p>\n\n\n\n<p><strong>Thema<\/strong>: Der Roman thematisiert die Schuld und Verantwortung des Einzelnen in einer unterdr\u00fcckten Gesellschaft. Horv\u00e1th kritisiert die passive Haltung der Menschen gegen\u00fcber dem totalit\u00e4ren Regime und zeigt, wie wichtig es ist, f\u00fcr die eigene \u00dcberzeugung einzustehen.<\/p>\n\n\n\n<figure class=\"wp-block-image size-full\"><img decoding=\"async\" width=\"1025\" height=\"732\" data-src=\"https:\/\/bglilienfeld.ac.at\/cms_wordpress\/wp-content\/uploads\/2025\/10\/image-2.png\" alt=\"\" class=\"wp-image-4289 lazyload\" data-srcset=\"https:\/\/bglilienfeld.ac.at\/cms_wordpress\/wp-content\/uploads\/2025\/10\/image-2.png 1025w, https:\/\/bglilienfeld.ac.at\/cms_wordpress\/wp-content\/uploads\/2025\/10\/image-2-300x214.png 300w, https:\/\/bglilienfeld.ac.at\/cms_wordpress\/wp-content\/uploads\/2025\/10\/image-2-768x548.png 768w\" data-sizes=\"(max-width: 709px) 85vw, (max-width: 909px) 67vw, (max-width: 1362px) 62vw, 840px\" src=\"data:image\/svg+xml;base64,PHN2ZyB3aWR0aD0iMSIgaGVpZ2h0PSIxIiB4bWxucz0iaHR0cDovL3d3dy53My5vcmcvMjAwMC9zdmciPjwvc3ZnPg==\" style=\"--smush-placeholder-width: 1025px; --smush-placeholder-aspect-ratio: 1025\/732;\" \/><\/figure>\n\n\n\n<p>Wir freuen uns schon auf n\u00e4chstes Jahr und sind gespannt, was nach <em>Best of Schnitzler <\/em>(nach Arthur Schnitzler), <em>M\u00e4rzengrund<\/em> (Felix Mitterer) und <em>Jugend ohne Gott<\/em> (\u00d6d\u00f6n von Horv\u00e1th) auf die B\u00fchne gebracht wird.<\/p>\n\n\n\n<p>Mag. Peter Kurzmann<\/p>\n\n\n\n<p><\/p>\n\n\n\n<p><\/p>\n\n\n\n<p><\/p>\n","protected":false},"excerpt":{"rendered":"<p>Am Mittwoch, dem 8.10.2025 war die Neue Trib\u00fcne Wien bei uns im Kaisersaal zu Gast. Der gesamten Oberstufe wurde der Roman \u201eJugend ohne Gott\u201c von \u00d6d\u00f6n von Horv\u00e1th (1901-1938) in einer dramaturgischen Version pr\u00e4sentiert. Den Fokus auf die Komponente Krimi und die Aufkl\u00e4rung des Mordfalls legend, inszenierten drei Schauspieler und eine Schauspielerin in 60 Minuten eines der bekanntesten, in vielen &hellip; <a href=\"https:\/\/bglilienfeld.ac.at\/cms_wordpress\/2025\/10\/29\/z-n-t-und-der-lehrer-in-unserem-kaisersaal\/\" class=\"more-link\">Continue reading<span class=\"screen-reader-text\"> &#8222;Z., N., T. und der Lehrer in unserem Kaisersaal&#8220;<\/span><\/a><\/p>\n","protected":false},"author":1,"featured_media":4299,"comment_status":"closed","ping_status":"closed","sticky":false,"template":"","format":"standard","meta":{"ngg_post_thumbnail":0,"footnotes":""},"categories":[1],"tags":[],"class_list":["post-4285","post","type-post","status-publish","format-standard","has-post-thumbnail","hentry","category-allgemein"],"yoast_head":"<!-- This site is optimized with the Yoast SEO plugin v27.5 - https:\/\/yoast.com\/product\/yoast-seo-wordpress\/ -->\n<title>Z., N., T. und der Lehrer in unserem Kaisersaal - BG BRG Lilienfeld<\/title>\n<meta name=\"robots\" content=\"index, follow, max-snippet:-1, max-image-preview:large, max-video-preview:-1\" \/>\n<link rel=\"canonical\" href=\"https:\/\/bglilienfeld.ac.at\/cms_wordpress\/2025\/10\/29\/z-n-t-und-der-lehrer-in-unserem-kaisersaal\/\" \/>\n<meta property=\"og:locale\" content=\"de_DE\" \/>\n<meta property=\"og:type\" content=\"article\" \/>\n<meta property=\"og:title\" content=\"Z., N., T. und der Lehrer in unserem Kaisersaal - BG BRG Lilienfeld\" \/>\n<meta property=\"og:description\" content=\"Am Mittwoch, dem 8.10.2025 war die Neue Trib\u00fcne Wien bei uns im Kaisersaal zu Gast. Der gesamten Oberstufe wurde der Roman \u201eJugend ohne Gott\u201c von \u00d6d\u00f6n von Horv\u00e1th (1901-1938) in einer dramaturgischen Version pr\u00e4sentiert. Den Fokus auf die Komponente Krimi und die Aufkl\u00e4rung des Mordfalls legend, inszenierten drei Schauspieler und eine Schauspielerin in 60 Minuten eines der bekanntesten, in vielen &hellip; Continue reading &quot;Z., N., T. und der Lehrer in unserem Kaisersaal&quot;\" \/>\n<meta property=\"og:url\" content=\"https:\/\/bglilienfeld.ac.at\/cms_wordpress\/2025\/10\/29\/z-n-t-und-der-lehrer-in-unserem-kaisersaal\/\" \/>\n<meta property=\"og:site_name\" content=\"BG BRG Lilienfeld\" \/>\n<meta property=\"article:publisher\" content=\"https:\/\/facebook.com\/martin.komar.9081\" \/>\n<meta property=\"article:published_time\" content=\"2025-10-29T13:42:26+00:00\" \/>\n<meta property=\"article:modified_time\" content=\"2025-10-29T13:51:45+00:00\" \/>\n<meta property=\"og:image\" content=\"https:\/\/bglilienfeld.ac.at\/cms_wordpress\/wp-content\/uploads\/2025\/10\/Schultheater-2025-Vorschau.jpg\" \/>\n\t<meta property=\"og:image:width\" content=\"400\" \/>\n\t<meta property=\"og:image:height\" content=\"400\" \/>\n\t<meta property=\"og:image:type\" content=\"image\/jpeg\" \/>\n<meta name=\"author\" content=\"Administrator\" \/>\n<meta name=\"twitter:card\" content=\"summary_large_image\" \/>\n<meta name=\"twitter:label1\" content=\"Verfasst von\" \/>\n\t<meta name=\"twitter:data1\" content=\"Administrator\" \/>\n\t<meta name=\"twitter:label2\" content=\"Gesch\u00e4tzte Lesezeit\" \/>\n\t<meta name=\"twitter:data2\" content=\"3 Minuten\" \/>\n<script type=\"application\/ld+json\" class=\"yoast-schema-graph\">{\"@context\":\"https:\\\/\\\/schema.org\",\"@graph\":[{\"@type\":\"Article\",\"@id\":\"https:\\\/\\\/bglilienfeld.ac.at\\\/cms_wordpress\\\/2025\\\/10\\\/29\\\/z-n-t-und-der-lehrer-in-unserem-kaisersaal\\\/#article\",\"isPartOf\":{\"@id\":\"https:\\\/\\\/bglilienfeld.ac.at\\\/cms_wordpress\\\/2025\\\/10\\\/29\\\/z-n-t-und-der-lehrer-in-unserem-kaisersaal\\\/\"},\"author\":{\"name\":\"Administrator\",\"@id\":\"https:\\\/\\\/bglilienfeld.ac.at\\\/cms_wordpress\\\/#\\\/schema\\\/person\\\/1fc3b0a4d15763b2861caab628f949d2\"},\"headline\":\"Z., N., T. und der Lehrer in unserem Kaisersaal\",\"datePublished\":\"2025-10-29T13:42:26+00:00\",\"dateModified\":\"2025-10-29T13:51:45+00:00\",\"mainEntityOfPage\":{\"@id\":\"https:\\\/\\\/bglilienfeld.ac.at\\\/cms_wordpress\\\/2025\\\/10\\\/29\\\/z-n-t-und-der-lehrer-in-unserem-kaisersaal\\\/\"},\"wordCount\":336,\"image\":{\"@id\":\"https:\\\/\\\/bglilienfeld.ac.at\\\/cms_wordpress\\\/2025\\\/10\\\/29\\\/z-n-t-und-der-lehrer-in-unserem-kaisersaal\\\/#primaryimage\"},\"thumbnailUrl\":\"https:\\\/\\\/bglilienfeld.ac.at\\\/cms_wordpress\\\/wp-content\\\/uploads\\\/2025\\\/10\\\/Schultheater-2025-Vorschau.jpg\",\"inLanguage\":\"de-AT\"},{\"@type\":\"WebPage\",\"@id\":\"https:\\\/\\\/bglilienfeld.ac.at\\\/cms_wordpress\\\/2025\\\/10\\\/29\\\/z-n-t-und-der-lehrer-in-unserem-kaisersaal\\\/\",\"url\":\"https:\\\/\\\/bglilienfeld.ac.at\\\/cms_wordpress\\\/2025\\\/10\\\/29\\\/z-n-t-und-der-lehrer-in-unserem-kaisersaal\\\/\",\"name\":\"Z., N., T. und der Lehrer in unserem Kaisersaal - BG BRG Lilienfeld\",\"isPartOf\":{\"@id\":\"https:\\\/\\\/bglilienfeld.ac.at\\\/cms_wordpress\\\/#website\"},\"primaryImageOfPage\":{\"@id\":\"https:\\\/\\\/bglilienfeld.ac.at\\\/cms_wordpress\\\/2025\\\/10\\\/29\\\/z-n-t-und-der-lehrer-in-unserem-kaisersaal\\\/#primaryimage\"},\"image\":{\"@id\":\"https:\\\/\\\/bglilienfeld.ac.at\\\/cms_wordpress\\\/2025\\\/10\\\/29\\\/z-n-t-und-der-lehrer-in-unserem-kaisersaal\\\/#primaryimage\"},\"thumbnailUrl\":\"https:\\\/\\\/bglilienfeld.ac.at\\\/cms_wordpress\\\/wp-content\\\/uploads\\\/2025\\\/10\\\/Schultheater-2025-Vorschau.jpg\",\"datePublished\":\"2025-10-29T13:42:26+00:00\",\"dateModified\":\"2025-10-29T13:51:45+00:00\",\"author\":{\"@id\":\"https:\\\/\\\/bglilienfeld.ac.at\\\/cms_wordpress\\\/#\\\/schema\\\/person\\\/1fc3b0a4d15763b2861caab628f949d2\"},\"breadcrumb\":{\"@id\":\"https:\\\/\\\/bglilienfeld.ac.at\\\/cms_wordpress\\\/2025\\\/10\\\/29\\\/z-n-t-und-der-lehrer-in-unserem-kaisersaal\\\/#breadcrumb\"},\"inLanguage\":\"de-AT\",\"potentialAction\":[{\"@type\":\"ReadAction\",\"target\":[\"https:\\\/\\\/bglilienfeld.ac.at\\\/cms_wordpress\\\/2025\\\/10\\\/29\\\/z-n-t-und-der-lehrer-in-unserem-kaisersaal\\\/\"]}]},{\"@type\":\"ImageObject\",\"inLanguage\":\"de-AT\",\"@id\":\"https:\\\/\\\/bglilienfeld.ac.at\\\/cms_wordpress\\\/2025\\\/10\\\/29\\\/z-n-t-und-der-lehrer-in-unserem-kaisersaal\\\/#primaryimage\",\"url\":\"https:\\\/\\\/bglilienfeld.ac.at\\\/cms_wordpress\\\/wp-content\\\/uploads\\\/2025\\\/10\\\/Schultheater-2025-Vorschau.jpg\",\"contentUrl\":\"https:\\\/\\\/bglilienfeld.ac.at\\\/cms_wordpress\\\/wp-content\\\/uploads\\\/2025\\\/10\\\/Schultheater-2025-Vorschau.jpg\",\"width\":400,\"height\":400},{\"@type\":\"BreadcrumbList\",\"@id\":\"https:\\\/\\\/bglilienfeld.ac.at\\\/cms_wordpress\\\/2025\\\/10\\\/29\\\/z-n-t-und-der-lehrer-in-unserem-kaisersaal\\\/#breadcrumb\",\"itemListElement\":[{\"@type\":\"ListItem\",\"position\":1,\"name\":\"Startseite\",\"item\":\"https:\\\/\\\/bglilienfeld.ac.at\\\/cms_wordpress\\\/\"},{\"@type\":\"ListItem\",\"position\":2,\"name\":\"Z., N., T. und der Lehrer in unserem Kaisersaal\"}]},{\"@type\":\"WebSite\",\"@id\":\"https:\\\/\\\/bglilienfeld.ac.at\\\/cms_wordpress\\\/#website\",\"url\":\"https:\\\/\\\/bglilienfeld.ac.at\\\/cms_wordpress\\\/\",\"name\":\"BG BRG Lilienfeld\",\"description\":\"Der sinnvollste Zeitvertreib bis zum Wochenende\",\"potentialAction\":[{\"@type\":\"SearchAction\",\"target\":{\"@type\":\"EntryPoint\",\"urlTemplate\":\"https:\\\/\\\/bglilienfeld.ac.at\\\/cms_wordpress\\\/?s={search_term_string}\"},\"query-input\":{\"@type\":\"PropertyValueSpecification\",\"valueRequired\":true,\"valueName\":\"search_term_string\"}}],\"inLanguage\":\"de-AT\"},{\"@type\":\"Person\",\"@id\":\"https:\\\/\\\/bglilienfeld.ac.at\\\/cms_wordpress\\\/#\\\/schema\\\/person\\\/1fc3b0a4d15763b2861caab628f949d2\",\"name\":\"Administrator\",\"image\":{\"@type\":\"ImageObject\",\"inLanguage\":\"de-AT\",\"@id\":\"https:\\\/\\\/secure.gravatar.com\\\/avatar\\\/34b16fabf25b85f6dfca598572b49f1550123dcf6257a2b930d87eaa672d255c?s=96&d=mm&r=g\",\"url\":\"https:\\\/\\\/secure.gravatar.com\\\/avatar\\\/34b16fabf25b85f6dfca598572b49f1550123dcf6257a2b930d87eaa672d255c?s=96&d=mm&r=g\",\"contentUrl\":\"https:\\\/\\\/secure.gravatar.com\\\/avatar\\\/34b16fabf25b85f6dfca598572b49f1550123dcf6257a2b930d87eaa672d255c?s=96&d=mm&r=g\",\"caption\":\"Administrator\"},\"url\":\"https:\\\/\\\/bglilienfeld.ac.at\\\/cms_wordpress\\\/author\\\/administrator\\\/\"}]}<\/script>\n<!-- \/ Yoast SEO plugin. -->","yoast_head_json":{"title":"Z., N., T. und der Lehrer in unserem Kaisersaal - BG BRG Lilienfeld","robots":{"index":"index","follow":"follow","max-snippet":"max-snippet:-1","max-image-preview":"max-image-preview:large","max-video-preview":"max-video-preview:-1"},"canonical":"https:\/\/bglilienfeld.ac.at\/cms_wordpress\/2025\/10\/29\/z-n-t-und-der-lehrer-in-unserem-kaisersaal\/","og_locale":"de_DE","og_type":"article","og_title":"Z., N., T. und der Lehrer in unserem Kaisersaal - BG BRG Lilienfeld","og_description":"Am Mittwoch, dem 8.10.2025 war die Neue Trib\u00fcne Wien bei uns im Kaisersaal zu Gast. Der gesamten Oberstufe wurde der Roman \u201eJugend ohne Gott\u201c von \u00d6d\u00f6n von Horv\u00e1th (1901-1938) in einer dramaturgischen Version pr\u00e4sentiert. Den Fokus auf die Komponente Krimi und die Aufkl\u00e4rung des Mordfalls legend, inszenierten drei Schauspieler und eine Schauspielerin in 60 Minuten eines der bekanntesten, in vielen &hellip; Continue reading \"Z., N., T. und der Lehrer in unserem Kaisersaal\"","og_url":"https:\/\/bglilienfeld.ac.at\/cms_wordpress\/2025\/10\/29\/z-n-t-und-der-lehrer-in-unserem-kaisersaal\/","og_site_name":"BG BRG Lilienfeld","article_publisher":"https:\/\/facebook.com\/martin.komar.9081","article_published_time":"2025-10-29T13:42:26+00:00","article_modified_time":"2025-10-29T13:51:45+00:00","og_image":[{"width":400,"height":400,"url":"https:\/\/bglilienfeld.ac.at\/cms_wordpress\/wp-content\/uploads\/2025\/10\/Schultheater-2025-Vorschau.jpg","type":"image\/jpeg"}],"author":"Administrator","twitter_card":"summary_large_image","twitter_misc":{"Verfasst von":"Administrator","Gesch\u00e4tzte Lesezeit":"3 Minuten"},"schema":{"@context":"https:\/\/schema.org","@graph":[{"@type":"Article","@id":"https:\/\/bglilienfeld.ac.at\/cms_wordpress\/2025\/10\/29\/z-n-t-und-der-lehrer-in-unserem-kaisersaal\/#article","isPartOf":{"@id":"https:\/\/bglilienfeld.ac.at\/cms_wordpress\/2025\/10\/29\/z-n-t-und-der-lehrer-in-unserem-kaisersaal\/"},"author":{"name":"Administrator","@id":"https:\/\/bglilienfeld.ac.at\/cms_wordpress\/#\/schema\/person\/1fc3b0a4d15763b2861caab628f949d2"},"headline":"Z., N., T. und der Lehrer in unserem Kaisersaal","datePublished":"2025-10-29T13:42:26+00:00","dateModified":"2025-10-29T13:51:45+00:00","mainEntityOfPage":{"@id":"https:\/\/bglilienfeld.ac.at\/cms_wordpress\/2025\/10\/29\/z-n-t-und-der-lehrer-in-unserem-kaisersaal\/"},"wordCount":336,"image":{"@id":"https:\/\/bglilienfeld.ac.at\/cms_wordpress\/2025\/10\/29\/z-n-t-und-der-lehrer-in-unserem-kaisersaal\/#primaryimage"},"thumbnailUrl":"https:\/\/bglilienfeld.ac.at\/cms_wordpress\/wp-content\/uploads\/2025\/10\/Schultheater-2025-Vorschau.jpg","inLanguage":"de-AT"},{"@type":"WebPage","@id":"https:\/\/bglilienfeld.ac.at\/cms_wordpress\/2025\/10\/29\/z-n-t-und-der-lehrer-in-unserem-kaisersaal\/","url":"https:\/\/bglilienfeld.ac.at\/cms_wordpress\/2025\/10\/29\/z-n-t-und-der-lehrer-in-unserem-kaisersaal\/","name":"Z., N., T. und der Lehrer in unserem Kaisersaal - BG BRG Lilienfeld","isPartOf":{"@id":"https:\/\/bglilienfeld.ac.at\/cms_wordpress\/#website"},"primaryImageOfPage":{"@id":"https:\/\/bglilienfeld.ac.at\/cms_wordpress\/2025\/10\/29\/z-n-t-und-der-lehrer-in-unserem-kaisersaal\/#primaryimage"},"image":{"@id":"https:\/\/bglilienfeld.ac.at\/cms_wordpress\/2025\/10\/29\/z-n-t-und-der-lehrer-in-unserem-kaisersaal\/#primaryimage"},"thumbnailUrl":"https:\/\/bglilienfeld.ac.at\/cms_wordpress\/wp-content\/uploads\/2025\/10\/Schultheater-2025-Vorschau.jpg","datePublished":"2025-10-29T13:42:26+00:00","dateModified":"2025-10-29T13:51:45+00:00","author":{"@id":"https:\/\/bglilienfeld.ac.at\/cms_wordpress\/#\/schema\/person\/1fc3b0a4d15763b2861caab628f949d2"},"breadcrumb":{"@id":"https:\/\/bglilienfeld.ac.at\/cms_wordpress\/2025\/10\/29\/z-n-t-und-der-lehrer-in-unserem-kaisersaal\/#breadcrumb"},"inLanguage":"de-AT","potentialAction":[{"@type":"ReadAction","target":["https:\/\/bglilienfeld.ac.at\/cms_wordpress\/2025\/10\/29\/z-n-t-und-der-lehrer-in-unserem-kaisersaal\/"]}]},{"@type":"ImageObject","inLanguage":"de-AT","@id":"https:\/\/bglilienfeld.ac.at\/cms_wordpress\/2025\/10\/29\/z-n-t-und-der-lehrer-in-unserem-kaisersaal\/#primaryimage","url":"https:\/\/bglilienfeld.ac.at\/cms_wordpress\/wp-content\/uploads\/2025\/10\/Schultheater-2025-Vorschau.jpg","contentUrl":"https:\/\/bglilienfeld.ac.at\/cms_wordpress\/wp-content\/uploads\/2025\/10\/Schultheater-2025-Vorschau.jpg","width":400,"height":400},{"@type":"BreadcrumbList","@id":"https:\/\/bglilienfeld.ac.at\/cms_wordpress\/2025\/10\/29\/z-n-t-und-der-lehrer-in-unserem-kaisersaal\/#breadcrumb","itemListElement":[{"@type":"ListItem","position":1,"name":"Startseite","item":"https:\/\/bglilienfeld.ac.at\/cms_wordpress\/"},{"@type":"ListItem","position":2,"name":"Z., N., T. und der Lehrer in unserem Kaisersaal"}]},{"@type":"WebSite","@id":"https:\/\/bglilienfeld.ac.at\/cms_wordpress\/#website","url":"https:\/\/bglilienfeld.ac.at\/cms_wordpress\/","name":"BG BRG Lilienfeld","description":"Der sinnvollste Zeitvertreib bis zum Wochenende","potentialAction":[{"@type":"SearchAction","target":{"@type":"EntryPoint","urlTemplate":"https:\/\/bglilienfeld.ac.at\/cms_wordpress\/?s={search_term_string}"},"query-input":{"@type":"PropertyValueSpecification","valueRequired":true,"valueName":"search_term_string"}}],"inLanguage":"de-AT"},{"@type":"Person","@id":"https:\/\/bglilienfeld.ac.at\/cms_wordpress\/#\/schema\/person\/1fc3b0a4d15763b2861caab628f949d2","name":"Administrator","image":{"@type":"ImageObject","inLanguage":"de-AT","@id":"https:\/\/secure.gravatar.com\/avatar\/34b16fabf25b85f6dfca598572b49f1550123dcf6257a2b930d87eaa672d255c?s=96&d=mm&r=g","url":"https:\/\/secure.gravatar.com\/avatar\/34b16fabf25b85f6dfca598572b49f1550123dcf6257a2b930d87eaa672d255c?s=96&d=mm&r=g","contentUrl":"https:\/\/secure.gravatar.com\/avatar\/34b16fabf25b85f6dfca598572b49f1550123dcf6257a2b930d87eaa672d255c?s=96&d=mm&r=g","caption":"Administrator"},"url":"https:\/\/bglilienfeld.ac.at\/cms_wordpress\/author\/administrator\/"}]}},"_links":{"self":[{"href":"https:\/\/bglilienfeld.ac.at\/cms_wordpress\/wp-json\/wp\/v2\/posts\/4285","targetHints":{"allow":["GET"]}}],"collection":[{"href":"https:\/\/bglilienfeld.ac.at\/cms_wordpress\/wp-json\/wp\/v2\/posts"}],"about":[{"href":"https:\/\/bglilienfeld.ac.at\/cms_wordpress\/wp-json\/wp\/v2\/types\/post"}],"author":[{"embeddable":true,"href":"https:\/\/bglilienfeld.ac.at\/cms_wordpress\/wp-json\/wp\/v2\/users\/1"}],"replies":[{"embeddable":true,"href":"https:\/\/bglilienfeld.ac.at\/cms_wordpress\/wp-json\/wp\/v2\/comments?post=4285"}],"version-history":[{"count":2,"href":"https:\/\/bglilienfeld.ac.at\/cms_wordpress\/wp-json\/wp\/v2\/posts\/4285\/revisions"}],"predecessor-version":[{"id":4290,"href":"https:\/\/bglilienfeld.ac.at\/cms_wordpress\/wp-json\/wp\/v2\/posts\/4285\/revisions\/4290"}],"wp:featuredmedia":[{"embeddable":true,"href":"https:\/\/bglilienfeld.ac.at\/cms_wordpress\/wp-json\/wp\/v2\/media\/4299"}],"wp:attachment":[{"href":"https:\/\/bglilienfeld.ac.at\/cms_wordpress\/wp-json\/wp\/v2\/media?parent=4285"}],"wp:term":[{"taxonomy":"category","embeddable":true,"href":"https:\/\/bglilienfeld.ac.at\/cms_wordpress\/wp-json\/wp\/v2\/categories?post=4285"},{"taxonomy":"post_tag","embeddable":true,"href":"https:\/\/bglilienfeld.ac.at\/cms_wordpress\/wp-json\/wp\/v2\/tags?post=4285"}],"curies":[{"name":"wp","href":"https:\/\/api.w.org\/{rel}","templated":true}]}}