{"id":4291,"date":"2025-10-29T14:47:51","date_gmt":"2025-10-29T13:47:51","guid":{"rendered":"https:\/\/bglilienfeld.ac.at\/cms_wordpress\/?p=4291"},"modified":"2025-10-29T14:59:22","modified_gmt":"2025-10-29T13:59:22","slug":"theater-theater-der-vorhang-geht-auf","status":"publish","type":"post","link":"https:\/\/bglilienfeld.ac.at\/cms_wordpress\/2025\/10\/29\/theater-theater-der-vorhang-geht-auf\/","title":{"rendered":"Theater, Theater \u2013 der Vorhang geht auf!"},"content":{"rendered":"\n<p>Katja Ebstein h\u00e4tte es 1980 in ihrem Schlager nicht besser pr\u00e4zisieren k\u00f6nnen. \u201e<em>Theater, Theater \u2013 der Vorhang geht auf.<\/em> <em>Dann wird die B\u00fchne zur Welt.\u201c<\/em> Und genauso war es am <strong>Dienstag, dem 07.10.2025<\/strong>, als die <strong>7A<\/strong> mit Fr. Prof. Meiringer und Hrn. Prof. Kurzmann das Landestheater Nieder\u00f6sterreich in St. P\u00f6lten besuchte und erkundete. Als quasi Stammg\u00e4ste des Hauses lie\u00dfen wir uns nat\u00fcrlich auch heuer eine Theaterfahrt nicht nehmen und bestaunten dieses Mal doch tats\u00e4chlich Ursula Strauss als Miss Arg\u00e1n in der Hauptrolle in <strong>\u201eDie eingebildete Kranke\u201c<\/strong> (nach Moli\u00e8re).<\/p>\n\n\n\n<figure class=\"wp-block-image size-full\"><img decoding=\"async\" width=\"392\" height=\"413\" data-src=\"https:\/\/bglilienfeld.ac.at\/cms_wordpress\/wp-content\/uploads\/2025\/10\/image-4.png\" alt=\"\" class=\"wp-image-4293 lazyload\" data-srcset=\"https:\/\/bglilienfeld.ac.at\/cms_wordpress\/wp-content\/uploads\/2025\/10\/image-4.png 392w, https:\/\/bglilienfeld.ac.at\/cms_wordpress\/wp-content\/uploads\/2025\/10\/image-4-285x300.png 285w\" data-sizes=\"(max-width: 392px) 85vw, 392px\" src=\"data:image\/svg+xml;base64,PHN2ZyB3aWR0aD0iMSIgaGVpZ2h0PSIxIiB4bWxucz0iaHR0cDovL3d3dy53My5vcmcvMjAwMC9zdmciPjwvc3ZnPg==\" style=\"--smush-placeholder-width: 392px; --smush-placeholder-aspect-ratio: 392\/413;\" \/><\/figure>\n\n\n\n<p><em>Dann ist ihr vor Lampenfieber schlecht.\u201c<\/em> Also auf die Schauspielerinnen und Schauspieler traf diese Aussage definitiv nicht zu. Denn als wir vor Auff\u00fchrungsbeginn einen Blick hinter die Kulissen wagten und das Haus aus einem anderen Blickwinkel kennenlernen durften, kam uns kein Mitwirkender bzw. keine Mitwirkende nerv\u00f6s vor. Im Gegenteil: Sie f\u00fchrten sogar Smalltalk mit uns und als Highlight durften wir sogar Ursula Strauss in der Maske besuchen. Sie fragte uns doch tats\u00e4chlich, aus welcher Schule wir kommen und baute unseren Namen in das St\u00fcck mit ein. Unglaublich! Unglaublich waren auch die Eindr\u00fccke hinter der B\u00fchne \u2013 von der B\u00fchnenmaschinerie \u00fcber die Requisitenkammer mit ihren zigtausenden Exponaten und den Schneiderinnen sowie Maskenbildner-innen bis hin zum direkten Blick von der B\u00fchne in den Zuschauerraum. Hier wurde f\u00fcr uns das <em>\u201eTor zur Fantasie\u201c<\/em> ge\u00f6ffnet. Und dass das Dargebotene die Schauspieler und Schauspielerinnen \u2013 neben Ursula Strauss auch Christian Dolezal und Laura Laufenberg \u2013 in H\u00f6chstform zeigte und man uns in die Barockwelt entf\u00fchrte, zeigt: \u201e<em>Das ist wie ein Rausch. Und nur der Augenblick z\u00e4hlt.\u201c<\/em> Somit war auf eine ganz andere Art und Weise f\u00fcr beide Seiten ein <em>\u201eSt\u00fcck Gl\u00fcckseligkeit\u201c<\/em> erreicht und die positiven Eindr\u00fccke einer starken, an manchen Stellen gegen Ende des St\u00fcckes allerdings etwas zu theatralischen Inszenierung (Zitat Lina Gruberbauer: \u201eToo much\u201c) \u00fcberwiegen eindeutig.<\/p>\n\n\n\n<figure class=\"wp-block-image size-full\"><img decoding=\"async\" width=\"527\" height=\"588\" data-src=\"https:\/\/bglilienfeld.ac.at\/cms_wordpress\/wp-content\/uploads\/2025\/10\/image-5.png\" alt=\"\" class=\"wp-image-4294 lazyload\" data-srcset=\"https:\/\/bglilienfeld.ac.at\/cms_wordpress\/wp-content\/uploads\/2025\/10\/image-5.png 527w, https:\/\/bglilienfeld.ac.at\/cms_wordpress\/wp-content\/uploads\/2025\/10\/image-5-269x300.png 269w\" data-sizes=\"(max-width: 527px) 85vw, 527px\" src=\"data:image\/svg+xml;base64,PHN2ZyB3aWR0aD0iMSIgaGVpZ2h0PSIxIiB4bWxucz0iaHR0cDovL3d3dy53My5vcmcvMjAwMC9zdmciPjwvc3ZnPg==\" style=\"--smush-placeholder-width: 527px; --smush-placeholder-aspect-ratio: 527\/588;\" \/><\/figure>\n\n\n\n<figure class=\"wp-block-image size-full\"><img decoding=\"async\" width=\"890\" height=\"562\" data-src=\"https:\/\/bglilienfeld.ac.at\/cms_wordpress\/wp-content\/uploads\/2025\/10\/image-6.png\" alt=\"\" class=\"wp-image-4295 lazyload\" data-srcset=\"https:\/\/bglilienfeld.ac.at\/cms_wordpress\/wp-content\/uploads\/2025\/10\/image-6.png 890w, https:\/\/bglilienfeld.ac.at\/cms_wordpress\/wp-content\/uploads\/2025\/10\/image-6-300x189.png 300w, https:\/\/bglilienfeld.ac.at\/cms_wordpress\/wp-content\/uploads\/2025\/10\/image-6-768x485.png 768w\" data-sizes=\"(max-width: 709px) 85vw, (max-width: 909px) 67vw, (max-width: 1362px) 62vw, 840px\" src=\"data:image\/svg+xml;base64,PHN2ZyB3aWR0aD0iMSIgaGVpZ2h0PSIxIiB4bWxucz0iaHR0cDovL3d3dy53My5vcmcvMjAwMC9zdmciPjwvc3ZnPg==\" style=\"--smush-placeholder-width: 890px; --smush-placeholder-aspect-ratio: 890\/562;\" \/><\/figure>\n\n\n\n<p>Nach einer kulinarischen Mittagspause in der St. P\u00f6ltener Innenstadt f\u00fchrte uns der zweite Teil unserer Exkursion in die Stadtbibliothek, die erst seit September 2024 an ihrem neuen Domizil \u2013 direkt beim St. P\u00f6ltener Domplatz \u2013 er\u00f6ffnet wurde. Nach einer F\u00fchrung mit spannenden Fakten zum B\u00fccherbestand und zur Ausrichtung der Bibliothek durften wir auf eigene Faust in die Welt der B\u00fccher eintauchen. Manche nutzten anschlie\u00dfend sogar die M\u00f6glichkeit, sich einen Bibliotheksausweis zu sichern, der ihnen das kostenlose Entlehnen von B\u00fcchern bis zum 18. Geburtstag erm\u00f6glicht.<\/p>\n\n\n\n<figure class=\"wp-block-image size-full is-resized\"><img decoding=\"async\" width=\"284\" height=\"262\" data-src=\"https:\/\/bglilienfeld.ac.at\/cms_wordpress\/wp-content\/uploads\/2025\/10\/image-7.png\" alt=\"\" class=\"wp-image-4296 lazyload\" style=\"--smush-placeholder-width: 284px; --smush-placeholder-aspect-ratio: 284\/262;width:284px;height:auto\" src=\"data:image\/svg+xml;base64,PHN2ZyB3aWR0aD0iMSIgaGVpZ2h0PSIxIiB4bWxucz0iaHR0cDovL3d3dy53My5vcmcvMjAwMC9zdmciPjwvc3ZnPg==\" \/><\/figure>\n\n\n\n<figure class=\"wp-block-image size-full\"><img decoding=\"async\" width=\"739\" height=\"481\" data-src=\"https:\/\/bglilienfeld.ac.at\/cms_wordpress\/wp-content\/uploads\/2025\/10\/image-8.png\" alt=\"\" class=\"wp-image-4297 lazyload\" data-srcset=\"https:\/\/bglilienfeld.ac.at\/cms_wordpress\/wp-content\/uploads\/2025\/10\/image-8.png 739w, https:\/\/bglilienfeld.ac.at\/cms_wordpress\/wp-content\/uploads\/2025\/10\/image-8-300x195.png 300w\" data-sizes=\"(max-width: 709px) 85vw, (max-width: 909px) 67vw, (max-width: 984px) 61vw, (max-width: 1362px) 45vw, 600px\" src=\"data:image\/svg+xml;base64,PHN2ZyB3aWR0aD0iMSIgaGVpZ2h0PSIxIiB4bWxucz0iaHR0cDovL3d3dy53My5vcmcvMjAwMC9zdmciPjwvc3ZnPg==\" style=\"--smush-placeholder-width: 739px; --smush-placeholder-aspect-ratio: 739\/481;\" \/><\/figure>\n\n\n\n<p>Alles in allem war es ein sehr gelungener Tag in St. P\u00f6lten, der uns bestimmt lange positiv in Erinnerung bleiben wird.<\/p>\n\n\n\n<p>Mag. Peter Kurzmann<\/p>\n\n\n\n<p><\/p>\n\n\n\n<p><\/p>\n\n\n\n<p><\/p>\n\n\n\n<p><\/p>\n","protected":false},"excerpt":{"rendered":"<p>Katja Ebstein h\u00e4tte es 1980 in ihrem Schlager nicht besser pr\u00e4zisieren k\u00f6nnen. \u201eTheater, Theater \u2013 der Vorhang geht auf. Dann wird die B\u00fchne zur Welt.\u201c Und genauso war es am Dienstag, dem 07.10.2025, als die 7A mit Fr. Prof. Meiringer und Hrn. Prof. Kurzmann das Landestheater Nieder\u00f6sterreich in St. P\u00f6lten besuchte und erkundete. Als quasi Stammg\u00e4ste des Hauses lie\u00dfen wir &hellip; <a href=\"https:\/\/bglilienfeld.ac.at\/cms_wordpress\/2025\/10\/29\/theater-theater-der-vorhang-geht-auf\/\" class=\"more-link\">Continue reading<span class=\"screen-reader-text\"> &#8222;Theater, Theater \u2013 der Vorhang geht auf!&#8220;<\/span><\/a><\/p>\n","protected":false},"author":1,"featured_media":4300,"comment_status":"closed","ping_status":"closed","sticky":false,"template":"","format":"standard","meta":{"ngg_post_thumbnail":0,"footnotes":""},"categories":[1],"tags":[],"class_list":["post-4291","post","type-post","status-publish","format-standard","has-post-thumbnail","hentry","category-allgemein"],"yoast_head":"<!-- This site is optimized with the Yoast SEO plugin v27.5 - https:\/\/yoast.com\/product\/yoast-seo-wordpress\/ -->\n<title>Theater, Theater \u2013 der Vorhang geht auf! - BG BRG Lilienfeld<\/title>\n<meta name=\"robots\" content=\"index, follow, max-snippet:-1, max-image-preview:large, max-video-preview:-1\" \/>\n<link rel=\"canonical\" href=\"https:\/\/bglilienfeld.ac.at\/cms_wordpress\/2025\/10\/29\/theater-theater-der-vorhang-geht-auf\/\" \/>\n<meta property=\"og:locale\" content=\"de_DE\" \/>\n<meta property=\"og:type\" content=\"article\" \/>\n<meta property=\"og:title\" content=\"Theater, Theater \u2013 der Vorhang geht auf! - BG BRG Lilienfeld\" \/>\n<meta property=\"og:description\" content=\"Katja Ebstein h\u00e4tte es 1980 in ihrem Schlager nicht besser pr\u00e4zisieren k\u00f6nnen. \u201eTheater, Theater \u2013 der Vorhang geht auf. Dann wird die B\u00fchne zur Welt.\u201c Und genauso war es am Dienstag, dem 07.10.2025, als die 7A mit Fr. Prof. Meiringer und Hrn. Prof. Kurzmann das Landestheater Nieder\u00f6sterreich in St. P\u00f6lten besuchte und erkundete. Als quasi Stammg\u00e4ste des Hauses lie\u00dfen wir &hellip; Continue reading &quot;Theater, Theater \u2013 der Vorhang geht auf!&quot;\" \/>\n<meta property=\"og:url\" content=\"https:\/\/bglilienfeld.ac.at\/cms_wordpress\/2025\/10\/29\/theater-theater-der-vorhang-geht-auf\/\" \/>\n<meta property=\"og:site_name\" content=\"BG BRG Lilienfeld\" \/>\n<meta property=\"article:publisher\" content=\"https:\/\/facebook.com\/martin.komar.9081\" \/>\n<meta property=\"article:published_time\" content=\"2025-10-29T13:47:51+00:00\" \/>\n<meta property=\"article:modified_time\" content=\"2025-10-29T13:59:22+00:00\" \/>\n<meta property=\"og:image\" content=\"https:\/\/bglilienfeld.ac.at\/cms_wordpress\/wp-content\/uploads\/2025\/10\/Landestheater-2025-Vorschau.jpg\" \/>\n\t<meta property=\"og:image:width\" content=\"400\" \/>\n\t<meta property=\"og:image:height\" content=\"400\" \/>\n\t<meta property=\"og:image:type\" content=\"image\/jpeg\" \/>\n<meta name=\"author\" content=\"Administrator\" \/>\n<meta name=\"twitter:card\" content=\"summary_large_image\" \/>\n<meta name=\"twitter:label1\" content=\"Verfasst von\" \/>\n\t<meta name=\"twitter:data1\" content=\"Administrator\" \/>\n\t<meta name=\"twitter:label2\" content=\"Gesch\u00e4tzte Lesezeit\" \/>\n\t<meta name=\"twitter:data2\" content=\"4 Minuten\" \/>\n<script type=\"application\/ld+json\" class=\"yoast-schema-graph\">{\"@context\":\"https:\\\/\\\/schema.org\",\"@graph\":[{\"@type\":\"Article\",\"@id\":\"https:\\\/\\\/bglilienfeld.ac.at\\\/cms_wordpress\\\/2025\\\/10\\\/29\\\/theater-theater-der-vorhang-geht-auf\\\/#article\",\"isPartOf\":{\"@id\":\"https:\\\/\\\/bglilienfeld.ac.at\\\/cms_wordpress\\\/2025\\\/10\\\/29\\\/theater-theater-der-vorhang-geht-auf\\\/\"},\"author\":{\"name\":\"Administrator\",\"@id\":\"https:\\\/\\\/bglilienfeld.ac.at\\\/cms_wordpress\\\/#\\\/schema\\\/person\\\/1fc3b0a4d15763b2861caab628f949d2\"},\"headline\":\"Theater, Theater \u2013 der Vorhang geht auf!\",\"datePublished\":\"2025-10-29T13:47:51+00:00\",\"dateModified\":\"2025-10-29T13:59:22+00:00\",\"mainEntityOfPage\":{\"@id\":\"https:\\\/\\\/bglilienfeld.ac.at\\\/cms_wordpress\\\/2025\\\/10\\\/29\\\/theater-theater-der-vorhang-geht-auf\\\/\"},\"wordCount\":447,\"image\":{\"@id\":\"https:\\\/\\\/bglilienfeld.ac.at\\\/cms_wordpress\\\/2025\\\/10\\\/29\\\/theater-theater-der-vorhang-geht-auf\\\/#primaryimage\"},\"thumbnailUrl\":\"https:\\\/\\\/bglilienfeld.ac.at\\\/cms_wordpress\\\/wp-content\\\/uploads\\\/2025\\\/10\\\/Landestheater-2025-Vorschau.jpg\",\"inLanguage\":\"de-AT\"},{\"@type\":\"WebPage\",\"@id\":\"https:\\\/\\\/bglilienfeld.ac.at\\\/cms_wordpress\\\/2025\\\/10\\\/29\\\/theater-theater-der-vorhang-geht-auf\\\/\",\"url\":\"https:\\\/\\\/bglilienfeld.ac.at\\\/cms_wordpress\\\/2025\\\/10\\\/29\\\/theater-theater-der-vorhang-geht-auf\\\/\",\"name\":\"Theater, Theater \u2013 der Vorhang geht auf! - BG BRG Lilienfeld\",\"isPartOf\":{\"@id\":\"https:\\\/\\\/bglilienfeld.ac.at\\\/cms_wordpress\\\/#website\"},\"primaryImageOfPage\":{\"@id\":\"https:\\\/\\\/bglilienfeld.ac.at\\\/cms_wordpress\\\/2025\\\/10\\\/29\\\/theater-theater-der-vorhang-geht-auf\\\/#primaryimage\"},\"image\":{\"@id\":\"https:\\\/\\\/bglilienfeld.ac.at\\\/cms_wordpress\\\/2025\\\/10\\\/29\\\/theater-theater-der-vorhang-geht-auf\\\/#primaryimage\"},\"thumbnailUrl\":\"https:\\\/\\\/bglilienfeld.ac.at\\\/cms_wordpress\\\/wp-content\\\/uploads\\\/2025\\\/10\\\/Landestheater-2025-Vorschau.jpg\",\"datePublished\":\"2025-10-29T13:47:51+00:00\",\"dateModified\":\"2025-10-29T13:59:22+00:00\",\"author\":{\"@id\":\"https:\\\/\\\/bglilienfeld.ac.at\\\/cms_wordpress\\\/#\\\/schema\\\/person\\\/1fc3b0a4d15763b2861caab628f949d2\"},\"breadcrumb\":{\"@id\":\"https:\\\/\\\/bglilienfeld.ac.at\\\/cms_wordpress\\\/2025\\\/10\\\/29\\\/theater-theater-der-vorhang-geht-auf\\\/#breadcrumb\"},\"inLanguage\":\"de-AT\",\"potentialAction\":[{\"@type\":\"ReadAction\",\"target\":[\"https:\\\/\\\/bglilienfeld.ac.at\\\/cms_wordpress\\\/2025\\\/10\\\/29\\\/theater-theater-der-vorhang-geht-auf\\\/\"]}]},{\"@type\":\"ImageObject\",\"inLanguage\":\"de-AT\",\"@id\":\"https:\\\/\\\/bglilienfeld.ac.at\\\/cms_wordpress\\\/2025\\\/10\\\/29\\\/theater-theater-der-vorhang-geht-auf\\\/#primaryimage\",\"url\":\"https:\\\/\\\/bglilienfeld.ac.at\\\/cms_wordpress\\\/wp-content\\\/uploads\\\/2025\\\/10\\\/Landestheater-2025-Vorschau.jpg\",\"contentUrl\":\"https:\\\/\\\/bglilienfeld.ac.at\\\/cms_wordpress\\\/wp-content\\\/uploads\\\/2025\\\/10\\\/Landestheater-2025-Vorschau.jpg\",\"width\":400,\"height\":400},{\"@type\":\"BreadcrumbList\",\"@id\":\"https:\\\/\\\/bglilienfeld.ac.at\\\/cms_wordpress\\\/2025\\\/10\\\/29\\\/theater-theater-der-vorhang-geht-auf\\\/#breadcrumb\",\"itemListElement\":[{\"@type\":\"ListItem\",\"position\":1,\"name\":\"Startseite\",\"item\":\"https:\\\/\\\/bglilienfeld.ac.at\\\/cms_wordpress\\\/\"},{\"@type\":\"ListItem\",\"position\":2,\"name\":\"Theater, Theater \u2013 der Vorhang geht auf!\"}]},{\"@type\":\"WebSite\",\"@id\":\"https:\\\/\\\/bglilienfeld.ac.at\\\/cms_wordpress\\\/#website\",\"url\":\"https:\\\/\\\/bglilienfeld.ac.at\\\/cms_wordpress\\\/\",\"name\":\"BG BRG Lilienfeld\",\"description\":\"Der sinnvollste Zeitvertreib bis zum Wochenende\",\"potentialAction\":[{\"@type\":\"SearchAction\",\"target\":{\"@type\":\"EntryPoint\",\"urlTemplate\":\"https:\\\/\\\/bglilienfeld.ac.at\\\/cms_wordpress\\\/?s={search_term_string}\"},\"query-input\":{\"@type\":\"PropertyValueSpecification\",\"valueRequired\":true,\"valueName\":\"search_term_string\"}}],\"inLanguage\":\"de-AT\"},{\"@type\":\"Person\",\"@id\":\"https:\\\/\\\/bglilienfeld.ac.at\\\/cms_wordpress\\\/#\\\/schema\\\/person\\\/1fc3b0a4d15763b2861caab628f949d2\",\"name\":\"Administrator\",\"image\":{\"@type\":\"ImageObject\",\"inLanguage\":\"de-AT\",\"@id\":\"https:\\\/\\\/secure.gravatar.com\\\/avatar\\\/34b16fabf25b85f6dfca598572b49f1550123dcf6257a2b930d87eaa672d255c?s=96&d=mm&r=g\",\"url\":\"https:\\\/\\\/secure.gravatar.com\\\/avatar\\\/34b16fabf25b85f6dfca598572b49f1550123dcf6257a2b930d87eaa672d255c?s=96&d=mm&r=g\",\"contentUrl\":\"https:\\\/\\\/secure.gravatar.com\\\/avatar\\\/34b16fabf25b85f6dfca598572b49f1550123dcf6257a2b930d87eaa672d255c?s=96&d=mm&r=g\",\"caption\":\"Administrator\"},\"url\":\"https:\\\/\\\/bglilienfeld.ac.at\\\/cms_wordpress\\\/author\\\/administrator\\\/\"}]}<\/script>\n<!-- \/ Yoast SEO plugin. -->","yoast_head_json":{"title":"Theater, Theater \u2013 der Vorhang geht auf! - BG BRG Lilienfeld","robots":{"index":"index","follow":"follow","max-snippet":"max-snippet:-1","max-image-preview":"max-image-preview:large","max-video-preview":"max-video-preview:-1"},"canonical":"https:\/\/bglilienfeld.ac.at\/cms_wordpress\/2025\/10\/29\/theater-theater-der-vorhang-geht-auf\/","og_locale":"de_DE","og_type":"article","og_title":"Theater, Theater \u2013 der Vorhang geht auf! - BG BRG Lilienfeld","og_description":"Katja Ebstein h\u00e4tte es 1980 in ihrem Schlager nicht besser pr\u00e4zisieren k\u00f6nnen. \u201eTheater, Theater \u2013 der Vorhang geht auf. Dann wird die B\u00fchne zur Welt.\u201c Und genauso war es am Dienstag, dem 07.10.2025, als die 7A mit Fr. Prof. Meiringer und Hrn. Prof. Kurzmann das Landestheater Nieder\u00f6sterreich in St. P\u00f6lten besuchte und erkundete. Als quasi Stammg\u00e4ste des Hauses lie\u00dfen wir &hellip; Continue reading \"Theater, Theater \u2013 der Vorhang geht auf!\"","og_url":"https:\/\/bglilienfeld.ac.at\/cms_wordpress\/2025\/10\/29\/theater-theater-der-vorhang-geht-auf\/","og_site_name":"BG BRG Lilienfeld","article_publisher":"https:\/\/facebook.com\/martin.komar.9081","article_published_time":"2025-10-29T13:47:51+00:00","article_modified_time":"2025-10-29T13:59:22+00:00","og_image":[{"width":400,"height":400,"url":"https:\/\/bglilienfeld.ac.at\/cms_wordpress\/wp-content\/uploads\/2025\/10\/Landestheater-2025-Vorschau.jpg","type":"image\/jpeg"}],"author":"Administrator","twitter_card":"summary_large_image","twitter_misc":{"Verfasst von":"Administrator","Gesch\u00e4tzte Lesezeit":"4 Minuten"},"schema":{"@context":"https:\/\/schema.org","@graph":[{"@type":"Article","@id":"https:\/\/bglilienfeld.ac.at\/cms_wordpress\/2025\/10\/29\/theater-theater-der-vorhang-geht-auf\/#article","isPartOf":{"@id":"https:\/\/bglilienfeld.ac.at\/cms_wordpress\/2025\/10\/29\/theater-theater-der-vorhang-geht-auf\/"},"author":{"name":"Administrator","@id":"https:\/\/bglilienfeld.ac.at\/cms_wordpress\/#\/schema\/person\/1fc3b0a4d15763b2861caab628f949d2"},"headline":"Theater, Theater \u2013 der Vorhang geht auf!","datePublished":"2025-10-29T13:47:51+00:00","dateModified":"2025-10-29T13:59:22+00:00","mainEntityOfPage":{"@id":"https:\/\/bglilienfeld.ac.at\/cms_wordpress\/2025\/10\/29\/theater-theater-der-vorhang-geht-auf\/"},"wordCount":447,"image":{"@id":"https:\/\/bglilienfeld.ac.at\/cms_wordpress\/2025\/10\/29\/theater-theater-der-vorhang-geht-auf\/#primaryimage"},"thumbnailUrl":"https:\/\/bglilienfeld.ac.at\/cms_wordpress\/wp-content\/uploads\/2025\/10\/Landestheater-2025-Vorschau.jpg","inLanguage":"de-AT"},{"@type":"WebPage","@id":"https:\/\/bglilienfeld.ac.at\/cms_wordpress\/2025\/10\/29\/theater-theater-der-vorhang-geht-auf\/","url":"https:\/\/bglilienfeld.ac.at\/cms_wordpress\/2025\/10\/29\/theater-theater-der-vorhang-geht-auf\/","name":"Theater, Theater \u2013 der Vorhang geht auf! - BG BRG Lilienfeld","isPartOf":{"@id":"https:\/\/bglilienfeld.ac.at\/cms_wordpress\/#website"},"primaryImageOfPage":{"@id":"https:\/\/bglilienfeld.ac.at\/cms_wordpress\/2025\/10\/29\/theater-theater-der-vorhang-geht-auf\/#primaryimage"},"image":{"@id":"https:\/\/bglilienfeld.ac.at\/cms_wordpress\/2025\/10\/29\/theater-theater-der-vorhang-geht-auf\/#primaryimage"},"thumbnailUrl":"https:\/\/bglilienfeld.ac.at\/cms_wordpress\/wp-content\/uploads\/2025\/10\/Landestheater-2025-Vorschau.jpg","datePublished":"2025-10-29T13:47:51+00:00","dateModified":"2025-10-29T13:59:22+00:00","author":{"@id":"https:\/\/bglilienfeld.ac.at\/cms_wordpress\/#\/schema\/person\/1fc3b0a4d15763b2861caab628f949d2"},"breadcrumb":{"@id":"https:\/\/bglilienfeld.ac.at\/cms_wordpress\/2025\/10\/29\/theater-theater-der-vorhang-geht-auf\/#breadcrumb"},"inLanguage":"de-AT","potentialAction":[{"@type":"ReadAction","target":["https:\/\/bglilienfeld.ac.at\/cms_wordpress\/2025\/10\/29\/theater-theater-der-vorhang-geht-auf\/"]}]},{"@type":"ImageObject","inLanguage":"de-AT","@id":"https:\/\/bglilienfeld.ac.at\/cms_wordpress\/2025\/10\/29\/theater-theater-der-vorhang-geht-auf\/#primaryimage","url":"https:\/\/bglilienfeld.ac.at\/cms_wordpress\/wp-content\/uploads\/2025\/10\/Landestheater-2025-Vorschau.jpg","contentUrl":"https:\/\/bglilienfeld.ac.at\/cms_wordpress\/wp-content\/uploads\/2025\/10\/Landestheater-2025-Vorschau.jpg","width":400,"height":400},{"@type":"BreadcrumbList","@id":"https:\/\/bglilienfeld.ac.at\/cms_wordpress\/2025\/10\/29\/theater-theater-der-vorhang-geht-auf\/#breadcrumb","itemListElement":[{"@type":"ListItem","position":1,"name":"Startseite","item":"https:\/\/bglilienfeld.ac.at\/cms_wordpress\/"},{"@type":"ListItem","position":2,"name":"Theater, Theater \u2013 der Vorhang geht auf!"}]},{"@type":"WebSite","@id":"https:\/\/bglilienfeld.ac.at\/cms_wordpress\/#website","url":"https:\/\/bglilienfeld.ac.at\/cms_wordpress\/","name":"BG BRG Lilienfeld","description":"Der sinnvollste Zeitvertreib bis zum Wochenende","potentialAction":[{"@type":"SearchAction","target":{"@type":"EntryPoint","urlTemplate":"https:\/\/bglilienfeld.ac.at\/cms_wordpress\/?s={search_term_string}"},"query-input":{"@type":"PropertyValueSpecification","valueRequired":true,"valueName":"search_term_string"}}],"inLanguage":"de-AT"},{"@type":"Person","@id":"https:\/\/bglilienfeld.ac.at\/cms_wordpress\/#\/schema\/person\/1fc3b0a4d15763b2861caab628f949d2","name":"Administrator","image":{"@type":"ImageObject","inLanguage":"de-AT","@id":"https:\/\/secure.gravatar.com\/avatar\/34b16fabf25b85f6dfca598572b49f1550123dcf6257a2b930d87eaa672d255c?s=96&d=mm&r=g","url":"https:\/\/secure.gravatar.com\/avatar\/34b16fabf25b85f6dfca598572b49f1550123dcf6257a2b930d87eaa672d255c?s=96&d=mm&r=g","contentUrl":"https:\/\/secure.gravatar.com\/avatar\/34b16fabf25b85f6dfca598572b49f1550123dcf6257a2b930d87eaa672d255c?s=96&d=mm&r=g","caption":"Administrator"},"url":"https:\/\/bglilienfeld.ac.at\/cms_wordpress\/author\/administrator\/"}]}},"_links":{"self":[{"href":"https:\/\/bglilienfeld.ac.at\/cms_wordpress\/wp-json\/wp\/v2\/posts\/4291","targetHints":{"allow":["GET"]}}],"collection":[{"href":"https:\/\/bglilienfeld.ac.at\/cms_wordpress\/wp-json\/wp\/v2\/posts"}],"about":[{"href":"https:\/\/bglilienfeld.ac.at\/cms_wordpress\/wp-json\/wp\/v2\/types\/post"}],"author":[{"embeddable":true,"href":"https:\/\/bglilienfeld.ac.at\/cms_wordpress\/wp-json\/wp\/v2\/users\/1"}],"replies":[{"embeddable":true,"href":"https:\/\/bglilienfeld.ac.at\/cms_wordpress\/wp-json\/wp\/v2\/comments?post=4291"}],"version-history":[{"count":2,"href":"https:\/\/bglilienfeld.ac.at\/cms_wordpress\/wp-json\/wp\/v2\/posts\/4291\/revisions"}],"predecessor-version":[{"id":4302,"href":"https:\/\/bglilienfeld.ac.at\/cms_wordpress\/wp-json\/wp\/v2\/posts\/4291\/revisions\/4302"}],"wp:featuredmedia":[{"embeddable":true,"href":"https:\/\/bglilienfeld.ac.at\/cms_wordpress\/wp-json\/wp\/v2\/media\/4300"}],"wp:attachment":[{"href":"https:\/\/bglilienfeld.ac.at\/cms_wordpress\/wp-json\/wp\/v2\/media?parent=4291"}],"wp:term":[{"taxonomy":"category","embeddable":true,"href":"https:\/\/bglilienfeld.ac.at\/cms_wordpress\/wp-json\/wp\/v2\/categories?post=4291"},{"taxonomy":"post_tag","embeddable":true,"href":"https:\/\/bglilienfeld.ac.at\/cms_wordpress\/wp-json\/wp\/v2\/tags?post=4291"}],"curies":[{"name":"wp","href":"https:\/\/api.w.org\/{rel}","templated":true}]}}