{"id":4587,"date":"2026-03-09T15:34:24","date_gmt":"2026-03-09T14:34:24","guid":{"rendered":"https:\/\/bglilienfeld.ac.at\/cms_wordpress\/?p=4587"},"modified":"2026-03-09T15:36:35","modified_gmt":"2026-03-09T14:36:35","slug":"rueckblick-auf-die-sprachreise-nach-irland-der-7a","status":"publish","type":"post","link":"https:\/\/bglilienfeld.ac.at\/cms_wordpress\/2026\/03\/09\/rueckblick-auf-die-sprachreise-nach-irland-der-7a\/","title":{"rendered":"R\u00fcckblick auf die Sprachreise nach Irland der 7A"},"content":{"rendered":"\n<p>Die 7A war vom 11. bis 18. Februar 2026 in Irland auf Sprachreise. Die Sch\u00fclerinnen und Sch\u00fcler hatten die Gelegenheit, ihre Sprachkenntnisse an der renommierten Sprachschule&nbsp;<strong>Active Language Learning&nbsp;<\/strong>zu vertiefen, w\u00e4hrend sie in netten Gastfamilien lebten, die ihnen einen authentischen Einblick in das irische Leben gaben.<\/p>\n\n\n\n<p>Die Reise bot zahlreiche spannende Ausfl\u00fcge in die atemberaubende Umgebung. Besonders die Besuche in Glendalough, den beeindruckenden Powerscourt Gardens und dem charmanten Fischerdorf Howth waren unvergesslich.&nbsp;<\/p>\n\n\n\n<p>In Dublin gab es Einblicke in die irische Geschichte bei einer interessanten Stadtf\u00fchrung mit einem Studenten des Trinity College und dem Besuch des historischen Jeanie Johnston Schiffs. Ein weiteres Highlight war die lustige Tanzstunde im traditionellen irischen Tanzen.<\/p>\n\n\n\n<p>Trotz des wechselhaften Wetters \u2013 ein wenig Regen und auch Sonnenschein \u2013 genossen alle die Ausfl\u00fcge sowie das f\u00fcr manche vielleicht \u00fcberraschend gute irische Essen, darunter die ber\u00fchmten \u201efish and chips\u201c.&nbsp;<\/p>\n\n\n\n<p>Die Sprachreise, organisiert von<strong>&nbsp;Cooltours<\/strong>&nbsp;Graz, war ein voller Erfolg und hinterlie\u00df bei allen Teilnehmerinnen viele sch\u00f6ne Erinnerungen!<\/p>\n\n\n\nngg_shortcode_0_placeholder\n\n\n\n<p><\/p>\n\n\n\n<p><\/p>\n","protected":false},"excerpt":{"rendered":"<p>Die 7A war vom 11. bis 18. Februar 2026 in Irland auf Sprachreise. Die Sch\u00fclerinnen und Sch\u00fcler hatten die Gelegenheit, ihre Sprachkenntnisse an der renommierten Sprachschule&nbsp;Active Language Learning&nbsp;zu vertiefen, w\u00e4hrend sie in netten Gastfamilien lebten, die ihnen einen authentischen Einblick in das irische Leben gaben. Die Reise bot zahlreiche spannende Ausfl\u00fcge in die atemberaubende Umgebung. Besonders die Besuche in Glendalough, &hellip; <a href=\"https:\/\/bglilienfeld.ac.at\/cms_wordpress\/2026\/03\/09\/rueckblick-auf-die-sprachreise-nach-irland-der-7a\/\" class=\"more-link\">Continue reading<span class=\"screen-reader-text\"> &#8222;R\u00fcckblick auf die Sprachreise nach Irland der 7A&#8220;<\/span><\/a><\/p>\n","protected":false},"author":1,"featured_media":4607,"comment_status":"closed","ping_status":"closed","sticky":false,"template":"","format":"standard","meta":{"ngg_post_thumbnail":0,"footnotes":""},"categories":[1],"tags":[],"class_list":["post-4587","post","type-post","status-publish","format-standard","has-post-thumbnail","hentry","category-allgemein"],"yoast_head":"<!-- This site is optimized with the Yoast SEO plugin v27.5 - https:\/\/yoast.com\/product\/yoast-seo-wordpress\/ -->\n<title>R\u00fcckblick auf die Sprachreise nach Irland der 7A - BG BRG Lilienfeld<\/title>\n<meta name=\"robots\" content=\"index, follow, max-snippet:-1, max-image-preview:large, max-video-preview:-1\" \/>\n<link rel=\"canonical\" href=\"https:\/\/bglilienfeld.ac.at\/cms_wordpress\/2026\/03\/09\/rueckblick-auf-die-sprachreise-nach-irland-der-7a\/\" \/>\n<meta property=\"og:locale\" content=\"de_DE\" \/>\n<meta property=\"og:type\" content=\"article\" \/>\n<meta property=\"og:title\" content=\"R\u00fcckblick auf die Sprachreise nach Irland der 7A - BG BRG Lilienfeld\" \/>\n<meta property=\"og:description\" content=\"Die 7A war vom 11. bis 18. Februar 2026 in Irland auf Sprachreise. Die Sch\u00fclerinnen und Sch\u00fcler hatten die Gelegenheit, ihre Sprachkenntnisse an der renommierten Sprachschule&nbsp;Active Language Learning&nbsp;zu vertiefen, w\u00e4hrend sie in netten Gastfamilien lebten, die ihnen einen authentischen Einblick in das irische Leben gaben. Die Reise bot zahlreiche spannende Ausfl\u00fcge in die atemberaubende Umgebung. Besonders die Besuche in Glendalough, &hellip; Continue reading &quot;R\u00fcckblick auf die Sprachreise nach Irland der 7A&quot;\" \/>\n<meta property=\"og:url\" content=\"https:\/\/bglilienfeld.ac.at\/cms_wordpress\/2026\/03\/09\/rueckblick-auf-die-sprachreise-nach-irland-der-7a\/\" \/>\n<meta property=\"og:site_name\" content=\"BG BRG Lilienfeld\" \/>\n<meta property=\"article:publisher\" content=\"https:\/\/facebook.com\/martin.komar.9081\" \/>\n<meta property=\"article:published_time\" content=\"2026-03-09T14:34:24+00:00\" \/>\n<meta property=\"article:modified_time\" content=\"2026-03-09T14:36:35+00:00\" \/>\n<meta property=\"og:image\" content=\"https:\/\/bglilienfeld.ac.at\/cms_wordpress\/wp-content\/uploads\/2026\/03\/Irlandreise-2026-Vorschau.jpg\" \/>\n\t<meta property=\"og:image:width\" content=\"400\" \/>\n\t<meta property=\"og:image:height\" content=\"400\" \/>\n\t<meta property=\"og:image:type\" content=\"image\/jpeg\" \/>\n<meta name=\"author\" content=\"Administrator\" \/>\n<meta name=\"twitter:card\" content=\"summary_large_image\" \/>\n<meta name=\"twitter:label1\" content=\"Verfasst von\" \/>\n\t<meta name=\"twitter:data1\" content=\"Administrator\" \/>\n\t<meta name=\"twitter:label2\" content=\"Gesch\u00e4tzte Lesezeit\" \/>\n\t<meta name=\"twitter:data2\" content=\"2 Minuten\" \/>\n<script type=\"application\/ld+json\" class=\"yoast-schema-graph\">{\"@context\":\"https:\\\/\\\/schema.org\",\"@graph\":[{\"@type\":\"Article\",\"@id\":\"https:\\\/\\\/bglilienfeld.ac.at\\\/cms_wordpress\\\/2026\\\/03\\\/09\\\/rueckblick-auf-die-sprachreise-nach-irland-der-7a\\\/#article\",\"isPartOf\":{\"@id\":\"https:\\\/\\\/bglilienfeld.ac.at\\\/cms_wordpress\\\/2026\\\/03\\\/09\\\/rueckblick-auf-die-sprachreise-nach-irland-der-7a\\\/\"},\"author\":{\"name\":\"Administrator\",\"@id\":\"https:\\\/\\\/bglilienfeld.ac.at\\\/cms_wordpress\\\/#\\\/schema\\\/person\\\/1fc3b0a4d15763b2861caab628f949d2\"},\"headline\":\"R\u00fcckblick auf die Sprachreise nach Irland der 7A\",\"datePublished\":\"2026-03-09T14:34:24+00:00\",\"dateModified\":\"2026-03-09T14:36:35+00:00\",\"mainEntityOfPage\":{\"@id\":\"https:\\\/\\\/bglilienfeld.ac.at\\\/cms_wordpress\\\/2026\\\/03\\\/09\\\/rueckblick-auf-die-sprachreise-nach-irland-der-7a\\\/\"},\"wordCount\":188,\"image\":{\"@id\":\"https:\\\/\\\/bglilienfeld.ac.at\\\/cms_wordpress\\\/2026\\\/03\\\/09\\\/rueckblick-auf-die-sprachreise-nach-irland-der-7a\\\/#primaryimage\"},\"thumbnailUrl\":\"https:\\\/\\\/bglilienfeld.ac.at\\\/cms_wordpress\\\/wp-content\\\/uploads\\\/2026\\\/03\\\/Irlandreise-2026-Vorschau.jpg\",\"inLanguage\":\"de-AT\"},{\"@type\":\"WebPage\",\"@id\":\"https:\\\/\\\/bglilienfeld.ac.at\\\/cms_wordpress\\\/2026\\\/03\\\/09\\\/rueckblick-auf-die-sprachreise-nach-irland-der-7a\\\/\",\"url\":\"https:\\\/\\\/bglilienfeld.ac.at\\\/cms_wordpress\\\/2026\\\/03\\\/09\\\/rueckblick-auf-die-sprachreise-nach-irland-der-7a\\\/\",\"name\":\"R\u00fcckblick auf die Sprachreise nach Irland der 7A - BG BRG Lilienfeld\",\"isPartOf\":{\"@id\":\"https:\\\/\\\/bglilienfeld.ac.at\\\/cms_wordpress\\\/#website\"},\"primaryImageOfPage\":{\"@id\":\"https:\\\/\\\/bglilienfeld.ac.at\\\/cms_wordpress\\\/2026\\\/03\\\/09\\\/rueckblick-auf-die-sprachreise-nach-irland-der-7a\\\/#primaryimage\"},\"image\":{\"@id\":\"https:\\\/\\\/bglilienfeld.ac.at\\\/cms_wordpress\\\/2026\\\/03\\\/09\\\/rueckblick-auf-die-sprachreise-nach-irland-der-7a\\\/#primaryimage\"},\"thumbnailUrl\":\"https:\\\/\\\/bglilienfeld.ac.at\\\/cms_wordpress\\\/wp-content\\\/uploads\\\/2026\\\/03\\\/Irlandreise-2026-Vorschau.jpg\",\"datePublished\":\"2026-03-09T14:34:24+00:00\",\"dateModified\":\"2026-03-09T14:36:35+00:00\",\"author\":{\"@id\":\"https:\\\/\\\/bglilienfeld.ac.at\\\/cms_wordpress\\\/#\\\/schema\\\/person\\\/1fc3b0a4d15763b2861caab628f949d2\"},\"breadcrumb\":{\"@id\":\"https:\\\/\\\/bglilienfeld.ac.at\\\/cms_wordpress\\\/2026\\\/03\\\/09\\\/rueckblick-auf-die-sprachreise-nach-irland-der-7a\\\/#breadcrumb\"},\"inLanguage\":\"de-AT\",\"potentialAction\":[{\"@type\":\"ReadAction\",\"target\":[\"https:\\\/\\\/bglilienfeld.ac.at\\\/cms_wordpress\\\/2026\\\/03\\\/09\\\/rueckblick-auf-die-sprachreise-nach-irland-der-7a\\\/\"]}]},{\"@type\":\"ImageObject\",\"inLanguage\":\"de-AT\",\"@id\":\"https:\\\/\\\/bglilienfeld.ac.at\\\/cms_wordpress\\\/2026\\\/03\\\/09\\\/rueckblick-auf-die-sprachreise-nach-irland-der-7a\\\/#primaryimage\",\"url\":\"https:\\\/\\\/bglilienfeld.ac.at\\\/cms_wordpress\\\/wp-content\\\/uploads\\\/2026\\\/03\\\/Irlandreise-2026-Vorschau.jpg\",\"contentUrl\":\"https:\\\/\\\/bglilienfeld.ac.at\\\/cms_wordpress\\\/wp-content\\\/uploads\\\/2026\\\/03\\\/Irlandreise-2026-Vorschau.jpg\",\"width\":400,\"height\":400},{\"@type\":\"BreadcrumbList\",\"@id\":\"https:\\\/\\\/bglilienfeld.ac.at\\\/cms_wordpress\\\/2026\\\/03\\\/09\\\/rueckblick-auf-die-sprachreise-nach-irland-der-7a\\\/#breadcrumb\",\"itemListElement\":[{\"@type\":\"ListItem\",\"position\":1,\"name\":\"Startseite\",\"item\":\"https:\\\/\\\/bglilienfeld.ac.at\\\/cms_wordpress\\\/\"},{\"@type\":\"ListItem\",\"position\":2,\"name\":\"R\u00fcckblick auf die Sprachreise nach Irland der 7A\"}]},{\"@type\":\"WebSite\",\"@id\":\"https:\\\/\\\/bglilienfeld.ac.at\\\/cms_wordpress\\\/#website\",\"url\":\"https:\\\/\\\/bglilienfeld.ac.at\\\/cms_wordpress\\\/\",\"name\":\"BG BRG Lilienfeld\",\"description\":\"Der sinnvollste Zeitvertreib bis zum Wochenende\",\"potentialAction\":[{\"@type\":\"SearchAction\",\"target\":{\"@type\":\"EntryPoint\",\"urlTemplate\":\"https:\\\/\\\/bglilienfeld.ac.at\\\/cms_wordpress\\\/?s={search_term_string}\"},\"query-input\":{\"@type\":\"PropertyValueSpecification\",\"valueRequired\":true,\"valueName\":\"search_term_string\"}}],\"inLanguage\":\"de-AT\"},{\"@type\":\"Person\",\"@id\":\"https:\\\/\\\/bglilienfeld.ac.at\\\/cms_wordpress\\\/#\\\/schema\\\/person\\\/1fc3b0a4d15763b2861caab628f949d2\",\"name\":\"Administrator\",\"image\":{\"@type\":\"ImageObject\",\"inLanguage\":\"de-AT\",\"@id\":\"https:\\\/\\\/secure.gravatar.com\\\/avatar\\\/34b16fabf25b85f6dfca598572b49f1550123dcf6257a2b930d87eaa672d255c?s=96&d=mm&r=g\",\"url\":\"https:\\\/\\\/secure.gravatar.com\\\/avatar\\\/34b16fabf25b85f6dfca598572b49f1550123dcf6257a2b930d87eaa672d255c?s=96&d=mm&r=g\",\"contentUrl\":\"https:\\\/\\\/secure.gravatar.com\\\/avatar\\\/34b16fabf25b85f6dfca598572b49f1550123dcf6257a2b930d87eaa672d255c?s=96&d=mm&r=g\",\"caption\":\"Administrator\"},\"url\":\"https:\\\/\\\/bglilienfeld.ac.at\\\/cms_wordpress\\\/author\\\/administrator\\\/\"}]}<\/script>\n<!-- \/ Yoast SEO plugin. -->","yoast_head_json":{"title":"R\u00fcckblick auf die Sprachreise nach Irland der 7A - BG BRG Lilienfeld","robots":{"index":"index","follow":"follow","max-snippet":"max-snippet:-1","max-image-preview":"max-image-preview:large","max-video-preview":"max-video-preview:-1"},"canonical":"https:\/\/bglilienfeld.ac.at\/cms_wordpress\/2026\/03\/09\/rueckblick-auf-die-sprachreise-nach-irland-der-7a\/","og_locale":"de_DE","og_type":"article","og_title":"R\u00fcckblick auf die Sprachreise nach Irland der 7A - BG BRG Lilienfeld","og_description":"Die 7A war vom 11. bis 18. Februar 2026 in Irland auf Sprachreise. Die Sch\u00fclerinnen und Sch\u00fcler hatten die Gelegenheit, ihre Sprachkenntnisse an der renommierten Sprachschule&nbsp;Active Language Learning&nbsp;zu vertiefen, w\u00e4hrend sie in netten Gastfamilien lebten, die ihnen einen authentischen Einblick in das irische Leben gaben. Die Reise bot zahlreiche spannende Ausfl\u00fcge in die atemberaubende Umgebung. Besonders die Besuche in Glendalough, &hellip; Continue reading \"R\u00fcckblick auf die Sprachreise nach Irland der 7A\"","og_url":"https:\/\/bglilienfeld.ac.at\/cms_wordpress\/2026\/03\/09\/rueckblick-auf-die-sprachreise-nach-irland-der-7a\/","og_site_name":"BG BRG Lilienfeld","article_publisher":"https:\/\/facebook.com\/martin.komar.9081","article_published_time":"2026-03-09T14:34:24+00:00","article_modified_time":"2026-03-09T14:36:35+00:00","og_image":[{"width":400,"height":400,"url":"https:\/\/bglilienfeld.ac.at\/cms_wordpress\/wp-content\/uploads\/2026\/03\/Irlandreise-2026-Vorschau.jpg","type":"image\/jpeg"}],"author":"Administrator","twitter_card":"summary_large_image","twitter_misc":{"Verfasst von":"Administrator","Gesch\u00e4tzte Lesezeit":"2 Minuten"},"schema":{"@context":"https:\/\/schema.org","@graph":[{"@type":"Article","@id":"https:\/\/bglilienfeld.ac.at\/cms_wordpress\/2026\/03\/09\/rueckblick-auf-die-sprachreise-nach-irland-der-7a\/#article","isPartOf":{"@id":"https:\/\/bglilienfeld.ac.at\/cms_wordpress\/2026\/03\/09\/rueckblick-auf-die-sprachreise-nach-irland-der-7a\/"},"author":{"name":"Administrator","@id":"https:\/\/bglilienfeld.ac.at\/cms_wordpress\/#\/schema\/person\/1fc3b0a4d15763b2861caab628f949d2"},"headline":"R\u00fcckblick auf die Sprachreise nach Irland der 7A","datePublished":"2026-03-09T14:34:24+00:00","dateModified":"2026-03-09T14:36:35+00:00","mainEntityOfPage":{"@id":"https:\/\/bglilienfeld.ac.at\/cms_wordpress\/2026\/03\/09\/rueckblick-auf-die-sprachreise-nach-irland-der-7a\/"},"wordCount":188,"image":{"@id":"https:\/\/bglilienfeld.ac.at\/cms_wordpress\/2026\/03\/09\/rueckblick-auf-die-sprachreise-nach-irland-der-7a\/#primaryimage"},"thumbnailUrl":"https:\/\/bglilienfeld.ac.at\/cms_wordpress\/wp-content\/uploads\/2026\/03\/Irlandreise-2026-Vorschau.jpg","inLanguage":"de-AT"},{"@type":"WebPage","@id":"https:\/\/bglilienfeld.ac.at\/cms_wordpress\/2026\/03\/09\/rueckblick-auf-die-sprachreise-nach-irland-der-7a\/","url":"https:\/\/bglilienfeld.ac.at\/cms_wordpress\/2026\/03\/09\/rueckblick-auf-die-sprachreise-nach-irland-der-7a\/","name":"R\u00fcckblick auf die Sprachreise nach Irland der 7A - BG BRG Lilienfeld","isPartOf":{"@id":"https:\/\/bglilienfeld.ac.at\/cms_wordpress\/#website"},"primaryImageOfPage":{"@id":"https:\/\/bglilienfeld.ac.at\/cms_wordpress\/2026\/03\/09\/rueckblick-auf-die-sprachreise-nach-irland-der-7a\/#primaryimage"},"image":{"@id":"https:\/\/bglilienfeld.ac.at\/cms_wordpress\/2026\/03\/09\/rueckblick-auf-die-sprachreise-nach-irland-der-7a\/#primaryimage"},"thumbnailUrl":"https:\/\/bglilienfeld.ac.at\/cms_wordpress\/wp-content\/uploads\/2026\/03\/Irlandreise-2026-Vorschau.jpg","datePublished":"2026-03-09T14:34:24+00:00","dateModified":"2026-03-09T14:36:35+00:00","author":{"@id":"https:\/\/bglilienfeld.ac.at\/cms_wordpress\/#\/schema\/person\/1fc3b0a4d15763b2861caab628f949d2"},"breadcrumb":{"@id":"https:\/\/bglilienfeld.ac.at\/cms_wordpress\/2026\/03\/09\/rueckblick-auf-die-sprachreise-nach-irland-der-7a\/#breadcrumb"},"inLanguage":"de-AT","potentialAction":[{"@type":"ReadAction","target":["https:\/\/bglilienfeld.ac.at\/cms_wordpress\/2026\/03\/09\/rueckblick-auf-die-sprachreise-nach-irland-der-7a\/"]}]},{"@type":"ImageObject","inLanguage":"de-AT","@id":"https:\/\/bglilienfeld.ac.at\/cms_wordpress\/2026\/03\/09\/rueckblick-auf-die-sprachreise-nach-irland-der-7a\/#primaryimage","url":"https:\/\/bglilienfeld.ac.at\/cms_wordpress\/wp-content\/uploads\/2026\/03\/Irlandreise-2026-Vorschau.jpg","contentUrl":"https:\/\/bglilienfeld.ac.at\/cms_wordpress\/wp-content\/uploads\/2026\/03\/Irlandreise-2026-Vorschau.jpg","width":400,"height":400},{"@type":"BreadcrumbList","@id":"https:\/\/bglilienfeld.ac.at\/cms_wordpress\/2026\/03\/09\/rueckblick-auf-die-sprachreise-nach-irland-der-7a\/#breadcrumb","itemListElement":[{"@type":"ListItem","position":1,"name":"Startseite","item":"https:\/\/bglilienfeld.ac.at\/cms_wordpress\/"},{"@type":"ListItem","position":2,"name":"R\u00fcckblick auf die Sprachreise nach Irland der 7A"}]},{"@type":"WebSite","@id":"https:\/\/bglilienfeld.ac.at\/cms_wordpress\/#website","url":"https:\/\/bglilienfeld.ac.at\/cms_wordpress\/","name":"BG BRG Lilienfeld","description":"Der sinnvollste Zeitvertreib bis zum Wochenende","potentialAction":[{"@type":"SearchAction","target":{"@type":"EntryPoint","urlTemplate":"https:\/\/bglilienfeld.ac.at\/cms_wordpress\/?s={search_term_string}"},"query-input":{"@type":"PropertyValueSpecification","valueRequired":true,"valueName":"search_term_string"}}],"inLanguage":"de-AT"},{"@type":"Person","@id":"https:\/\/bglilienfeld.ac.at\/cms_wordpress\/#\/schema\/person\/1fc3b0a4d15763b2861caab628f949d2","name":"Administrator","image":{"@type":"ImageObject","inLanguage":"de-AT","@id":"https:\/\/secure.gravatar.com\/avatar\/34b16fabf25b85f6dfca598572b49f1550123dcf6257a2b930d87eaa672d255c?s=96&d=mm&r=g","url":"https:\/\/secure.gravatar.com\/avatar\/34b16fabf25b85f6dfca598572b49f1550123dcf6257a2b930d87eaa672d255c?s=96&d=mm&r=g","contentUrl":"https:\/\/secure.gravatar.com\/avatar\/34b16fabf25b85f6dfca598572b49f1550123dcf6257a2b930d87eaa672d255c?s=96&d=mm&r=g","caption":"Administrator"},"url":"https:\/\/bglilienfeld.ac.at\/cms_wordpress\/author\/administrator\/"}]}},"_links":{"self":[{"href":"https:\/\/bglilienfeld.ac.at\/cms_wordpress\/wp-json\/wp\/v2\/posts\/4587","targetHints":{"allow":["GET"]}}],"collection":[{"href":"https:\/\/bglilienfeld.ac.at\/cms_wordpress\/wp-json\/wp\/v2\/posts"}],"about":[{"href":"https:\/\/bglilienfeld.ac.at\/cms_wordpress\/wp-json\/wp\/v2\/types\/post"}],"author":[{"embeddable":true,"href":"https:\/\/bglilienfeld.ac.at\/cms_wordpress\/wp-json\/wp\/v2\/users\/1"}],"replies":[{"embeddable":true,"href":"https:\/\/bglilienfeld.ac.at\/cms_wordpress\/wp-json\/wp\/v2\/comments?post=4587"}],"version-history":[{"count":1,"href":"https:\/\/bglilienfeld.ac.at\/cms_wordpress\/wp-json\/wp\/v2\/posts\/4587\/revisions"}],"predecessor-version":[{"id":4605,"href":"https:\/\/bglilienfeld.ac.at\/cms_wordpress\/wp-json\/wp\/v2\/posts\/4587\/revisions\/4605"}],"wp:featuredmedia":[{"embeddable":true,"href":"https:\/\/bglilienfeld.ac.at\/cms_wordpress\/wp-json\/wp\/v2\/media\/4607"}],"wp:attachment":[{"href":"https:\/\/bglilienfeld.ac.at\/cms_wordpress\/wp-json\/wp\/v2\/media?parent=4587"}],"wp:term":[{"taxonomy":"category","embeddable":true,"href":"https:\/\/bglilienfeld.ac.at\/cms_wordpress\/wp-json\/wp\/v2\/categories?post=4587"},{"taxonomy":"post_tag","embeddable":true,"href":"https:\/\/bglilienfeld.ac.at\/cms_wordpress\/wp-json\/wp\/v2\/tags?post=4587"}],"curies":[{"name":"wp","href":"https:\/\/api.w.org\/{rel}","templated":true}]}}